{"id":13777,"date":"2022-01-14T15:13:54","date_gmt":"2022-01-14T15:13:54","guid":{"rendered":"http:\/\/www.pasadenahoy.com\/primero\/?p=13777"},"modified":"2022-01-14T15:13:55","modified_gmt":"2022-01-14T15:13:55","slug":"coalicion-de-la-comunidad-mlk-de-pasadena-para-honrar-el-legado-y-la-vida-del-dr-king-en-un-evento-virtual","status":"publish","type":"post","link":"http:\/\/www.pasadenahoy.com\/primero\/la-comunidad\/coalicion-de-la-comunidad-mlk-de-pasadena-para-honrar-el-legado-y-la-vida-del-dr-king-en-un-evento-virtual\/","title":{"rendered":"Coalici\u00f3n de la comunidad MLK de Pasadena para honrar el legado y la vida del Dr. King en un evento virtual"},"content":{"rendered":"\n<figure class=\"wp-block-image alignnone size-large\"><figure class=\"alignnone\"><img loading=\"lazy\" width=\"700\" height=\"378\" src=\"http:\/\/www.pasadenahoy.com\/primero\/wp-content\/uploads\/2022\/01\/pic-5-7.jpg\" alt=\"\" class=\"wp-image-13778\" srcset=\"http:\/\/www.pasadenahoy.com\/primero\/wp-content\/uploads\/2022\/01\/pic-5-7.jpg 700w, http:\/\/www.pasadenahoy.com\/primero\/wp-content\/uploads\/2022\/01\/pic-5-7-300x162.jpg 300w, http:\/\/www.pasadenahoy.com\/primero\/wp-content\/uploads\/2022\/01\/pic-5-7-241x130.jpg 241w, http:\/\/www.pasadenahoy.com\/primero\/wp-content\/uploads\/2022\/01\/pic-5-7-333x180.jpg 333w, http:\/\/www.pasadenahoy.com\/primero\/wp-content\/uploads\/2022\/01\/pic-5-7-360x194.jpg 360w\" sizes=\"100vw\" \/><figcaption><span class=\"caption-text\">\u201cYour Vote is the Last Pierce of the Puzzle\u201d, una entrada de arte ganadora del primer lugar de Keira Kwan en un concurso anterior de Pasadena MLK Community Coalition. [Foto cortes\u00eda]<\/span><\/figcaption><\/figure><\/figure>\n\n\n\n<p>La Coalici\u00f3n Comunitaria Martin Luther King (MLK) de Pasadena realizar\u00e1 una celebraci\u00f3n virtual este lunes 17 de enero para honrar la vida y el legado del l\u00edder estadounidense de derechos civiles, el Dr. Martin Luther King Jr.<\/p>\n\n\n\n<p>Este es el segundo a\u00f1o que la coalici\u00f3n producir\u00e1 el evento virtualmente.<\/p>\n\n\n\n<p>La celebraci\u00f3n se transmitir\u00e1 en vivo en el canal de YouTube de Pasadena MLK Community Coalition a las 10 a.m.<\/p>\n\n\n\n<p>En declaraciones a Pasadena Now, Denise Jones, miembro de la junta directiva de la Coalici\u00f3n, dijo que el tema de este a\u00f1o para el evento virtual es &#8220;En una encrucijada: \u00bfa d\u00f3nde vamos desde aqu\u00ed: caos o comunidad?&#8221;<\/p>\n\n\n\n<p>Jones explic\u00f3 el tema.<\/p>\n\n\n\n<p>\u201cA ra\u00edz de la \u00faltima administraci\u00f3n nacional y los sucesos de conflictos raciales, as\u00ed como las disparidades econ\u00f3micas, quer\u00edamos esperar terminar con el caos y trabajar como comunidad, como expuso el Dr. King en sus discursos\u201d, dijo Jones.<\/p>\n\n\n\n<p>Lo m\u00e1s destacado de la celebraci\u00f3n del D\u00eda de MLK es la presentaci\u00f3n de las presentaciones de los estudiantes para el concurso de arte y ensayo de la coalici\u00f3n.<\/p>\n\n\n\n<p>Jones dijo que los ensayos escritos por los primeros clasificados de la escuela primaria, secundaria y preparatoria se leer\u00e1n durante el evento. Tambi\u00e9n habr\u00e1 una exhibici\u00f3n de las obras de los primeros ganadores del concurso de arte.<\/p>\n\n\n\n<p>Seg\u00fan Jones, la presidenta de la Junta, la Dra. Jackie Jacobs, y algunos funcionarios electos de la ciudad se unir\u00e1n al evento para saludar a los asistentes y compartir sus impresiones sobre el impacto del Dr. King.<\/p>\n\n\n\n<p>Durante los \u00faltimos 34 a\u00f1os, la coalici\u00f3n ha estado patrocinando el concurso de ensayos y arte para estudiantes de primaria y secundaria para resaltar los dones y talentos de la juventud local.<\/p>\n\n\n\n<p>Su misi\u00f3n es educar, servir e inspirar a los estudiantes para mantener vivo el sue\u00f1o del Dr. King.<\/p>\n","protected":false},"excerpt":{"rendered":"<p>La Coalici\u00f3n Comunitaria Martin Luther King (MLK) de Pasadena realizar\u00e1 una celebraci\u00f3n virtual este lunes 17 de enero para honrar la vida y el legado del l\u00edder estadounidense de derechos civiles, el Dr. Martin Luther King Jr. Este es el segundo a\u00f1o que la coalici\u00f3n producir\u00e1 el evento virtualmente. La celebraci\u00f3n se transmitir\u00e1 en vivo en el canal de YouTube de Pasadena MLK Community Coalition a las 10 a.m. En declaraciones a Pasadena Now, Denise Jones, miembro de la junta [&hellip;]<\/p>\n","protected":false},"author":4,"featured_media":0,"comment_status":"open","ping_status":"closed","sticky":false,"template":"","format":"standard","meta":[],"categories":[4],"tags":[],"acf":[],"_links":{"self":[{"href":"http:\/\/www.pasadenahoy.com\/primero\/wp-json\/wp\/v2\/posts\/13777"}],"collection":[{"href":"http:\/\/www.pasadenahoy.com\/primero\/wp-json\/wp\/v2\/posts"}],"about":[{"href":"http:\/\/www.pasadenahoy.com\/primero\/wp-json\/wp\/v2\/types\/post"}],"author":[{"embeddable":true,"href":"http:\/\/www.pasadenahoy.com\/primero\/wp-json\/wp\/v2\/users\/4"}],"replies":[{"embeddable":true,"href":"http:\/\/www.pasadenahoy.com\/primero\/wp-json\/wp\/v2\/comments?post=13777"}],"version-history":[{"count":2,"href":"http:\/\/www.pasadenahoy.com\/primero\/wp-json\/wp\/v2\/posts\/13777\/revisions"}],"predecessor-version":[{"id":13780,"href":"http:\/\/www.pasadenahoy.com\/primero\/wp-json\/wp\/v2\/posts\/13777\/revisions\/13780"}],"wp:attachment":[{"href":"http:\/\/www.pasadenahoy.com\/primero\/wp-json\/wp\/v2\/media?parent=13777"}],"wp:term":[{"taxonomy":"category","embeddable":true,"href":"http:\/\/www.pasadenahoy.com\/primero\/wp-json\/wp\/v2\/categories?post=13777"},{"taxonomy":"post_tag","embeddable":true,"href":"http:\/\/www.pasadenahoy.com\/primero\/wp-json\/wp\/v2\/tags?post=13777"}],"curies":[{"name":"wp","href":"https:\/\/api.w.org\/{rel}","templated":true}]}}