{"id":13781,"date":"2022-01-14T15:18:30","date_gmt":"2022-01-14T15:18:30","guid":{"rendered":"http:\/\/www.pasadenahoy.com\/primero\/?p=13781"},"modified":"2022-01-14T15:18:31","modified_gmt":"2022-01-14T15:18:31","slug":"newsom-anula-la-libertad-condicional-del-ex-residente-de-pasadena-sirhan-sirhan-en-el-asesinato-de-kennedy","status":"publish","type":"post","link":"http:\/\/www.pasadenahoy.com\/primero\/la-comunidad\/newsom-anula-la-libertad-condicional-del-ex-residente-de-pasadena-sirhan-sirhan-en-el-asesinato-de-kennedy\/","title":{"rendered":"Newsom anula la libertad condicional del ex residente de Pasadena Sirhan Sirhan en el asesinato de Kennedy"},"content":{"rendered":"\n<figure class=\"wp-block-image alignnone size-large\"><figure class=\"alignnone\"><img loading=\"lazy\" width=\"700\" height=\"378\" src=\"http:\/\/www.pasadenahoy.com\/primero\/wp-content\/uploads\/2022\/01\/pic-6-4.jpg\" alt=\"\" class=\"wp-image-13782\" srcset=\"http:\/\/www.pasadenahoy.com\/primero\/wp-content\/uploads\/2022\/01\/pic-6-4.jpg 700w, http:\/\/www.pasadenahoy.com\/primero\/wp-content\/uploads\/2022\/01\/pic-6-4-300x162.jpg 300w, http:\/\/www.pasadenahoy.com\/primero\/wp-content\/uploads\/2022\/01\/pic-6-4-241x130.jpg 241w, http:\/\/www.pasadenahoy.com\/primero\/wp-content\/uploads\/2022\/01\/pic-6-4-333x180.jpg 333w, http:\/\/www.pasadenahoy.com\/primero\/wp-content\/uploads\/2022\/01\/pic-6-4-360x194.jpg 360w\" sizes=\"100vw\" \/><figcaption><span class=\"caption-text\">A la izquierda, Sirhan Sirhan el 5 de junio de 1968. (Fotograf\u00eda del Departamento de Polic\u00eda de Los \u00c1ngeles) A \u200b\u200bla derecha, Sirhan Sirhan durante una audiencia de libertad condicional el mi\u00e9rcoles 10 de febrero de 2016 en el Centro Correccional Richard J. Donovan en San Diego. (Foto AP\/Gregory Bull, Piscina)<\/span><\/figcaption><\/figure><\/figure>\n\n\n\n<p>El gobernador Gavin Newsom anunci\u00f3 el jueves que rechaz\u00f3 la libertad condicional del ex residente de Pasadena Sirhan Bishara Sirhan, el hombre condenado por asesinar al senador Robert F. Kennedy en 1968.<\/p>\n\n\n\n<p>El a\u00f1o pasado, una junta de libertad condicional de California recomend\u00f3 la liberaci\u00f3n de Sirhan, de 77 a\u00f1os. Sirhan est\u00e1 encarcelado en el Centro Correccional Richard J. Donovan en Otay Mesa en el condado de San Diego.<\/p>\n\n\n\n<p>Sirhan, un estudiante de Pasadena City College en el momento del asesinato, le dispar\u00f3 fatalmente a Kennedy el 5 de junio de 1968 en el Ambassador Hotel en Los \u00c1ngeles, seg\u00fan los fiscales.<\/p>\n\n\n\n<p>El decatleta ol\u00edmpico Rafer Johnson y la liniera defensiva de los L.A. Rams, Rosey Grier, derribaron a Sirhan inmediatamente despu\u00e9s del tiroteo.<\/p>\n\n\n\n<p>Kennedy, que se postulaba para presidente, acababa de ganar las primarias de California.<\/p>\n\n\n\n<p>Cuando Sirhan ten\u00eda 12 a\u00f1os, su familia se mud\u00f3 a Pasadena. Sirhan asisti\u00f3 a Eliot Junior High, John Muir High School y Pasadena City College.<\/p>\n\n\n\n<p>Aunque fue condenado por el crimen, durante a\u00f1os se ha debatido sobre la participaci\u00f3n de Sirhan en el incidente y la cantidad de tiradores.<\/p>\n\n\n\n<p>El m\u00e9dico forense jefe y forense del condado de Los \u00c1ngeles, Thomas Noguchi, declar\u00f3 que el disparo fatal se dispar\u00f3 detr\u00e1s de la oreja derecha de Kennedy y se produjo desde una distancia de aproximadamente una pulgada.<\/p>\n\n\n\n<p>Sirhan estaba frente a Kennedy en ese momento. Algunos testigos sostienen que Kennedy hab\u00eda girado la cabeza justo antes de que se disparara el tiro fatal.<\/p>\n\n\n\n<p>En septiembre, la viuda de Kennedy dijo que Sirhan no deber\u00eda ser liberado.<\/p>\n\n\n\n<p>\u201cBobby cre\u00eda que deb\u00edamos trabajar para \u2018domesticar el salvajismo del hombre y suavizar la vida del mundo\u2019. Quer\u00eda poner fin a la guerra en Vietnam y unir a las personas para construir un pa\u00eds mejor y m\u00e1s fuerte. M\u00e1s que nada, quer\u00eda ser un buen padre y un esposo amoroso\u201d, dijo Ethel Kennedy, de 93 a\u00f1os, en un comunicado el martes.<\/p>\n\n\n\n<p>\u201cNuestra familia y nuestro pa\u00eds sufrieron una p\u00e9rdida indescriptible debido a la inhumanidad de un hombre. Creemos en la dulzura que le perdon\u00f3 la vida, pero al domar su acto de violencia, no deber\u00eda tener la oportunidad de aterrorizar nuevamente. No deber\u00eda ser puesto en libertad condicional\u201d, concluy\u00f3 Kennedy.<\/p>\n","protected":false},"excerpt":{"rendered":"<p>El gobernador Gavin Newsom anunci\u00f3 el jueves que rechaz\u00f3 la libertad condicional del ex residente de Pasadena Sirhan Bishara Sirhan, el hombre condenado por asesinar al senador Robert F. Kennedy en 1968. El a\u00f1o pasado, una junta de libertad condicional de California recomend\u00f3 la liberaci\u00f3n de Sirhan, de 77 a\u00f1os. Sirhan est\u00e1 encarcelado en el Centro Correccional Richard J. Donovan en Otay Mesa en el condado de San Diego. Sirhan, un estudiante de Pasadena City College en el momento del [&hellip;]<\/p>\n","protected":false},"author":4,"featured_media":0,"comment_status":"open","ping_status":"closed","sticky":false,"template":"","format":"standard","meta":[],"categories":[4],"tags":[],"acf":[],"_links":{"self":[{"href":"http:\/\/www.pasadenahoy.com\/primero\/wp-json\/wp\/v2\/posts\/13781"}],"collection":[{"href":"http:\/\/www.pasadenahoy.com\/primero\/wp-json\/wp\/v2\/posts"}],"about":[{"href":"http:\/\/www.pasadenahoy.com\/primero\/wp-json\/wp\/v2\/types\/post"}],"author":[{"embeddable":true,"href":"http:\/\/www.pasadenahoy.com\/primero\/wp-json\/wp\/v2\/users\/4"}],"replies":[{"embeddable":true,"href":"http:\/\/www.pasadenahoy.com\/primero\/wp-json\/wp\/v2\/comments?post=13781"}],"version-history":[{"count":2,"href":"http:\/\/www.pasadenahoy.com\/primero\/wp-json\/wp\/v2\/posts\/13781\/revisions"}],"predecessor-version":[{"id":13784,"href":"http:\/\/www.pasadenahoy.com\/primero\/wp-json\/wp\/v2\/posts\/13781\/revisions\/13784"}],"wp:attachment":[{"href":"http:\/\/www.pasadenahoy.com\/primero\/wp-json\/wp\/v2\/media?parent=13781"}],"wp:term":[{"taxonomy":"category","embeddable":true,"href":"http:\/\/www.pasadenahoy.com\/primero\/wp-json\/wp\/v2\/categories?post=13781"},{"taxonomy":"post_tag","embeddable":true,"href":"http:\/\/www.pasadenahoy.com\/primero\/wp-json\/wp\/v2\/tags?post=13781"}],"curies":[{"name":"wp","href":"https:\/\/api.w.org\/{rel}","templated":true}]}}