{"id":13788,"date":"2022-01-17T15:05:01","date_gmt":"2022-01-17T15:05:01","guid":{"rendered":"http:\/\/www.pasadenahoy.com\/primero\/?p=13788"},"modified":"2022-01-17T15:05:02","modified_gmt":"2022-01-17T15:05:02","slug":"tres-mueren-en-violento-accidente-automovilistico-en-east-pasadena","status":"publish","type":"post","link":"http:\/\/www.pasadenahoy.com\/primero\/la-comunidad\/tres-mueren-en-violento-accidente-automovilistico-en-east-pasadena\/","title":{"rendered":"Tres mueren en violento accidente automovil\u00edstico en East Pasadena"},"content":{"rendered":"\n<figure class=\"wp-block-image alignnone size-large\"><figure class=\"alignnone\"><img loading=\"lazy\" width=\"700\" height=\"378\" src=\"http:\/\/www.pasadenahoy.com\/primero\/wp-content\/uploads\/2022\/01\/pic-1-4.png\" alt=\"\" class=\"wp-image-13789\" srcset=\"http:\/\/www.pasadenahoy.com\/primero\/wp-content\/uploads\/2022\/01\/pic-1-4.png 700w, http:\/\/www.pasadenahoy.com\/primero\/wp-content\/uploads\/2022\/01\/pic-1-4-300x162.png 300w, http:\/\/www.pasadenahoy.com\/primero\/wp-content\/uploads\/2022\/01\/pic-1-4-241x130.png 241w, http:\/\/www.pasadenahoy.com\/primero\/wp-content\/uploads\/2022\/01\/pic-1-4-333x180.png 333w, http:\/\/www.pasadenahoy.com\/primero\/wp-content\/uploads\/2022\/01\/pic-1-4-360x194.png 360w\" sizes=\"100vw\" \/><figcaption><span class=\"caption-text\">[Foto de RMG Noticias]<\/span><\/figcaption><\/figure><\/figure>\n\n\n\n<p>El accidente violento de un autom\u00f3vil que pudo haber salido volando de la autopista Foothill 210 y se estrell\u00f3 en S. Michillinda Ave. a continuaci\u00f3n result\u00f3 en la muerte de tres personas el domingo por la noche.<\/p>\n\n\n\n<p>El teniente de la polic\u00eda de Pasadena, Rudy Lemos, dijo que los oficiales que respondieron a Michillinda Ave. justo al sur de Arboleda Street a las 8:27 p.m. encontraron a las v\u00edctimas dentro de un autom\u00f3vil.<\/p>\n\n\n\n<p>El video de la escena muestra un solo autom\u00f3vil, volcado y destrozado.<\/p>\n\n\n\n<p>Dos de las v\u00edctimas murieron en el lugar, seg\u00fan la portavoz de la ciudad de Pasadena, Lisa Derderian.<\/p>\n\n\n\n<p>Un tercer paciente fue transportado a un hospital local donde sucumbi\u00f3 a sus heridas, dijo Derderian.<\/p>\n\n\n\n<p>Un testigo inform\u00f3 que el autom\u00f3vil se sali\u00f3 de la autopista y aterriz\u00f3 [cerca] de la intersecci\u00f3n de Michillinda Avenue y East Colorado Boulevard, dijo el oficial de CHP Patrick Kimball a City News Service.<\/p>\n\n\n\n<p>Los nombres de las v\u00edctimas se han mantenido en reserva hasta que se notifique a sus familiares.<\/p>\n\n\n\n<p>Avenida Michillinda entre Colorado Blvd. y Foothill Blvd. probablemente permanecer\u00e1 cerrado hasta la madrugada del lunes mientras los oficiales de la Patrulla de Carreteras de California investigan el accidente.<\/p>\n\n\n\n<p>La causa del accidente no est\u00e1 confirmada en este momento.<\/p>\n\n\n\n<p>Esta es una historia en desarrollo. M\u00e1s seg\u00fan disponibilidad<\/p>\n","protected":false},"excerpt":{"rendered":"<p>El accidente violento de un autom\u00f3vil que pudo haber salido volando de la autopista Foothill 210 y se estrell\u00f3 en S. Michillinda Ave. a continuaci\u00f3n result\u00f3 en la muerte de tres personas el domingo por la noche. El teniente de la polic\u00eda de Pasadena, Rudy Lemos, dijo que los oficiales que respondieron a Michillinda Ave. justo al sur de Arboleda Street a las 8:27 p.m. encontraron a las v\u00edctimas dentro de un autom\u00f3vil. El video de la escena muestra un [&hellip;]<\/p>\n","protected":false},"author":4,"featured_media":13789,"comment_status":"open","ping_status":"closed","sticky":false,"template":"","format":"standard","meta":[],"categories":[4],"tags":[],"acf":[],"_links":{"self":[{"href":"http:\/\/www.pasadenahoy.com\/primero\/wp-json\/wp\/v2\/posts\/13788"}],"collection":[{"href":"http:\/\/www.pasadenahoy.com\/primero\/wp-json\/wp\/v2\/posts"}],"about":[{"href":"http:\/\/www.pasadenahoy.com\/primero\/wp-json\/wp\/v2\/types\/post"}],"author":[{"embeddable":true,"href":"http:\/\/www.pasadenahoy.com\/primero\/wp-json\/wp\/v2\/users\/4"}],"replies":[{"embeddable":true,"href":"http:\/\/www.pasadenahoy.com\/primero\/wp-json\/wp\/v2\/comments?post=13788"}],"version-history":[{"count":2,"href":"http:\/\/www.pasadenahoy.com\/primero\/wp-json\/wp\/v2\/posts\/13788\/revisions"}],"predecessor-version":[{"id":13791,"href":"http:\/\/www.pasadenahoy.com\/primero\/wp-json\/wp\/v2\/posts\/13788\/revisions\/13791"}],"wp:featuredmedia":[{"embeddable":true,"href":"http:\/\/www.pasadenahoy.com\/primero\/wp-json\/wp\/v2\/media\/13789"}],"wp:attachment":[{"href":"http:\/\/www.pasadenahoy.com\/primero\/wp-json\/wp\/v2\/media?parent=13788"}],"wp:term":[{"taxonomy":"category","embeddable":true,"href":"http:\/\/www.pasadenahoy.com\/primero\/wp-json\/wp\/v2\/categories?post=13788"},{"taxonomy":"post_tag","embeddable":true,"href":"http:\/\/www.pasadenahoy.com\/primero\/wp-json\/wp\/v2\/tags?post=13788"}],"curies":[{"name":"wp","href":"https:\/\/api.w.org\/{rel}","templated":true}]}}