{"id":13792,"date":"2022-01-17T15:10:34","date_gmt":"2022-01-17T15:10:34","guid":{"rendered":"http:\/\/www.pasadenahoy.com\/primero\/?p=13792"},"modified":"2022-01-17T15:10:38","modified_gmt":"2022-01-17T15:10:38","slug":"el-desfile-del-dia-del-reino-del-sur-de-los-angeles-como-el-desfile-de-la-historia-negra-de-pasadena-se-cancela-por-preocupaciones-de-covid","status":"publish","type":"post","link":"http:\/\/www.pasadenahoy.com\/primero\/la-comunidad\/el-desfile-del-dia-del-reino-del-sur-de-los-angeles-como-el-desfile-de-la-historia-negra-de-pasadena-se-cancela-por-preocupaciones-de-covid\/","title":{"rendered":"El Desfile del D\u00eda del Reino del sur de Los \u00c1ngeles, como el Desfile de la Historia Negra de Pasadena, se cancela por preocupaciones de COVID"},"content":{"rendered":"\n<figure class=\"wp-block-image alignnone size-large\"><figure class=\"alignnone\"><img loading=\"lazy\" width=\"700\" height=\"378\" src=\"http:\/\/www.pasadenahoy.com\/primero\/wp-content\/uploads\/2022\/01\/pic-2-7.jpg\" alt=\"\" class=\"wp-image-13793\" srcset=\"http:\/\/www.pasadenahoy.com\/primero\/wp-content\/uploads\/2022\/01\/pic-2-7.jpg 700w, http:\/\/www.pasadenahoy.com\/primero\/wp-content\/uploads\/2022\/01\/pic-2-7-300x162.jpg 300w, http:\/\/www.pasadenahoy.com\/primero\/wp-content\/uploads\/2022\/01\/pic-2-7-241x130.jpg 241w, http:\/\/www.pasadenahoy.com\/primero\/wp-content\/uploads\/2022\/01\/pic-2-7-333x180.jpg 333w, http:\/\/www.pasadenahoy.com\/primero\/wp-content\/uploads\/2022\/01\/pic-2-7-360x194.jpg 360w\" sizes=\"100vw\" \/><\/figure><\/figure>\n\n\n\n<p>Por segundo a\u00f1o consecutivo, las calles alrededor de Martin Luther King Jr. Boulevard y Western Avenue en el sur de Los \u00c1ngeles, el punto de partida del tradicional Desfile del D\u00eda del Reino, estar\u00e1n tranquilas el D\u00eda de MLK.<\/p>\n\n\n\n<p>El desfile anual, que honra al reverendo Dr. Martin Luther King Jr. en su feriado nacional y tradicionalmente atrae a cientos de miles de espectadores, se cancel\u00f3 nuevamente debido a la pandemia de COVID-19.<\/p>\n\n\n\n<p>El mi\u00e9rcoles pasado, Pasadena anunci\u00f3 que el tradicional Desfile de la Historia Negra de la ciudad que normalmente se lleva a cabo en febrero hab\u00eda tenido un destino similar.<\/p>\n\n\n\n<p>\u201cComo medida de precauci\u00f3n, el Departamento de Parques, Recreaci\u00f3n y Servicios Comunitarios de la Ciudad de Pasadena y el Comit\u00e9 de Planificaci\u00f3n de la Historia Afroamericana han cancelado el Desfile y Festival de la Historia Afroamericana de 2022 debido a preocupaciones por el COVID-19\u201d, se lee en el anuncio de Pasadena.<\/p>\n\n\n\n<p>En cambio, el Comit\u00e9 de Planificaci\u00f3n de la Ciudad y la Historia Negra organizar\u00e1 una amplia variedad de eventos gratuitos para familias este a\u00f1o en celebraci\u00f3n del Mes de la Historia Negra.<\/p>\n\n\n\n<p>Un portavoz de la ciudad continu\u00f3 diciendo que el desfile no violar\u00eda necesariamente las \u00f3rdenes de salud locales o estatales para megaeventos, pero se consider\u00f3 que presentaba tales riesgos para la salud que los organizadores optaron por cancelarlo.<\/p>\n\n\n\n<p>Los organizadores de otros grandes eventos, incluidos el Desfile de las Rosas y el Medio Marat\u00f3n y 5K Rose Bowl, decidieron lo contrario, continuar con sus eventos, lo cual est\u00e1 permitido si los participantes siguen los protocolos de salud requeridos, dijo el portavoz.<\/p>\n","protected":false},"excerpt":{"rendered":"<p>Por segundo a\u00f1o consecutivo, las calles alrededor de Martin Luther King Jr. Boulevard y Western Avenue en el sur de Los \u00c1ngeles, el punto de partida del tradicional Desfile del D\u00eda del Reino, estar\u00e1n tranquilas el D\u00eda de MLK. El desfile anual, que honra al reverendo Dr. Martin Luther King Jr. en su feriado nacional y tradicionalmente atrae a cientos de miles de espectadores, se cancel\u00f3 nuevamente debido a la pandemia de COVID-19. El mi\u00e9rcoles pasado, Pasadena anunci\u00f3 que el [&hellip;]<\/p>\n","protected":false},"author":4,"featured_media":13793,"comment_status":"open","ping_status":"closed","sticky":false,"template":"","format":"standard","meta":[],"categories":[4],"tags":[],"acf":[],"_links":{"self":[{"href":"http:\/\/www.pasadenahoy.com\/primero\/wp-json\/wp\/v2\/posts\/13792"}],"collection":[{"href":"http:\/\/www.pasadenahoy.com\/primero\/wp-json\/wp\/v2\/posts"}],"about":[{"href":"http:\/\/www.pasadenahoy.com\/primero\/wp-json\/wp\/v2\/types\/post"}],"author":[{"embeddable":true,"href":"http:\/\/www.pasadenahoy.com\/primero\/wp-json\/wp\/v2\/users\/4"}],"replies":[{"embeddable":true,"href":"http:\/\/www.pasadenahoy.com\/primero\/wp-json\/wp\/v2\/comments?post=13792"}],"version-history":[{"count":2,"href":"http:\/\/www.pasadenahoy.com\/primero\/wp-json\/wp\/v2\/posts\/13792\/revisions"}],"predecessor-version":[{"id":13795,"href":"http:\/\/www.pasadenahoy.com\/primero\/wp-json\/wp\/v2\/posts\/13792\/revisions\/13795"}],"wp:featuredmedia":[{"embeddable":true,"href":"http:\/\/www.pasadenahoy.com\/primero\/wp-json\/wp\/v2\/media\/13793"}],"wp:attachment":[{"href":"http:\/\/www.pasadenahoy.com\/primero\/wp-json\/wp\/v2\/media?parent=13792"}],"wp:term":[{"taxonomy":"category","embeddable":true,"href":"http:\/\/www.pasadenahoy.com\/primero\/wp-json\/wp\/v2\/categories?post=13792"},{"taxonomy":"post_tag","embeddable":true,"href":"http:\/\/www.pasadenahoy.com\/primero\/wp-json\/wp\/v2\/tags?post=13792"}],"curies":[{"name":"wp","href":"https:\/\/api.w.org\/{rel}","templated":true}]}}