{"id":13796,"date":"2022-01-17T15:15:43","date_gmt":"2022-01-17T15:15:43","guid":{"rendered":"http:\/\/www.pasadenahoy.com\/primero\/?p=13796"},"modified":"2022-01-17T15:15:44","modified_gmt":"2022-01-17T15:15:44","slug":"hombre-baleado-varias-veces-despues-de-confrontacion-en-pasadena","status":"publish","type":"post","link":"http:\/\/www.pasadenahoy.com\/primero\/la-comunidad\/hombre-baleado-varias-veces-despues-de-confrontacion-en-pasadena\/","title":{"rendered":"Hombre baleado varias veces despu\u00e9s de confrontaci\u00f3n en Pasadena"},"content":{"rendered":"\n<figure class=\"wp-block-image alignnone size-large\"><figure class=\"alignnone\"><img loading=\"lazy\" width=\"700\" height=\"378\" src=\"http:\/\/www.pasadenahoy.com\/primero\/wp-content\/uploads\/2022\/01\/pic-3-1.png\" alt=\"\" class=\"wp-image-13797\" srcset=\"http:\/\/www.pasadenahoy.com\/primero\/wp-content\/uploads\/2022\/01\/pic-3-1.png 700w, http:\/\/www.pasadenahoy.com\/primero\/wp-content\/uploads\/2022\/01\/pic-3-1-300x162.png 300w, http:\/\/www.pasadenahoy.com\/primero\/wp-content\/uploads\/2022\/01\/pic-3-1-241x130.png 241w, http:\/\/www.pasadenahoy.com\/primero\/wp-content\/uploads\/2022\/01\/pic-3-1-333x180.png 333w, http:\/\/www.pasadenahoy.com\/primero\/wp-content\/uploads\/2022\/01\/pic-3-1-360x194.png 360w\" sizes=\"100vw\" \/><\/figure><\/figure>\n\n\n\n<p>Un hombre de 20 a\u00f1os sufri\u00f3 m\u00faltiples heridas cuando recibi\u00f3 un disparo en la espalda y el brazo en una calle residencial de Pasadena, dijeron las autoridades el lunes.<\/p>\n\n\n\n<p>El tiroteo se inform\u00f3 a las 9:46 p.m. el domingo cerca de un parque en la cuadra 300 de Villa Street, dijo el teniente de la polic\u00eda de Pasadena, Sean Dawkins. Se produjo tras un enfrentamiento entre dos grupos de j\u00f3venes.<\/p>\n\n\n\n<p>Dawkins dijo que la v\u00edctima y dos hombres de 19 a\u00f1os estaban cerca de Villa Parke cuando un autom\u00f3vil con cinco hombres se detuvo y los hombres salieron.<\/p>\n\n\n\n<p>\u201cSe intercambiaron palabras\u201d, dijo Dawkins.<\/p>\n\n\n\n<p>Uno de los hombres del grupo m\u00e1s grande le arrebat\u00f3 un collar de cadena a la v\u00edctima y los atacantes regresaron a su autom\u00f3vil, descrito solo como un sed\u00e1n, y comenzaron a alejarse.<\/p>\n\n\n\n<p>Cuando el autom\u00f3vil se alejaba, uno de los pasajeros dispar\u00f3 varios tiros a las tres v\u00edctimas, alcanzando al hombre al que le hab\u00edan robado el collar. Las otras v\u00edctimas no resultaron heridas.<\/p>\n\n\n\n<p>La v\u00edctima fue trasladada a un hospital local. Fue reportado en condici\u00f3n estable la madrugada del lunes.<\/p>\n\n\n\n<p>Los sospechosos huyeron de la escena en el sed\u00e1n y se dirigieron hacia el este por Villa Street, dijo Dawkins.<\/p>\n","protected":false},"excerpt":{"rendered":"<p>Un hombre de 20 a\u00f1os sufri\u00f3 m\u00faltiples heridas cuando recibi\u00f3 un disparo en la espalda y el brazo en una calle residencial de Pasadena, dijeron las autoridades el lunes. El tiroteo se inform\u00f3 a las 9:46 p.m. el domingo cerca de un parque en la cuadra 300 de Villa Street, dijo el teniente de la polic\u00eda de Pasadena, Sean Dawkins. Se produjo tras un enfrentamiento entre dos grupos de j\u00f3venes. Dawkins dijo que la v\u00edctima y dos hombres de 19 [&hellip;]<\/p>\n","protected":false},"author":4,"featured_media":13797,"comment_status":"open","ping_status":"closed","sticky":false,"template":"","format":"standard","meta":[],"categories":[4],"tags":[],"acf":[],"_links":{"self":[{"href":"http:\/\/www.pasadenahoy.com\/primero\/wp-json\/wp\/v2\/posts\/13796"}],"collection":[{"href":"http:\/\/www.pasadenahoy.com\/primero\/wp-json\/wp\/v2\/posts"}],"about":[{"href":"http:\/\/www.pasadenahoy.com\/primero\/wp-json\/wp\/v2\/types\/post"}],"author":[{"embeddable":true,"href":"http:\/\/www.pasadenahoy.com\/primero\/wp-json\/wp\/v2\/users\/4"}],"replies":[{"embeddable":true,"href":"http:\/\/www.pasadenahoy.com\/primero\/wp-json\/wp\/v2\/comments?post=13796"}],"version-history":[{"count":2,"href":"http:\/\/www.pasadenahoy.com\/primero\/wp-json\/wp\/v2\/posts\/13796\/revisions"}],"predecessor-version":[{"id":13799,"href":"http:\/\/www.pasadenahoy.com\/primero\/wp-json\/wp\/v2\/posts\/13796\/revisions\/13799"}],"wp:featuredmedia":[{"embeddable":true,"href":"http:\/\/www.pasadenahoy.com\/primero\/wp-json\/wp\/v2\/media\/13797"}],"wp:attachment":[{"href":"http:\/\/www.pasadenahoy.com\/primero\/wp-json\/wp\/v2\/media?parent=13796"}],"wp:term":[{"taxonomy":"category","embeddable":true,"href":"http:\/\/www.pasadenahoy.com\/primero\/wp-json\/wp\/v2\/categories?post=13796"},{"taxonomy":"post_tag","embeddable":true,"href":"http:\/\/www.pasadenahoy.com\/primero\/wp-json\/wp\/v2\/tags?post=13796"}],"curies":[{"name":"wp","href":"https:\/\/api.w.org\/{rel}","templated":true}]}}