{"id":13800,"date":"2022-01-17T15:19:58","date_gmt":"2022-01-17T15:19:58","guid":{"rendered":"http:\/\/www.pasadenahoy.com\/primero\/?p=13800"},"modified":"2022-01-17T15:19:59","modified_gmt":"2022-01-17T15:19:59","slug":"la-semana-comienza-mas-fresca-con-probabilidad-de-lluvia-antes-de-que-el-cielo-se-despeje-para-un-ciclo-soleado-y-mas-calido","status":"publish","type":"post","link":"http:\/\/www.pasadenahoy.com\/primero\/la-comunidad\/la-semana-comienza-mas-fresca-con-probabilidad-de-lluvia-antes-de-que-el-cielo-se-despeje-para-un-ciclo-soleado-y-mas-calido\/","title":{"rendered":"La semana comienza m\u00e1s fresca con probabilidad de lluvia antes de que el cielo se despeje para un ciclo soleado y m\u00e1s c\u00e1lido"},"content":{"rendered":"\n<figure class=\"wp-block-image alignnone size-large\"><figure class=\"alignnone\"><img loading=\"lazy\" width=\"700\" height=\"378\" src=\"http:\/\/www.pasadenahoy.com\/primero\/wp-content\/uploads\/2022\/01\/pic-4-7.jpg\" alt=\"\" class=\"wp-image-13801\" srcset=\"http:\/\/www.pasadenahoy.com\/primero\/wp-content\/uploads\/2022\/01\/pic-4-7.jpg 700w, http:\/\/www.pasadenahoy.com\/primero\/wp-content\/uploads\/2022\/01\/pic-4-7-300x162.jpg 300w, http:\/\/www.pasadenahoy.com\/primero\/wp-content\/uploads\/2022\/01\/pic-4-7-241x130.jpg 241w, http:\/\/www.pasadenahoy.com\/primero\/wp-content\/uploads\/2022\/01\/pic-4-7-333x180.jpg 333w, http:\/\/www.pasadenahoy.com\/primero\/wp-content\/uploads\/2022\/01\/pic-4-7-360x194.jpg 360w\" sizes=\"100vw\" \/><\/figure><\/figure>\n\n\n\n<p>El feriado del D\u00eda de MLK podr\u00eda ver algo de lluvia bajo cielos nublados en una tendencia que continuar\u00e1 hasta el martes por la ma\u00f1ana, pero se espera que el resto de la semana sea soleado todos los d\u00edas y las temperaturas aumenten.<\/p>\n\n\n\n<p>Los meteor\u00f3logos del Servicio Meteorol\u00f3gico Nacional predijeron un 40 por ciento de probabilidad de lluvias el lunes junto con una ca\u00edda de la temperatura a un m\u00e1ximo de 63.<\/p>\n\n\n\n<p>El martes habr\u00e1 un 20 por ciento de probabilidad de lluvias antes de las 10 a. m., seguido de una tarde mayormente soleada.<\/p>\n\n\n\n<p>Despu\u00e9s de eso, la semana y el fin de semana caer\u00e1n en un ciclo de cielos despejados y soleados similar al Desfile de las Rosas, con temperaturas m\u00e1ximas de hasta mediados de los 70.<\/p>\n\n\n\n<p>Aqu\u00ed hay un vistazo al pron\u00f3stico diario del Servicio Meteorol\u00f3gico Nacional:<\/p>\n\n\n\n<p>D\u00eda de M.L.King: Una probabilidad de 40 por ciento lluvias, principalmente despu\u00e9s de las 10 a. m. Mayormente nublado, la m\u00e1xima alrededor de 63. Viento en calma y llegar\u00e1 del sureste alrededor de 5 mph.<\/p>\n\n\n\n<p>por la Noche: Una probabilidad de 40 por ciento lluvias, principalmente antes de las 4 a. m. Mayormente nublado, la m\u00ednima alrededor de 54. Viento en calma.<\/p>\n\n\n\n<p>Martes: Una probabilidad de 20 por ciento lluvias antes de las 10 a. m. Mayormente soleado, la m\u00e1xima alrededor de 64. Viento del suroeste alrededor de 5 mph.<\/p>\n\n\n\n<p>Mar. por la Noche: Mayormente despejado, la m\u00ednima alrededor de 51. Viento del oeste suroeste alrededor de 5 mph y luego llegar\u00e1 del noreste despu\u00e9s de medianoche.<\/p>\n\n\n\n<p>Mi\u00e9rcoles: Soleado, la m\u00e1xima alrededor de 69.<\/p>\n\n\n\n<p>Mi\u00e9rcoles por la Noche: Despejado, la m\u00ednima alrededor de 49.<\/p>\n\n\n\n<p>Jueves: Soleado, la m\u00e1xima alrededor de 76.<\/p>\n\n\n\n<p>Jueves por la Noche: Despejado, con m\u00ednima alrededor de 50.<\/p>\n\n\n\n<p>Viernes: Soleado, la m\u00e1xima alrededor de 76.<\/p>\n","protected":false},"excerpt":{"rendered":"<p>El feriado del D\u00eda de MLK podr\u00eda ver algo de lluvia bajo cielos nublados en una tendencia que continuar\u00e1 hasta el martes por la ma\u00f1ana, pero se espera que el resto de la semana sea soleado todos los d\u00edas y las temperaturas aumenten. Los meteor\u00f3logos del Servicio Meteorol\u00f3gico Nacional predijeron un 40 por ciento de probabilidad de lluvias el lunes junto con una ca\u00edda de la temperatura a un m\u00e1ximo de 63. El martes habr\u00e1 un 20 por ciento de [&hellip;]<\/p>\n","protected":false},"author":4,"featured_media":0,"comment_status":"open","ping_status":"closed","sticky":false,"template":"","format":"standard","meta":[],"categories":[4],"tags":[],"acf":[],"_links":{"self":[{"href":"http:\/\/www.pasadenahoy.com\/primero\/wp-json\/wp\/v2\/posts\/13800"}],"collection":[{"href":"http:\/\/www.pasadenahoy.com\/primero\/wp-json\/wp\/v2\/posts"}],"about":[{"href":"http:\/\/www.pasadenahoy.com\/primero\/wp-json\/wp\/v2\/types\/post"}],"author":[{"embeddable":true,"href":"http:\/\/www.pasadenahoy.com\/primero\/wp-json\/wp\/v2\/users\/4"}],"replies":[{"embeddable":true,"href":"http:\/\/www.pasadenahoy.com\/primero\/wp-json\/wp\/v2\/comments?post=13800"}],"version-history":[{"count":2,"href":"http:\/\/www.pasadenahoy.com\/primero\/wp-json\/wp\/v2\/posts\/13800\/revisions"}],"predecessor-version":[{"id":13803,"href":"http:\/\/www.pasadenahoy.com\/primero\/wp-json\/wp\/v2\/posts\/13800\/revisions\/13803"}],"wp:attachment":[{"href":"http:\/\/www.pasadenahoy.com\/primero\/wp-json\/wp\/v2\/media?parent=13800"}],"wp:term":[{"taxonomy":"category","embeddable":true,"href":"http:\/\/www.pasadenahoy.com\/primero\/wp-json\/wp\/v2\/categories?post=13800"},{"taxonomy":"post_tag","embeddable":true,"href":"http:\/\/www.pasadenahoy.com\/primero\/wp-json\/wp\/v2\/tags?post=13800"}],"curies":[{"name":"wp","href":"https:\/\/api.w.org\/{rel}","templated":true}]}}