{"id":13820,"date":"2022-01-17T15:52:01","date_gmt":"2022-01-17T15:52:01","guid":{"rendered":"http:\/\/www.pasadenahoy.com\/primero\/?p=13820"},"modified":"2022-01-17T15:52:02","modified_gmt":"2022-01-17T15:52:02","slug":"el-consejo-esta-oscuro-el-lunes-audiencia-publica-sobre-proyecto-de-vivienda-prevista-para-la-proxima-semana","status":"publish","type":"post","link":"http:\/\/www.pasadenahoy.com\/primero\/el-gobierno-local\/el-consejo-esta-oscuro-el-lunes-audiencia-publica-sobre-proyecto-de-vivienda-prevista-para-la-proxima-semana\/","title":{"rendered":"El consejo est\u00e1 oscuro el lunes; Audiencia p\u00fablica sobre proyecto de vivienda prevista para la pr\u00f3xima semana"},"content":{"rendered":"\n<figure class=\"wp-block-image alignnone size-large\"><figure class=\"alignnone\"><img loading=\"lazy\" width=\"700\" height=\"378\" src=\"http:\/\/www.pasadenahoy.com\/primero\/wp-content\/uploads\/2022\/01\/pic-9.png\" alt=\"\" class=\"wp-image-13821\" srcset=\"http:\/\/www.pasadenahoy.com\/primero\/wp-content\/uploads\/2022\/01\/pic-9.png 700w, http:\/\/www.pasadenahoy.com\/primero\/wp-content\/uploads\/2022\/01\/pic-9-300x162.png 300w, http:\/\/www.pasadenahoy.com\/primero\/wp-content\/uploads\/2022\/01\/pic-9-241x130.png 241w, http:\/\/www.pasadenahoy.com\/primero\/wp-content\/uploads\/2022\/01\/pic-9-333x180.png 333w, http:\/\/www.pasadenahoy.com\/primero\/wp-content\/uploads\/2022\/01\/pic-9-360x194.png 360w\" sizes=\"100vw\" \/><\/figure><\/figure>\n\n\n\n<p>No hay reuni\u00f3n del Concejo Municipal el lunes debido al feriado de Martin Luther King Jr., pero esto es lo que est\u00e1 programado para presentarse pronto.<\/p>\n\n\n\n<p>El Concejo Municipal tiene programado celebrar audiencias p\u00fablicas sobre el Proyecto de Apartamentos de Central Park propuesto para 86 S. Fair Oaks Ave. el 24 de enero.<\/p>\n\n\n\n<p>El desarrollador con sede en Culver City, Goldrich Kest, quiere construir un proyecto de uso mixto que incluya 84 unidades, 16 de ellas asequibles, en la esquina de South Fair Oaks Avenue y East Dayton Street, directamente al otro lado de la calle de Central Park y justo al lado de tanto el hist\u00f3rico Castle Green como el Green Hotel Apartments.<\/p>\n\n\n\n<p>Pasadena Heritage y varios residentes locales se opusieron a una versi\u00f3n anterior del proyecto, quienes dijeron que el proyecto no era compatible con los edificios hist\u00f3ricos y los alrededores. Los desarrolladores volvieron al punto de partida y reelaboraron el proyecto.<\/p>\n\n\n\n<p>Los comisionados de la ciudad y los residentes locales expresaron su preocupaci\u00f3n por la altura y la orientaci\u00f3n de los planos originales para un edificio de uso mixto de seis pisos con 64 unidades residenciales y 5000 pies cuadrados de espacio comercial en un estacionamiento de superficie existente.<\/p>\n\n\n\n<p>Los problemas incluyeron espacios abiertos, eliminaci\u00f3n de \u00e1rboles protegidos y congesti\u00f3n del tr\u00e1fico.<\/p>\n\n\n\n<p>El proyecto, ubicado a media milla de las estaciones Metro Goldline de Del Mar y Memorial Park, est\u00e1 dise\u00f1ado para conectarse con otro transporte p\u00fablico cercano con Central Park y Old Pasadena.<\/p>\n\n\n\n<p>El proyecto transforma un estacionamiento de superficie cercado en un desarrollo de uso mixto orientado al tr\u00e1nsito con negocios minoristas a pie de calle.<\/p>\n\n\n\n<p>\u201cNos propusimos crear nuevos apartamentos que satisfagan la necesidad de Pasadena de nuevas viviendas de tarifa mixta mientras consideramos cuidadosamente la ubicaci\u00f3n del proyecto dentro de un bloque hist\u00f3rico, en el contexto del distrito hist\u00f3rico de Old Pasadena y su relaci\u00f3n con Central Park\u201d, Emily Taylor, un arquitecto capacitado que es director de desarrollo en Goldrich Kest, le dijo a Pasadena Now en marzo.<\/p>\n\n\n\n<p>\u201cEstamos muy orgullosos de c\u00f3mo ha evolucionado el dise\u00f1o del proyecto y c\u00f3mo transformar\u00e1 un estacionamiento en la superficie en un desarrollo de viviendas orientado al tr\u00e1nsito que se convertir\u00e1 en una nueva puerta de entrada a Old Pasadena\u201d, dijo Taylor.<\/p>\n","protected":false},"excerpt":{"rendered":"<p>No hay reuni\u00f3n del Concejo Municipal el lunes debido al feriado de Martin Luther King Jr., pero esto es lo que est\u00e1 programado para presentarse pronto. El Concejo Municipal tiene programado celebrar audiencias p\u00fablicas sobre el Proyecto de Apartamentos de Central Park propuesto para 86 S. Fair Oaks Ave. el 24 de enero. El desarrollador con sede en Culver City, Goldrich Kest, quiere construir un proyecto de uso mixto que incluya 84 unidades, 16 de ellas asequibles, en la esquina [&hellip;]<\/p>\n","protected":false},"author":4,"featured_media":0,"comment_status":"open","ping_status":"closed","sticky":false,"template":"","format":"standard","meta":[],"categories":[6],"tags":[],"acf":[],"_links":{"self":[{"href":"http:\/\/www.pasadenahoy.com\/primero\/wp-json\/wp\/v2\/posts\/13820"}],"collection":[{"href":"http:\/\/www.pasadenahoy.com\/primero\/wp-json\/wp\/v2\/posts"}],"about":[{"href":"http:\/\/www.pasadenahoy.com\/primero\/wp-json\/wp\/v2\/types\/post"}],"author":[{"embeddable":true,"href":"http:\/\/www.pasadenahoy.com\/primero\/wp-json\/wp\/v2\/users\/4"}],"replies":[{"embeddable":true,"href":"http:\/\/www.pasadenahoy.com\/primero\/wp-json\/wp\/v2\/comments?post=13820"}],"version-history":[{"count":2,"href":"http:\/\/www.pasadenahoy.com\/primero\/wp-json\/wp\/v2\/posts\/13820\/revisions"}],"predecessor-version":[{"id":13823,"href":"http:\/\/www.pasadenahoy.com\/primero\/wp-json\/wp\/v2\/posts\/13820\/revisions\/13823"}],"wp:attachment":[{"href":"http:\/\/www.pasadenahoy.com\/primero\/wp-json\/wp\/v2\/media?parent=13820"}],"wp:term":[{"taxonomy":"category","embeddable":true,"href":"http:\/\/www.pasadenahoy.com\/primero\/wp-json\/wp\/v2\/categories?post=13820"},{"taxonomy":"post_tag","embeddable":true,"href":"http:\/\/www.pasadenahoy.com\/primero\/wp-json\/wp\/v2\/tags?post=13820"}],"curies":[{"name":"wp","href":"https:\/\/api.w.org\/{rel}","templated":true}]}}