{"id":13824,"date":"2022-01-17T15:55:49","date_gmt":"2022-01-17T15:55:49","guid":{"rendered":"http:\/\/www.pasadenahoy.com\/primero\/?p=13824"},"modified":"2022-01-17T15:55:51","modified_gmt":"2022-01-17T15:55:51","slug":"ayuntamiento-servicios-de-la-ciudad-cerrados-por-king-holiday","status":"publish","type":"post","link":"http:\/\/www.pasadenahoy.com\/primero\/la-comunidad\/ayuntamiento-servicios-de-la-ciudad-cerrados-por-king-holiday\/","title":{"rendered":"Ayuntamiento, servicios de la ciudad cerrados por King Holiday"},"content":{"rendered":"\n<figure class=\"wp-block-image alignnone size-large\"><figure class=\"alignnone\"><img loading=\"lazy\" width=\"700\" height=\"378\" src=\"http:\/\/www.pasadenahoy.com\/primero\/wp-content\/uploads\/2022\/01\/pic-10-1.jpg\" alt=\"\" class=\"wp-image-13825\" srcset=\"http:\/\/www.pasadenahoy.com\/primero\/wp-content\/uploads\/2022\/01\/pic-10-1.jpg 700w, http:\/\/www.pasadenahoy.com\/primero\/wp-content\/uploads\/2022\/01\/pic-10-1-300x162.jpg 300w, http:\/\/www.pasadenahoy.com\/primero\/wp-content\/uploads\/2022\/01\/pic-10-1-241x130.jpg 241w, http:\/\/www.pasadenahoy.com\/primero\/wp-content\/uploads\/2022\/01\/pic-10-1-333x180.jpg 333w, http:\/\/www.pasadenahoy.com\/primero\/wp-content\/uploads\/2022\/01\/pic-10-1-360x194.jpg 360w\" sizes=\"100vw\" \/><\/figure><\/figure>\n\n\n\n<p>El Ayuntamiento y muchos servicios de la Ciudad estar\u00e1n cerrados el lunes 17 de enero en conmemoraci\u00f3n del D\u00eda de Martin Luther King Jr.<\/p>\n\n\n\n<p>El Concejo Municipal no se reunir\u00e1, pero el Comit\u00e9 de Seguridad P\u00fablica del Concejo Municipal se reunir\u00e1 m\u00e1s adelante esta semana.<\/p>\n\n\n\n<p>King fue una voz destacada en el Movimiento por los Derechos Civiles entre 1955 y 1968.<\/p>\n\n\n\n<p>Despu\u00e9s de que Rosa Parks se negara a ceder su asiento a un hombre blanco en 1955, King lider\u00f3 el boicot a los autobuses de Montgomery que dur\u00f3 385 d\u00edas y result\u00f3 en el bombardeo de la casa de King y su arresto.<\/p>\n\n\n\n<p>Un fallo judicial condujo a la desegregaci\u00f3n de los autobuses de Montgomery.<\/p>\n\n\n\n<p>King era amigo de Bayard Rustin, un l\u00edder de los derechos civiles de los homosexuales que fue arrestado en Pasadena en 1953. Los fiscales acusaron a Rustin de vagancia despu\u00e9s de cumplir 50 d\u00edas en la c\u00e1rcel del condado de Los \u00c1ngeles, un cargo com\u00fan contra las personas LGBTQ en ese momento.<\/p>\n\n\n\n<p>La senadora de Carolina del Sur, Storm Thurmond, ley\u00f3 el archivo completo del arresto de Rustin en el registro del Congreso en un esfuerzo por desacreditar al Movimiento de Derechos Civiles. Como resultado, varios l\u00edderes de derechos civiles, incluido King, se distanciaron de Rustin.<\/p>\n\n\n\n<p>Rustin recibi\u00f3 un perd\u00f3n p\u00f3stumo el a\u00f1o pasado.<\/p>\n\n\n\n<p>King visit\u00f3 Pasadena en 1958, 1960 y 1965.<\/p>\n\n\n\n<p>King fue asesinado en 1968 y su cumplea\u00f1os ahora es feriado federal.<\/p>\n\n\n\n<p>Los Departamentos de Bomberos y Polic\u00eda de Pasadena continuar\u00e1n brindando servicios de patrulla, c\u00e1rcel, bomberos, param\u00e9dicos y todos los dem\u00e1s servicios de emergencia. Se recomienda a los residentes que siempre llamen al 911 para emergencias que pongan en peligro la vida. Para todas las dem\u00e1s situaciones que no sean emergencias, llame al (626) 744-4241. Como siempre, \u201csi ves algo, di algo\u201d.<\/p>\n\n\n\n<p>Los residentes y negocios de Pasadena con emergencias el\u00e9ctricas deben llamar a Pasadena Water and Power (PWP) al (626) 744-4673. Para emergencias relacionadas con el agua, llame al (626) 744-4138. El centro de llamadas de atenci\u00f3n al cliente de PWP estar\u00e1 cerrado, pero los clientes pueden acceder a sus cuentas y realizar pagos por tel\u00e9fono llamando al (626) 744-4005 o en l\u00ednea en www.PWPweb.com.<\/p>\n\n\n\n<p>El Centro de Pago de Servicios Municipales, el Centro de Atenci\u00f3n al Ciudadano y la Oficina de Estacionamiento estar\u00e1n cerrados. La ciudad no recolectar\u00e1 basura, reciclaje o desechos de jard\u00edn el lunes 17 de enero. La recolecci\u00f3n se realizar\u00e1 un d\u00eda despu\u00e9s de su d\u00eda habitual de recolecci\u00f3n.<\/p>\n\n\n\n<p>Todos los parqu\u00edmetros ser\u00e1n gratuitos y no se aplicar\u00e1n l\u00edmites de tiempo de estacionamiento; sin embargo, se har\u00e1n cumplir las infracciones por estacionamiento nocturno, estacionamiento en la acera roja, zonas de &#8220;No estacionar&#8221; y bloqueo de hidrantes contra incendios. Toda la aplicaci\u00f3n regular se reanuda el martes 18 de enero.<\/p>\n\n\n\n<p>El Centro de Permisos tambi\u00e9n estar\u00e1 cerrado; sin embargo, algunos servicios estar\u00e1n disponibles a trav\u00e9s del Centro de permisos en l\u00ednea, donde puede obtener permisos de subcomercio y enviar planes para mejoras de inquilinos comerciales (nuevas) y unidades de vivienda accesorias. Las operaciones en persona se reanudar\u00e1n el martes 18 de enero.<\/p>\n\n\n\n<p>Los autobuses de Pasadena Transit y Dial-A-Ride operar\u00e1n en horarios regulares de lunes a viernes.<\/p>\n\n\n\n<p>Los sitios de la Biblioteca P\u00fablica de Pasadena estar\u00e1n cerrados el domingo y reabrir\u00e1n el martes 18 de enero.<\/p>\n","protected":false},"excerpt":{"rendered":"<p>El Ayuntamiento y muchos servicios de la Ciudad estar\u00e1n cerrados el lunes 17 de enero en conmemoraci\u00f3n del D\u00eda de Martin Luther King Jr. El Concejo Municipal no se reunir\u00e1, pero el Comit\u00e9 de Seguridad P\u00fablica del Concejo Municipal se reunir\u00e1 m\u00e1s adelante esta semana. King fue una voz destacada en el Movimiento por los Derechos Civiles entre 1955 y 1968. Despu\u00e9s de que Rosa Parks se negara a ceder su asiento a un hombre blanco en 1955, King lider\u00f3 [&hellip;]<\/p>\n","protected":false},"author":4,"featured_media":0,"comment_status":"open","ping_status":"closed","sticky":false,"template":"","format":"standard","meta":[],"categories":[4],"tags":[],"acf":[],"_links":{"self":[{"href":"http:\/\/www.pasadenahoy.com\/primero\/wp-json\/wp\/v2\/posts\/13824"}],"collection":[{"href":"http:\/\/www.pasadenahoy.com\/primero\/wp-json\/wp\/v2\/posts"}],"about":[{"href":"http:\/\/www.pasadenahoy.com\/primero\/wp-json\/wp\/v2\/types\/post"}],"author":[{"embeddable":true,"href":"http:\/\/www.pasadenahoy.com\/primero\/wp-json\/wp\/v2\/users\/4"}],"replies":[{"embeddable":true,"href":"http:\/\/www.pasadenahoy.com\/primero\/wp-json\/wp\/v2\/comments?post=13824"}],"version-history":[{"count":2,"href":"http:\/\/www.pasadenahoy.com\/primero\/wp-json\/wp\/v2\/posts\/13824\/revisions"}],"predecessor-version":[{"id":13827,"href":"http:\/\/www.pasadenahoy.com\/primero\/wp-json\/wp\/v2\/posts\/13824\/revisions\/13827"}],"wp:attachment":[{"href":"http:\/\/www.pasadenahoy.com\/primero\/wp-json\/wp\/v2\/media?parent=13824"}],"wp:term":[{"taxonomy":"category","embeddable":true,"href":"http:\/\/www.pasadenahoy.com\/primero\/wp-json\/wp\/v2\/categories?post=13824"},{"taxonomy":"post_tag","embeddable":true,"href":"http:\/\/www.pasadenahoy.com\/primero\/wp-json\/wp\/v2\/tags?post=13824"}],"curies":[{"name":"wp","href":"https:\/\/api.w.org\/{rel}","templated":true}]}}