{"id":13831,"date":"2022-01-18T15:08:47","date_gmt":"2022-01-18T15:08:47","guid":{"rendered":"http:\/\/www.pasadenahoy.com\/primero\/?p=13831"},"modified":"2022-01-18T15:08:49","modified_gmt":"2022-01-18T15:08:49","slug":"2021-vio-la-menor-cantidad-de-delitos-denunciados-en-pasadena-en-10-anos","status":"publish","type":"post","link":"http:\/\/www.pasadenahoy.com\/primero\/la-comunidad\/2021-vio-la-menor-cantidad-de-delitos-denunciados-en-pasadena-en-10-anos\/","title":{"rendered":"2021 vio la menor cantidad de delitos denunciados en Pasadena en 10 a\u00f1os"},"content":{"rendered":"\n<p>La polic\u00eda de Pasadena dijo que respondi\u00f3 a la menor cantidad de informes de delitos en una d\u00e9cada en 2021.<br>Las estad\u00edsticas del Departamento muestran que los agentes registraron 3779 delitos en Pasadena el a\u00f1o pasado, lo que representa una reducci\u00f3n de solo un 2,7 % con respecto a 2020, pero un 13,3 % menos que el a\u00f1o con mayor cantidad de delitos de la d\u00e9cada, 2013.<\/p>\n\n\n\n<p>\u201cLos esfuerzos no solo de los miembros del Departamento de Polic\u00eda de Pasadena, sino tambi\u00e9n de varias organizaciones comunitarias y sin fines de lucro han contribuido significativamente a la disminuci\u00f3n de la delincuencia a lo largo de los a\u00f1os\u201d, dijo la jefa de polic\u00eda interina Cheryl Moody.<\/p>\n\n\n\n<p>\u201cSeguimos teniendo actos regulares de violencia, especialmente relacionados con el uso de armas de fuego, por lo que se puede hacer m\u00e1s\u2026 pero es alentador que los niveles de delincuencia en esta gran ciudad est\u00e9n muy por debajo de los de d\u00e9cadas anteriores\u201d.<\/p>\n\n\n\n<p>Los homicidios bajaron a 6 desde los 7 del a\u00f1o anterior. El m\u00e1ximo de 10 a\u00f1os fue de 9 asesinatos en 2014.<\/p>\n\n\n\n<p>Se informaron ca\u00eddas en la delincuencia en la mayor\u00eda de las categor\u00edas de delitos, pero no en todas. Los robos comerciales se dispararon un 21 % y la violencia dom\u00e9stica aument\u00f3 un 9 % en 2020, revelan las estad\u00edsticas.<\/p>\n\n\n\n<p>La polic\u00eda incaut\u00f3 un r\u00e9cord de 345 armas ilegales en 2021, un 20% m\u00e1s que el recuento anterior m\u00e1s alto de 288 en 2020.<\/p>\n\n\n\n<p>Las estad\u00edsticas policiales registraron 114,454 llamadas de servicio de los residentes de Pasadena, de las cuales 62,330 llegaron a trav\u00e9s del 9-1-1.<\/p>\n\n\n\n<p>\u201cLa ciudad est\u00e1 en camino de implementar el uso de tecnolog\u00eda como ShotSpotter y lectores autom\u00e1ticos de matr\u00edculas (ALPR)\u201d, dijo Moody. \u201cDebemos usar nueva tecnolog\u00eda para disuadir futuros incidentes violentos y proporcionar recursos adicionales para resolver cr\u00edmenes\u201d.<\/p>\n\n\n\n<p>A diferencia de Pasadena, el cercano Los \u00c1ngeles experiment\u00f3 un aumento del 11,8 % en homicidios en 2021, mientras que los delitos violentos aumentaron un 3,9 % y los delitos contra la propiedad aumentaron un 4,2 %.<\/p>\n\n\n\n<p>El alcalde de Los \u00c1ngeles, Eric Garcetti, se\u00f1al\u00f3 en una declaraci\u00f3n reciente que Los \u00c1ngeles no es la \u00fanica ciudad que experimenta un aumento en los delitos violentos, un fen\u00f3meno que ha ocurrido en varias ciudades importantes de los EE. UU. desde el comienzo de la pandemia de COVID-19.<\/p>\n\n\n\n<p>De manera similar, el alguacil del condado de Los \u00c1ngeles, Alex Villanueva, dijo el jueves que los homicidios aumentaron de 2019 a 2021 en \u00e1reas vigiladas por su Departamento.<\/p>\n\n\n\n<p>Los datos del departamento para el a\u00f1o que finaliz\u00f3 el 31 de diciembre de 2021 mostraron &#8220;un salto de dos a\u00f1os, esto es comparar 2019 con 2021, que fue un aumento del 94,24% en homicidios, una gran cantidad&#8221;, dijo Villanueva. \u201cEsas son las malas noticias\u201d.<\/p>\n\n\n\n<figure class=\"wp-block-image alignnone size-large\"><figure class=\"alignnone\"><img loading=\"lazy\" width=\"652\" height=\"1024\" src=\"http:\/\/www.pasadenahoy.com\/primero\/wp-content\/uploads\/2022\/01\/pic1a-652x1024.png\" alt=\"\" class=\"wp-image-13833\" srcset=\"http:\/\/www.pasadenahoy.com\/primero\/wp-content\/uploads\/2022\/01\/pic1a-652x1024.png 652w, http:\/\/www.pasadenahoy.com\/primero\/wp-content\/uploads\/2022\/01\/pic1a-191x300.png 191w, http:\/\/www.pasadenahoy.com\/primero\/wp-content\/uploads\/2022\/01\/pic1a-83x130.png 83w, http:\/\/www.pasadenahoy.com\/primero\/wp-content\/uploads\/2022\/01\/pic1a-115x180.png 115w, http:\/\/www.pasadenahoy.com\/primero\/wp-content\/uploads\/2022\/01\/pic1a-360x565.png 360w, http:\/\/www.pasadenahoy.com\/primero\/wp-content\/uploads\/2022\/01\/pic1a.png 680w\" sizes=\"100vw\" \/><\/figure><\/figure>\n","protected":false},"excerpt":{"rendered":"<p>La polic\u00eda de Pasadena dijo que respondi\u00f3 a la menor cantidad de informes de delitos en una d\u00e9cada en 2021.Las estad\u00edsticas del Departamento muestran que los agentes registraron 3779 delitos en Pasadena el a\u00f1o pasado, lo que representa una reducci\u00f3n de solo un 2,7 % con respecto a 2020, pero un 13,3 % menos que el a\u00f1o con mayor cantidad de delitos de la d\u00e9cada, 2013. \u201cLos esfuerzos no solo de los miembros del Departamento de Polic\u00eda de Pasadena, sino [&hellip;]<\/p>\n","protected":false},"author":4,"featured_media":13832,"comment_status":"open","ping_status":"closed","sticky":false,"template":"","format":"standard","meta":[],"categories":[4],"tags":[],"acf":[],"_links":{"self":[{"href":"http:\/\/www.pasadenahoy.com\/primero\/wp-json\/wp\/v2\/posts\/13831"}],"collection":[{"href":"http:\/\/www.pasadenahoy.com\/primero\/wp-json\/wp\/v2\/posts"}],"about":[{"href":"http:\/\/www.pasadenahoy.com\/primero\/wp-json\/wp\/v2\/types\/post"}],"author":[{"embeddable":true,"href":"http:\/\/www.pasadenahoy.com\/primero\/wp-json\/wp\/v2\/users\/4"}],"replies":[{"embeddable":true,"href":"http:\/\/www.pasadenahoy.com\/primero\/wp-json\/wp\/v2\/comments?post=13831"}],"version-history":[{"count":2,"href":"http:\/\/www.pasadenahoy.com\/primero\/wp-json\/wp\/v2\/posts\/13831\/revisions"}],"predecessor-version":[{"id":13835,"href":"http:\/\/www.pasadenahoy.com\/primero\/wp-json\/wp\/v2\/posts\/13831\/revisions\/13835"}],"wp:featuredmedia":[{"embeddable":true,"href":"http:\/\/www.pasadenahoy.com\/primero\/wp-json\/wp\/v2\/media\/13832"}],"wp:attachment":[{"href":"http:\/\/www.pasadenahoy.com\/primero\/wp-json\/wp\/v2\/media?parent=13831"}],"wp:term":[{"taxonomy":"category","embeddable":true,"href":"http:\/\/www.pasadenahoy.com\/primero\/wp-json\/wp\/v2\/categories?post=13831"},{"taxonomy":"post_tag","embeddable":true,"href":"http:\/\/www.pasadenahoy.com\/primero\/wp-json\/wp\/v2\/tags?post=13831"}],"curies":[{"name":"wp","href":"https:\/\/api.w.org\/{rel}","templated":true}]}}