{"id":13836,"date":"2022-01-18T15:16:00","date_gmt":"2022-01-18T15:16:00","guid":{"rendered":"http:\/\/www.pasadenahoy.com\/primero\/?p=13836"},"modified":"2022-01-18T15:16:19","modified_gmt":"2022-01-18T15:16:19","slug":"pasadena-no-se-precipito-desde-la-autopista","status":"publish","type":"post","link":"http:\/\/www.pasadenahoy.com\/primero\/la-comunidad\/pasadena-no-se-precipito-desde-la-autopista\/","title":{"rendered":"Pasadena no se precipit\u00f3 desde la autopista"},"content":{"rendered":"\n<figure class=\"wp-block-image alignnone size-large\"><figure class=\"alignnone\"><img loading=\"lazy\" width=\"700\" height=\"378\" src=\"http:\/\/www.pasadenahoy.com\/primero\/wp-content\/uploads\/2022\/01\/pic-2-3.png\" alt=\"\" class=\"wp-image-13837\" srcset=\"http:\/\/www.pasadenahoy.com\/primero\/wp-content\/uploads\/2022\/01\/pic-2-3.png 700w, http:\/\/www.pasadenahoy.com\/primero\/wp-content\/uploads\/2022\/01\/pic-2-3-300x162.png 300w, http:\/\/www.pasadenahoy.com\/primero\/wp-content\/uploads\/2022\/01\/pic-2-3-241x130.png 241w, http:\/\/www.pasadenahoy.com\/primero\/wp-content\/uploads\/2022\/01\/pic-2-3-333x180.png 333w, http:\/\/www.pasadenahoy.com\/primero\/wp-content\/uploads\/2022\/01\/pic-2-3-360x194.png 360w\" sizes=\"100vw\" \/><\/figure><\/figure>\n\n\n\n<p>Los investigadores dicen que ahora concluyeron que un accidente automovil\u00edstico que mat\u00f3 a tres adolescentes en Michillinda Avenue debajo de la autopista 210 el domingo por la noche no se origin\u00f3 en la autopista.<\/p>\n\n\n\n<p>El accidente se inform\u00f3 alrededor de las 8:27 p.m. el domingo en Michillinda Avenue al sur de Foothill Boulevard, seg\u00fan la Patrulla de Carreteras de California.<\/p>\n\n\n\n<p>CHP hab\u00eda informado inicialmente que el veh\u00edculo cay\u00f3 a la calle desde la cercana autopista Foothill (210), seg\u00fan el informe de un testigo, pero el testigo \u201cse equivoc\u00f3\u201d, dijo el oficial de CHP Peter Nicholson.<\/p>\n\n\n\n<p>Seg\u00fan CHP, un joven de 17 a\u00f1os conduc\u00eda un Honda 2005 hacia el sur en Michillinda Avenue, acompa\u00f1ado por dos pasajeros varones, de 16 y 17 a\u00f1os, cuando ocurri\u00f3 el accidente.<\/p>\n\n\n\n<div class=\"wp-block-image alignright\"><figure class=\"alignright size-large\"><img loading=\"lazy\" width=\"328\" height=\"475\" src=\"http:\/\/www.pasadenahoy.com\/primero\/wp-content\/uploads\/2022\/01\/pic-2a.jpg\" alt=\"\" class=\"wp-image-13838\" srcset=\"http:\/\/www.pasadenahoy.com\/primero\/wp-content\/uploads\/2022\/01\/pic-2a.jpg 328w, http:\/\/www.pasadenahoy.com\/primero\/wp-content\/uploads\/2022\/01\/pic-2a-207x300.jpg 207w, http:\/\/www.pasadenahoy.com\/primero\/wp-content\/uploads\/2022\/01\/pic-2a-90x130.jpg 90w, http:\/\/www.pasadenahoy.com\/primero\/wp-content\/uploads\/2022\/01\/pic-2a-124x180.jpg 124w\" sizes=\"100vw\" \/><figcaption><span class=\"caption-text\">Los familiares del pasajero Nicholas Torres, de 17 a\u00f1os, de Monterey Park, proporcionaron a Pasadena Now un enlace que conten\u00eda esta fotograf\u00eda.<\/span><\/figcaption><\/figure><\/div>\n\n\n\n<p>\u201cPor razones desconocidas en este momento, el conductor perdi\u00f3 el control de su veh\u00edculo y choc\u00f3 con el borde de la acera de concreto elevado\u201d, inform\u00f3 CHP.<\/p>\n\n\n\n<p>\u201cContinu\u00f3 hacia el oeste y choc\u00f3 con la cerca de tela met\u00e1lica\u201d, inform\u00f3 el CHP. \u201cEl veh\u00edculo luego choc\u00f3 con (a) un terrapl\u00e9n de tierra \/ arbustos que descend\u00eda y se volc\u00f3\u201d.<\/p>\n\n\n\n<p>El conductor, Andyn Bae, de 17 a\u00f1os, y un pasajero, Eric Gullekson, de 16, ambos de Temple City, murieron en el lugar, seg\u00fan la oficina forense del condado de Los \u00c1ngeles y CHP. Bae habr\u00eda cumplido 18 a\u00f1os el lunes, inform\u00f3 la oficina del forense.<\/p>\n\n\n\n<p>El otro ni\u00f1o de 17 a\u00f1os, el pasajero Nicholas Torres, de 17 a\u00f1os, de Monterey Park, muri\u00f3 en un hospital, inform\u00f3 CHP.<\/p>\n\n\n\n<p>\u201cSe desconoce si el alcohol y\/o las drogas fueron un factor que contribuy\u00f3 a este accidente de tr\u00e1nsito\u201d, inform\u00f3 CHP.<\/p>\n\n\n\n<p>Se inst\u00f3 a cualquier persona con informaci\u00f3n sobre el accidente a llamar a la oficina del \u00e1rea de CHP Altadena al 626-296-8100.<\/p>\n","protected":false},"excerpt":{"rendered":"<p>Los investigadores dicen que ahora concluyeron que un accidente automovil\u00edstico que mat\u00f3 a tres adolescentes en Michillinda Avenue debajo de la autopista 210 el domingo por la noche no se origin\u00f3 en la autopista. El accidente se inform\u00f3 alrededor de las 8:27 p.m. el domingo en Michillinda Avenue al sur de Foothill Boulevard, seg\u00fan la Patrulla de Carreteras de California. CHP hab\u00eda informado inicialmente que el veh\u00edculo cay\u00f3 a la calle desde la cercana autopista Foothill (210), seg\u00fan el informe [&hellip;]<\/p>\n","protected":false},"author":4,"featured_media":13837,"comment_status":"open","ping_status":"closed","sticky":false,"template":"","format":"standard","meta":[],"categories":[4],"tags":[],"acf":[],"_links":{"self":[{"href":"http:\/\/www.pasadenahoy.com\/primero\/wp-json\/wp\/v2\/posts\/13836"}],"collection":[{"href":"http:\/\/www.pasadenahoy.com\/primero\/wp-json\/wp\/v2\/posts"}],"about":[{"href":"http:\/\/www.pasadenahoy.com\/primero\/wp-json\/wp\/v2\/types\/post"}],"author":[{"embeddable":true,"href":"http:\/\/www.pasadenahoy.com\/primero\/wp-json\/wp\/v2\/users\/4"}],"replies":[{"embeddable":true,"href":"http:\/\/www.pasadenahoy.com\/primero\/wp-json\/wp\/v2\/comments?post=13836"}],"version-history":[{"count":3,"href":"http:\/\/www.pasadenahoy.com\/primero\/wp-json\/wp\/v2\/posts\/13836\/revisions"}],"predecessor-version":[{"id":13841,"href":"http:\/\/www.pasadenahoy.com\/primero\/wp-json\/wp\/v2\/posts\/13836\/revisions\/13841"}],"wp:featuredmedia":[{"embeddable":true,"href":"http:\/\/www.pasadenahoy.com\/primero\/wp-json\/wp\/v2\/media\/13837"}],"wp:attachment":[{"href":"http:\/\/www.pasadenahoy.com\/primero\/wp-json\/wp\/v2\/media?parent=13836"}],"wp:term":[{"taxonomy":"category","embeddable":true,"href":"http:\/\/www.pasadenahoy.com\/primero\/wp-json\/wp\/v2\/categories?post=13836"},{"taxonomy":"post_tag","embeddable":true,"href":"http:\/\/www.pasadenahoy.com\/primero\/wp-json\/wp\/v2\/tags?post=13836"}],"curies":[{"name":"wp","href":"https:\/\/api.w.org\/{rel}","templated":true}]}}