{"id":13842,"date":"2022-01-18T15:21:22","date_gmt":"2022-01-18T15:21:22","guid":{"rendered":"http:\/\/www.pasadenahoy.com\/primero\/?p=13842"},"modified":"2022-01-18T15:21:24","modified_gmt":"2022-01-18T15:21:24","slug":"el-recuento-de-pacientes-positivos-cae-considerablemente-durante-el-fin-de-semana","status":"publish","type":"post","link":"http:\/\/www.pasadenahoy.com\/primero\/la-comunidad\/el-recuento-de-pacientes-positivos-cae-considerablemente-durante-el-fin-de-semana\/","title":{"rendered":"El recuento de pacientes positivos cae considerablemente durante el fin de semana"},"content":{"rendered":"\n<p>El n\u00famero de pacientes con COVID-19 positivo en los hospitales del condado de Los \u00c1ngeles volvi\u00f3 a aumentar el lunes en marcado contraste con el conteo del Hospital Huntington de Pasadena, que registr\u00f3 una ca\u00edda de un d\u00eda del 15% de sus pacientes con COVID-19 positivo.<\/p>\n\n\n\n<div class=\"wp-block-image alignright\"><figure class=\"alignright size-large\"><img loading=\"lazy\" width=\"700\" height=\"378\" src=\"http:\/\/www.pasadenahoy.com\/primero\/wp-content\/uploads\/2022\/01\/pic-3-2.png\" alt=\"\" class=\"wp-image-13843\" srcset=\"http:\/\/www.pasadenahoy.com\/primero\/wp-content\/uploads\/2022\/01\/pic-3-2.png 700w, http:\/\/www.pasadenahoy.com\/primero\/wp-content\/uploads\/2022\/01\/pic-3-2-300x162.png 300w, http:\/\/www.pasadenahoy.com\/primero\/wp-content\/uploads\/2022\/01\/pic-3-2-241x130.png 241w, http:\/\/www.pasadenahoy.com\/primero\/wp-content\/uploads\/2022\/01\/pic-3-2-333x180.png 333w, http:\/\/www.pasadenahoy.com\/primero\/wp-content\/uploads\/2022\/01\/pic-3-2-360x194.png 360w\" sizes=\"100vw\" \/><\/figure><\/div>\n\n\n\n<p>El hospital dijo que estaba atendiendo a 94 pacientes infectados con coronavirus el lunes, frente a los 110 del s\u00e1bado. El 82 por ciento de los que permanecieron en el hospital no estaban vacunados.<\/p>\n\n\n\n<p>La unidad de cuidados intensivos del Huntington Hospital inform\u00f3 14 pacientes con covid-positivo, de los cuales el 88 por ciento no estaban vacunados.<\/p>\n\n\n\n<p>Mientras tanto, el condado en general alcanz\u00f3 un nivel de hospitalizaci\u00f3n casi seis veces mayor que el n\u00famero de hace solo un mes.<\/p>\n\n\n\n<p>El lunes tambi\u00e9n se informaron otras 27 muertes relacionadas con el virus, lo que elev\u00f3 el n\u00famero total de muertes del condado durante la pandemia a 28,086. El condado report\u00f3 casi 120 muertes durante el fin de semana.<\/p>\n\n\n\n<p>El Departamento de Salud P\u00fablica del condado confirm\u00f3 otras 31,576 nuevas infecciones por COVID, una cifra que probablemente sea baja debido a los retrasos en los informes de fin de semana de los laboratorios de pruebas. Hasta la fecha, el condado ha confirmado 2,289,045 casos desde que comenz\u00f3 la pandemia.<\/p>\n\n\n\n<p>El Departamento de Salud de Pasadena no informa los fines de semana. Se ha retrasado en la presentaci\u00f3n de informes debido al gran aumento reciente y no ha anunciado muertes o nuevas infecciones desde el mi\u00e9rcoles 11 de enero.<\/p>\n\n\n\n<p>Seg\u00fan cifras estatales, hab\u00eda 4564 pacientes con COVID positivo en los hospitales del condado hasta el lunes, un poco m\u00e1s que los 4507 del domingo. El n\u00famero de esos pacientes en cuidados intensivos fue de 621, una ligera reducci\u00f3n con respecto a los 622 del d\u00eda anterior.<\/p>\n\n\n\n<p>Hace un mes, solo hab\u00eda 772 pacientes con COVID positivo en los hospitales del condado. El r\u00e1pido aumento se ha atribuido a la propagaci\u00f3n de la variante Omicron altamente transmisible del virus.<\/p>\n\n\n\n<p>Si hay alguna se\u00f1al positiva de que el aumento actual podr\u00eda disminuir pronto, es en la tasa diaria promedio de personas que dan positivo por el virus. Ese porcentaje ha estado cayendo ligeramente durante la \u00faltima semana, alcanzando el 16,5% el lunes, por debajo del 17,2% del domingo. La tasa superaba el 20% hace una semana.<\/p>\n\n\n\n<p>Sin embargo, los funcionarios de salud se\u00f1alaron que, incluso con un 16,5 %, la tasa sigue siendo ocho veces m\u00e1s alta que la tasa de positividad de las pruebas del 2 % hace un mes.<\/p>\n\n\n\n<p>Al publicar los n\u00fameros de COVID el lunes, la directora de salud p\u00fablica del condado, Barbara Ferrer, reconoci\u00f3 el feriado de Martin Luther King Jr. y la disparidad continua en las infecciones por virus y muertes entre las comunidades de color.<\/p>\n\n\n\n<p>\u201cComo dijo memorablemente el Reverendo King, &#8216;De todas las formas de desigualdad, la injusticia en la salud es la m\u00e1s impactante e inhumana porque a menudo resulta en la muerte f\u00edsica\u201d, dijo Ferrer en un comunicado. \u201cTr\u00e1gicamente, hemos visto que esto se desarrolla en la vida real y muy claramente en los \u00faltimos dos a\u00f1os con los impactos dispares de la pandemia de COVID-19 en las personas de color. Desde el inicio de la pandemia, las comunidades de color han experimentado la mayor devastaci\u00f3n por el COVID-19 en el condado de Los \u00c1ngeles y en todo el pa\u00eds.<\/p>\n\n\n\n<p>\u201cA medida que continuamos implementando estrategias: hacer cumplir las protecciones de los trabajadores a trav\u00e9s de nuestras \u00d3rdenes de Oficiales de Salud, proporcionar los recursos que muchos necesitan para sobrevivir al impacto de la pandemia, financiar organizaciones comunitarias en \u00e1reas muy afectadas para que sirvan como mensajeros confiables de salud p\u00fablica y aumentar la vacunaci\u00f3n. acceso en vecindarios de escasos recursos: tambi\u00e9n debemos unirnos para abordar el impacto que el racismo, la desinversi\u00f3n hist\u00f3rica y la marginaci\u00f3n social tienen en los resultados de COVID-19\u201d, dijo.<\/p>\n\n\n\n<p>\u201cSi bien estas condiciones son anteriores a la pandemia, sin acciones colectivas deliberadas para abordar las causas fundamentales de las inequidades en salud, es poco probable que cierremos las brechas que hemos documentado durante dos largos a\u00f1os\u201d.<\/p>\n\n\n\n<p>Los funcionarios de salud han estado expresando su preocupaci\u00f3n por el aumento actual de casos que afectan a un sistema hospitalario que ya est\u00e1 sobrecargado por la escasez de personal, que se ha visto agravada a\u00fan m\u00e1s por las infecciones de COVID entre los profesionales de la salud, lo que les impide ir a trabajar.<\/p>\n\n\n\n<p>Contin\u00faan instando a las personas a evitar ir a una sala de emergencias a menos que sea absolutamente necesario, y les pidieron que visiten la sala de emergencias de un hospital para hacerse la prueba de COVID.<\/p>\n\n\n\n<p>Ferrer tambi\u00e9n ha instado a los residentes a evitar actividades peligrosas en las pr\u00f3ximas semanas, particularmente aquellas que se realizan en interiores y que implican mezclarse con personas no vacunadas o de mayor riesgo. Tambi\u00e9n enfatiz\u00f3 que si bien la variante Omicron es f\u00e1cilmente capaz de infectar a las personas vacunadas, las vacunas a\u00fan est\u00e1n demostrando ser efectivas para evitar que las personas infectadas terminen hospitalizadas.<\/p>\n\n\n\n<p>Hizo un llamado a los residentes para que se vacunaran y obtuvieran vacunas de refuerzo; use m\u00e1scaras mejoradas como las variedades N95, KN95 o KF94; y hacerse la prueba, diciendo que el condado ampli\u00f3 dr\u00e1sticamente la disponibilidad de pruebas despu\u00e9s de la escasez hace dos semanas que provoc\u00f3 largas filas en algunos centros de pruebas.<\/p>\n","protected":false},"excerpt":{"rendered":"<p>El n\u00famero de pacientes con COVID-19 positivo en los hospitales del condado de Los \u00c1ngeles volvi\u00f3 a aumentar el lunes en marcado contraste con el conteo del Hospital Huntington de Pasadena, que registr\u00f3 una ca\u00edda de un d\u00eda del 15% de sus pacientes con COVID-19 positivo. El hospital dijo que estaba atendiendo a 94 pacientes infectados con coronavirus el lunes, frente a los 110 del s\u00e1bado. El 82 por ciento de los que permanecieron en el hospital no estaban vacunados. [&hellip;]<\/p>\n","protected":false},"author":4,"featured_media":13843,"comment_status":"open","ping_status":"closed","sticky":false,"template":"","format":"standard","meta":[],"categories":[4],"tags":[],"acf":[],"_links":{"self":[{"href":"http:\/\/www.pasadenahoy.com\/primero\/wp-json\/wp\/v2\/posts\/13842"}],"collection":[{"href":"http:\/\/www.pasadenahoy.com\/primero\/wp-json\/wp\/v2\/posts"}],"about":[{"href":"http:\/\/www.pasadenahoy.com\/primero\/wp-json\/wp\/v2\/types\/post"}],"author":[{"embeddable":true,"href":"http:\/\/www.pasadenahoy.com\/primero\/wp-json\/wp\/v2\/users\/4"}],"replies":[{"embeddable":true,"href":"http:\/\/www.pasadenahoy.com\/primero\/wp-json\/wp\/v2\/comments?post=13842"}],"version-history":[{"count":2,"href":"http:\/\/www.pasadenahoy.com\/primero\/wp-json\/wp\/v2\/posts\/13842\/revisions"}],"predecessor-version":[{"id":13845,"href":"http:\/\/www.pasadenahoy.com\/primero\/wp-json\/wp\/v2\/posts\/13842\/revisions\/13845"}],"wp:featuredmedia":[{"embeddable":true,"href":"http:\/\/www.pasadenahoy.com\/primero\/wp-json\/wp\/v2\/media\/13843"}],"wp:attachment":[{"href":"http:\/\/www.pasadenahoy.com\/primero\/wp-json\/wp\/v2\/media?parent=13842"}],"wp:term":[{"taxonomy":"category","embeddable":true,"href":"http:\/\/www.pasadenahoy.com\/primero\/wp-json\/wp\/v2\/categories?post=13842"},{"taxonomy":"post_tag","embeddable":true,"href":"http:\/\/www.pasadenahoy.com\/primero\/wp-json\/wp\/v2\/tags?post=13842"}],"curies":[{"name":"wp","href":"https:\/\/api.w.org\/{rel}","templated":true}]}}