{"id":13846,"date":"2022-01-18T15:25:07","date_gmt":"2022-01-18T15:25:07","guid":{"rendered":"http:\/\/www.pasadenahoy.com\/primero\/?p=13846"},"modified":"2022-01-18T15:25:08","modified_gmt":"2022-01-18T15:25:08","slug":"la-comision-de-planificacion-aprueba-enmiendas-a-la-ordenanza-de-preservacion-historica-de-la-ciudad","status":"publish","type":"post","link":"http:\/\/www.pasadenahoy.com\/primero\/el-gobierno-local\/la-comision-de-planificacion-aprueba-enmiendas-a-la-ordenanza-de-preservacion-historica-de-la-ciudad\/","title":{"rendered":"La Comisi\u00f3n de Planificaci\u00f3n aprueba enmiendas a la Ordenanza de Preservaci\u00f3n Hist\u00f3rica de la Ciudad"},"content":{"rendered":"\n<figure class=\"wp-block-image alignnone size-large\"><figure class=\"alignnone\"><img loading=\"lazy\" width=\"700\" height=\"378\" src=\"http:\/\/www.pasadenahoy.com\/primero\/wp-content\/uploads\/2022\/01\/pic-4-8.jpg\" alt=\"\" class=\"wp-image-13847\" srcset=\"http:\/\/www.pasadenahoy.com\/primero\/wp-content\/uploads\/2022\/01\/pic-4-8.jpg 700w, http:\/\/www.pasadenahoy.com\/primero\/wp-content\/uploads\/2022\/01\/pic-4-8-300x162.jpg 300w, http:\/\/www.pasadenahoy.com\/primero\/wp-content\/uploads\/2022\/01\/pic-4-8-241x130.jpg 241w, http:\/\/www.pasadenahoy.com\/primero\/wp-content\/uploads\/2022\/01\/pic-4-8-333x180.jpg 333w, http:\/\/www.pasadenahoy.com\/primero\/wp-content\/uploads\/2022\/01\/pic-4-8-360x194.jpg 360w\" sizes=\"100vw\" \/><\/figure><\/figure>\n\n\n\n<p>La Comisi\u00f3n de Planificaci\u00f3n en su reuni\u00f3n reciente vot\u00f3 un\u00e1nimemente para aprobar las enmiendas propuestas a la Ordenanza de Preservaci\u00f3n Hist\u00f3rica (HPO) de la ciudad, que entr\u00f3 en vigencia en abril.<\/p>\n\n\n\n<p>La comisi\u00f3n adopt\u00f3 todas las recomendaciones enumeradas en el informe del personal excepto la recomendaci\u00f3n de especificar el reemplazo de ventanas como un proyecto menor a menos que se propongan dos o m\u00e1s cambios al dise\u00f1o original de la ventana.<\/p>\n\n\n\n<p>La comisi\u00f3n decidi\u00f3 exigir que incluso un solo cambio en el dise\u00f1o de la ventana se presentara ante la Comisi\u00f3n de Preservaci\u00f3n Hist\u00f3rica (HPC) para su evaluaci\u00f3n. Estuvieron de acuerdo en que este es un requisito necesario, ya que servir\u00e1 como elemento disuasorio para las personas que desean cambiar la caracter\u00edstica que define el car\u00e1cter de sus ventanas.<\/p>\n\n\n\n<p>La comisi\u00f3n tambi\u00e9n decidi\u00f3 incluir en la ordenanza una disposici\u00f3n que exige la realizaci\u00f3n de encuestas en toda la ciudad para ampliar la aplicaci\u00f3n y determinaci\u00f3n de distritos emblem\u00e1ticos elegibles en la ciudad.<\/p>\n\n\n\n<p>Adem\u00e1s, la ordenanza adoptada por la comisi\u00f3n tambi\u00e9n &#8220;limitar\u00e1 el requisito de Evaluaci\u00f3n de Recursos Hist\u00f3ricos (HRE) a evaluaciones para la elegibilidad individual \u00fanicamente y no para la elegibilidad de puntos de referencia o distritos hist\u00f3ricos&#8221;.<\/p>\n\n\n\n<p>El HPO, que entr\u00f3 en vigencia el a\u00f1o pasado, requiere una HRE de vecindarios para la elegibilidad del Distrito Landmark en respuesta a una demolici\u00f3n propuesta o un proyecto de alteraci\u00f3n importante.<\/p>\n\n\n\n<p>Antes de la vigencia de la ordenanza, el establecimiento de distritos emblem\u00e1ticos era un proceso iniciado y propuesto por los propietarios de un vecindario.<\/p>\n\n\n\n<p>El personal de la ciudad dijo anteriormente que las enmiendas a la HPO son necesarias para que el hist\u00f3rico proceso del distrito vuelva a ser un &#8220;proceso impulsado por el vecindario&#8221;.<\/p>\n","protected":false},"excerpt":{"rendered":"<p>La Comisi\u00f3n de Planificaci\u00f3n en su reuni\u00f3n reciente vot\u00f3 un\u00e1nimemente para aprobar las enmiendas propuestas a la Ordenanza de Preservaci\u00f3n Hist\u00f3rica (HPO) de la ciudad, que entr\u00f3 en vigencia en abril. La comisi\u00f3n adopt\u00f3 todas las recomendaciones enumeradas en el informe del personal excepto la recomendaci\u00f3n de especificar el reemplazo de ventanas como un proyecto menor a menos que se propongan dos o m\u00e1s cambios al dise\u00f1o original de la ventana. La comisi\u00f3n decidi\u00f3 exigir que incluso un solo cambio [&hellip;]<\/p>\n","protected":false},"author":4,"featured_media":0,"comment_status":"open","ping_status":"closed","sticky":false,"template":"","format":"standard","meta":[],"categories":[6],"tags":[],"acf":[],"_links":{"self":[{"href":"http:\/\/www.pasadenahoy.com\/primero\/wp-json\/wp\/v2\/posts\/13846"}],"collection":[{"href":"http:\/\/www.pasadenahoy.com\/primero\/wp-json\/wp\/v2\/posts"}],"about":[{"href":"http:\/\/www.pasadenahoy.com\/primero\/wp-json\/wp\/v2\/types\/post"}],"author":[{"embeddable":true,"href":"http:\/\/www.pasadenahoy.com\/primero\/wp-json\/wp\/v2\/users\/4"}],"replies":[{"embeddable":true,"href":"http:\/\/www.pasadenahoy.com\/primero\/wp-json\/wp\/v2\/comments?post=13846"}],"version-history":[{"count":2,"href":"http:\/\/www.pasadenahoy.com\/primero\/wp-json\/wp\/v2\/posts\/13846\/revisions"}],"predecessor-version":[{"id":13849,"href":"http:\/\/www.pasadenahoy.com\/primero\/wp-json\/wp\/v2\/posts\/13846\/revisions\/13849"}],"wp:attachment":[{"href":"http:\/\/www.pasadenahoy.com\/primero\/wp-json\/wp\/v2\/media?parent=13846"}],"wp:term":[{"taxonomy":"category","embeddable":true,"href":"http:\/\/www.pasadenahoy.com\/primero\/wp-json\/wp\/v2\/categories?post=13846"},{"taxonomy":"post_tag","embeddable":true,"href":"http:\/\/www.pasadenahoy.com\/primero\/wp-json\/wp\/v2\/tags?post=13846"}],"curies":[{"name":"wp","href":"https:\/\/api.w.org\/{rel}","templated":true}]}}