{"id":13866,"date":"2022-01-19T15:08:56","date_gmt":"2022-01-19T15:08:56","guid":{"rendered":"http:\/\/www.pasadenahoy.com\/primero\/?p=13866"},"modified":"2022-01-19T15:08:58","modified_gmt":"2022-01-19T15:08:58","slug":"la-iniciativa-de-la-boleta-exigiria-licencias-de-cannabis-para-algunos-solicitantes-locales-de-equidad-social","status":"publish","type":"post","link":"http:\/\/www.pasadenahoy.com\/primero\/la-comunidad\/la-iniciativa-de-la-boleta-exigiria-licencias-de-cannabis-para-algunos-solicitantes-locales-de-equidad-social\/","title":{"rendered":"La iniciativa de la boleta exigir\u00eda licencias de cannabis para algunos solicitantes locales de equidad social"},"content":{"rendered":"\n<figure class=\"wp-block-image alignnone size-large\"><figure class=\"alignnone\"><img loading=\"lazy\" width=\"740\" height=\"399\" src=\"http:\/\/www.pasadenahoy.com\/primero\/wp-content\/uploads\/2022\/01\/pic-2-4.png\" alt=\"\" class=\"wp-image-13867\" srcset=\"http:\/\/www.pasadenahoy.com\/primero\/wp-content\/uploads\/2022\/01\/pic-2-4.png 740w, http:\/\/www.pasadenahoy.com\/primero\/wp-content\/uploads\/2022\/01\/pic-2-4-300x162.png 300w, http:\/\/www.pasadenahoy.com\/primero\/wp-content\/uploads\/2022\/01\/pic-2-4-241x130.png 241w, http:\/\/www.pasadenahoy.com\/primero\/wp-content\/uploads\/2022\/01\/pic-2-4-334x180.png 334w, http:\/\/www.pasadenahoy.com\/primero\/wp-content\/uploads\/2022\/01\/pic-2-4-700x377.png 700w, http:\/\/www.pasadenahoy.com\/primero\/wp-content\/uploads\/2022\/01\/pic-2-4-360x194.png 360w, http:\/\/www.pasadenahoy.com\/primero\/wp-content\/uploads\/2022\/01\/pic-2-4-720x388.png 720w\" sizes=\"100vw\" \/><\/figure><\/figure>\n\n\n\n<p>Una nueva iniciativa electoral permitir\u00eda que m\u00e1s dispensarios de cannabis hicieran negocios en Pasadena.<\/p>\n\n\n\n<p>La Iniciativa Popular para Establecer la Propiedad Local de Negocios Minoristas Comerciales de Cannabis cambiar\u00eda el c\u00f3digo municipal de la ciudad para permitir 11 licencias de cannabis, la mitad de las cuales deben ser solicitantes de equidad social y residentes locales que se han visto afectados por la guerra contra las drogas, que vio negros y latinos. arrestados y enviados a prisi\u00f3n por cargos de marihuana mucho m\u00e1s que sus contrapartes blancas.<\/p>\n\n\n\n<p>A pesar de esas injusticias, los programas de equidad social destinados a ayudar a negros y latinos a eliminar sus registros y participar en la industria del cannabis han enfrentado retrasos.<\/p>\n\n\n\n<p>\u201cSe informa que la compa\u00f1\u00eda del multimillonario Jay-Z compr\u00f3 una de las dos tiendas de cannabis en funcionamiento en Pasadena y la tienda restante es propiedad de una compa\u00f1\u00eda de $ 4 mil millones con sede en Chicago\u201d, dijo Martin Truitt, quien present\u00f3 una copia modificada de la iniciativa. \u201cPropongo que al menos la mitad de esta oportunidad econ\u00f3mica legal y lucrativa de $75 millones se destine a los residentes calificados de equidad social de Pasadena que se vieron afectados por la decisi\u00f3n injusta de la ciudad de Pasadena de continuar criminalizando esta actividad mucho despu\u00e9s de que los residentes votaron a favor de legalizarla. Fue un error entregar esta gran oportunidad a los multimillonarios en lugar de a los residentes de Pasadena y ese error debe corregirse\u201d.<\/p>\n\n\n\n<p>La medida electoral fue revisada la semana pasada. De acuerdo con el c\u00f3digo electoral, la abogada municipal Michele Bagneris debe proporcionar y devolver al secretario municipal un t\u00edtulo de la boleta y un resumen de la medida propuesta dentro de los 15 d\u00edas.<\/p>\n\n\n\n<p>Despu\u00e9s de eso, los organizadores de la petici\u00f3n deben recolectar miles de firmas. Si las firmas est\u00e1n certificadas, el Concejo Municipal puede adoptar la medida como ordenanza, presentar la ordenanza sin alteraci\u00f3n a los votantes u ordenar un informe sobre los impactos de la iniciativa para el concejo dentro de los 30 d\u00edas posteriores a la fecha de certificaci\u00f3n de las firmas. . Despu\u00e9s del informe, el consejo puede someter la iniciativa a votaci\u00f3n o presentar su propia iniciativa para anular la otra medida.<\/p>\n\n\n\n<p>hierba local<\/p>\n\n\n\n<p>Los residentes locales aprobaron abrumadoramente la Medida CC que permiti\u00f3 que hasta seis dispensarios locales operaran en Pasadena.<\/p>\n\n\n\n<p>Medmen, Integral, Harvest, Tony Fong, Atrium y Sweetflower terminaron en la cima del costoso y altamente competitivo proceso de la ciudad en el que compitieron 128 operadores de cannabis.<\/p>\n\n\n\n<p>Posteriormente, Medmen fue eliminado del proceso por el entonces administrador de la ciudad, Steve Mermell. Desde entonces, solo dos dispensarios han logrado abrir.<\/p>\n\n\n\n<p>El proceso result\u00f3 en acusaciones entre los solicitantes y m\u00faltiples demandas por parte de los solicitantes que no avanzaron en el proceso.<\/p>\n\n\n\n<p>A Atrium y Sweetflower se les neg\u00f3 inicialmente cuando intentaron solicitar permisos en el Distrito 3, aunque eso se revirti\u00f3 y se permiti\u00f3 que Sweetflower volviera al proceso y Medmen se elimin\u00f3 por completo despu\u00e9s de que se dictamin\u00f3 que el personal clave de la empresa hab\u00eda cambiado desde que su solicitud fue archivado.<\/p>\n\n\n\n<p>Integral y Fong han abierto y Harvest se est\u00e1 preparando para hacer negocios tambi\u00e9n.<\/p>\n\n\n\n<p>M\u00e1s hierba<\/p>\n\n\n\n<p>La iniciativa abrir\u00eda a\u00fan m\u00e1s el proceso.<\/p>\n\n\n\n<p>De acuerdo con la iniciativa, la ciudad emitir\u00e1 un total acumulativo de 11 permisos de venta minorista de cannabis, la mitad de ellos para solicitantes de equidad social, y completar\u00e1 el proceso de solicitud de revisi\u00f3n y calificaci\u00f3n a m\u00e1s tardar 120 d\u00edas despu\u00e9s de la fecha de vigencia de la ordenanza.<\/p>\n\n\n\n<p>Un m\u00ednimo del cincuenta por ciento de todos los permisos de venta minorista de cannabis emitidos se otorgar\u00e1n a &#8220;Solicitantes de equidad social&#8221;.<\/p>\n\n\n\n<p>Los nuevos permisos de venta al por menor de cannabis se expedir\u00e1n exclusivamente a Solicitantes de Equidad Social hasta que se haya alcanzado un umbral m\u00ednimo del cincuenta (50) por ciento. \u201cSolicitante de capital\u201d se refiere a un Solicitante que tiene al menos el 50% de la propiedad de una persona individual que es residente de Pasadena en el momento de la solicitud; y fue citado, arrestado o condenado despu\u00e9s del 5 de noviembre de 1996 y antes del 31 de diciembre de 2019 por la venta de cannabis presuntamente cometida en Pasadena, California o fue citado, arrestado o condenado por posesi\u00f3n de cannabis despu\u00e9s del 5 de noviembre , 1996 y antes del 31 de diciembre de 2019 y tiene un ingreso familiar promedio inferior al promedio de la ciudad de Pasadena de 2020 seg\u00fan lo determinado por el censo de EE. UU.<\/p>\n\n\n\n<p>algo de interes<\/p>\n\n\n\n<p>Truitt dijo que tiene la esperanza de que no sea necesaria una medida electoral y que el Ayuntamiento de Pasadena avance por s\u00ed mismo para establecer un programa de licencias de equidad social.<\/p>\n\n\n\n<p>El Concejo Municipal expres\u00f3 inter\u00e9s en un programa de equidad social el a\u00f1o pasado cuando un concejo dividido vot\u00f3 para aumentar la cantidad de operadores de cannabis que pueden operar en el Distrito 3.<\/p>\n\n\n\n<p>En ese momento, el concejal John Kennedy, que representa a los vecindarios del Distrito 3, se pronunci\u00f3 a favor de la equidad social.<\/p>\n\n\n\n<p>\u201cEstamos aqu\u00ed hoy y ni siquiera estamos discutiendo la equidad social, pero est\u00e1n dispuestos a poner tres dispensarios en el Distrito 3 sin equidad social\u201d, dijo. <\/p>\n\n\n\n<p>Kennedy. \u201cEs discriminatorio. Ning\u00fan afroamericano o latino est\u00e1 en la cola para recibir una licencia\u201d.<\/p>\n\n\n\n<p>El consejo acord\u00f3 realizar una discusi\u00f3n sobre un programa de equidad social en abril. El martes, el vicealcalde Andy Wilson le dijo a Pasadena Now que todav\u00eda estaba interesado en una discusi\u00f3n sobre el tema.<\/p>\n\n\n\n<p>\u201cEstoy a favor de explorar las mejores pr\u00e1cticas [sobre] equidad social y ver si algunas de ellas pueden tener sentido en Pasadena\u201d, dijo Wilson. \u201cEs preocupante cuando una iniciativa electoral elude la formulaci\u00f3n de pol\u00edticas m\u00e1s sistem\u00e1tica (\u00a1aunque a menudo lenta!) de un cuerpo legislativo; dicho esto, a\u00fan no he visto un an\u00e1lisis de lo que se propone\u201d.<\/p>\n\n\n\n<p>la guerra de nixon<\/p>\n\n\n\n<p>La iniciativa podr\u00eda ser una de las primeras en el estado en dar deferencia a las personas arrestadas en la Guerra contra las Drogas de la naci\u00f3n que comenz\u00f3 bajo el presidente Richard Nixon en 1971.<\/p>\n\n\n\n<p>Nixon us\u00f3 la pol\u00edtica popular para vilipendiar a los defensores contra la guerra y a los j\u00f3venes negros, dos grupos que se opon\u00edan firmemente a \u00e9l, seg\u00fan John Ehrlichman, quien se desempe\u00f1\u00f3 como abogado de Nixon y fue asistente del presidente en asuntos internos.<\/p>\n\n\n\n<p>\u201cSab\u00edamos que no pod\u00edamos hacer ilegal estar en contra de la guerra o de los negros, pero al hacer que el p\u00fablico asociara a los hippies con la marihuana y a los negros con la hero\u00edna, y luego criminalizarlos fuertemente, podr\u00edamos perturbar esas comunidades\u201d, dijo. Harper&#8217;s Magazine en 1994. \u201cPodr\u00edamos arrestar a sus l\u00edderes, asaltar sus casas, disolver sus reuniones y vilipendiarlos noche tras noche en las noticias de la noche. \u00bfSab\u00edamos que est\u00e1bamos mintiendo sobre las drogas? Por supuesto que lo hicimos.<\/p>\n\n\n\n<p>A principios de la d\u00e9cada de 1980, el presidente Ronald Reagan firm\u00f3 la Ley de Control Integral del Crimen en 1984, que establec\u00eda sentencias m\u00ednimas obligatorias y ampliaba otras penas.<\/p>\n\n\n\n<p>\u201cEl comercio ilegal de drogas es la fuente de delitos violentos en Pasadena\u201d, dijo Truitt. \u201cDesde una perspectiva de pol\u00edtica p\u00fablica, debemos actuar de inmediato para reemplazar el mercado ilegal de marihuana que a\u00fan existe en Pasadena con un sistema regulado y de propiedad local que proteja la salud y la seguridad p\u00fablicas\u201d.<\/p>\n\n\n\n<p><\/p>\n","protected":false},"excerpt":{"rendered":"<p>Una nueva iniciativa electoral permitir\u00eda que m\u00e1s dispensarios de cannabis hicieran negocios en Pasadena. La Iniciativa Popular para Establecer la Propiedad Local de Negocios Minoristas Comerciales de Cannabis cambiar\u00eda el c\u00f3digo municipal de la ciudad para permitir 11 licencias de cannabis, la mitad de las cuales deben ser solicitantes de equidad social y residentes locales que se han visto afectados por la guerra contra las drogas, que vio negros y latinos. arrestados y enviados a prisi\u00f3n por cargos de marihuana [&hellip;]<\/p>\n","protected":false},"author":4,"featured_media":13867,"comment_status":"open","ping_status":"closed","sticky":false,"template":"","format":"standard","meta":[],"categories":[4],"tags":[],"acf":[],"_links":{"self":[{"href":"http:\/\/www.pasadenahoy.com\/primero\/wp-json\/wp\/v2\/posts\/13866"}],"collection":[{"href":"http:\/\/www.pasadenahoy.com\/primero\/wp-json\/wp\/v2\/posts"}],"about":[{"href":"http:\/\/www.pasadenahoy.com\/primero\/wp-json\/wp\/v2\/types\/post"}],"author":[{"embeddable":true,"href":"http:\/\/www.pasadenahoy.com\/primero\/wp-json\/wp\/v2\/users\/4"}],"replies":[{"embeddable":true,"href":"http:\/\/www.pasadenahoy.com\/primero\/wp-json\/wp\/v2\/comments?post=13866"}],"version-history":[{"count":2,"href":"http:\/\/www.pasadenahoy.com\/primero\/wp-json\/wp\/v2\/posts\/13866\/revisions"}],"predecessor-version":[{"id":13869,"href":"http:\/\/www.pasadenahoy.com\/primero\/wp-json\/wp\/v2\/posts\/13866\/revisions\/13869"}],"wp:featuredmedia":[{"embeddable":true,"href":"http:\/\/www.pasadenahoy.com\/primero\/wp-json\/wp\/v2\/media\/13867"}],"wp:attachment":[{"href":"http:\/\/www.pasadenahoy.com\/primero\/wp-json\/wp\/v2\/media?parent=13866"}],"wp:term":[{"taxonomy":"category","embeddable":true,"href":"http:\/\/www.pasadenahoy.com\/primero\/wp-json\/wp\/v2\/categories?post=13866"},{"taxonomy":"post_tag","embeddable":true,"href":"http:\/\/www.pasadenahoy.com\/primero\/wp-json\/wp\/v2\/tags?post=13866"}],"curies":[{"name":"wp","href":"https:\/\/api.w.org\/{rel}","templated":true}]}}