{"id":13870,"date":"2022-01-19T15:13:01","date_gmt":"2022-01-19T15:13:01","guid":{"rendered":"http:\/\/www.pasadenahoy.com\/primero\/?p=13870"},"modified":"2022-01-19T15:13:02","modified_gmt":"2022-01-19T15:13:02","slug":"el-comite-de-seguridad-publica-recibira-actualizacion-sobre-la-implementacion-de-la-ley-de-raza-y-perfil-de-identificacion-del-departamento-de-policia","status":"publish","type":"post","link":"http:\/\/www.pasadenahoy.com\/primero\/la-comunidad\/el-comite-de-seguridad-publica-recibira-actualizacion-sobre-la-implementacion-de-la-ley-de-raza-y-perfil-de-identificacion-del-departamento-de-policia\/","title":{"rendered":"El Comit\u00e9 de Seguridad P\u00fablica Recibir\u00e1 Actualizaci\u00f3n sobre la Implementaci\u00f3n de la Ley de Raza y Perfil de Identificaci\u00f3n del Departamento de Polic\u00eda"},"content":{"rendered":"\n<figure class=\"wp-block-image alignnone size-large\"><figure class=\"alignnone\"><img loading=\"lazy\" width=\"700\" height=\"378\" src=\"http:\/\/www.pasadenahoy.com\/primero\/wp-content\/uploads\/2022\/01\/pic-3-9.jpg\" alt=\"\" class=\"wp-image-13871\" srcset=\"http:\/\/www.pasadenahoy.com\/primero\/wp-content\/uploads\/2022\/01\/pic-3-9.jpg 700w, http:\/\/www.pasadenahoy.com\/primero\/wp-content\/uploads\/2022\/01\/pic-3-9-300x162.jpg 300w, http:\/\/www.pasadenahoy.com\/primero\/wp-content\/uploads\/2022\/01\/pic-3-9-241x130.jpg 241w, http:\/\/www.pasadenahoy.com\/primero\/wp-content\/uploads\/2022\/01\/pic-3-9-333x180.jpg 333w, http:\/\/www.pasadenahoy.com\/primero\/wp-content\/uploads\/2022\/01\/pic-3-9-360x194.jpg 360w\" sizes=\"100vw\" \/><\/figure><\/figure>\n\n\n\n<p>El Comit\u00e9 de Seguridad P\u00fablica del Concejo Municipal de Pasadena recibir\u00e1 una sesi\u00f3n informativa el mi\u00e9rcoles del Departamento de Polic\u00eda de Pasadena sobre el progreso que ha logrado el Departamento en la implementaci\u00f3n de la Ley de Perfil de Raza e Identificaci\u00f3n de California (RIPA) de 2015, que el gobernador Jerry Brown promulg\u00f3 como ley en 2015. y entr\u00f3 en vigor en 2018.<\/p>\n\n\n\n<p>La RIPA, tambi\u00e9n llamada AB 953, proh\u00edbe la elaboraci\u00f3n de perfiles raciales y de identidad por parte de las fuerzas del orden y requiere que las agencias de aplicaci\u00f3n de la ley informen datos a la Oficina del Fiscal General sobre todas las paradas de veh\u00edculos y peatones, as\u00ed como las quejas de los ciudadanos que aleguen la elaboraci\u00f3n de perfiles raciales y de identidad.<\/p>\n\n\n\n<p>Seg\u00fan la cantidad de agentes del orden empleados en la agencia, seg\u00fan lo estipula la ley, el Departamento de Polic\u00eda de Pasadena deb\u00eda comenzar a recopilar datos a principios de a\u00f1o y comenzar a informar los datos al Fiscal General antes del 1 de abril de 2023. Agencias con mayor dotaci\u00f3n de personal comenz\u00f3 a informar datos desde el 1 de abril de 2019.<\/p>\n\n\n\n<p>La ley requiere que todas las agencias de aplicaci\u00f3n de la ley locales de la ciudad y el condado en California, as\u00ed como la Patrulla de Caminos de California y los oficiales de paz del Estado de California y las instituciones educativas universitarias, recopilen datos demogr\u00e1ficos percibidos y otros datos detallados sobre las paradas de peatones y tr\u00e1fico.<\/p>\n\n\n\n<p>Cualquier detenci\u00f3n de una persona por parte de un oficial del orden p\u00fablico, as\u00ed como cualquier registro realizado en una persona o veh\u00edculo se considera una detenci\u00f3n reportable seg\u00fan la RIPA.<\/p>\n\n\n\n<p>Seg\u00fan un informe de detenciones de enero de 2021 realizado por CHP y las 15 agencias policiales m\u00e1s grandes del estado, que no incluye a Pasadena, un examen de 4 millones de paradas de tr\u00e1fico revel\u00f3 que, aunque los automovilistas blancos fueron detenidos m\u00e1s, los automovilistas negros fueron buscados 2.5 veces m\u00e1s. de sus contrapartes blancas. Los oficiales registraron aproximadamente al 8 % de las personas blancas que detuvieron, pero al 20,5 % de las personas negras, la tasa m\u00e1s alta de cualquier grupo racial o \u00e9tnico.<\/p>\n\n\n\n<p>Los automovilistas negros tambi\u00e9n tuvieron la tasa m\u00e1s alta de ser detenidos en la acera o en una patrulla (17,8 por ciento), esposados \u200b\u200b(14,1 por ciento) y obligados a salir de sus veh\u00edculos (7,7 por ciento).<\/p>\n\n\n\n<p>Se requiere que las agencias, incluido el Departamento de Polic\u00eda de Pasadena, establezcan una junta Asesora de Perfiles Raciales y de Identidad (RIPA), que tiene la tarea de eliminar los perfiles raciales y de identidad y mejorar la diversidad, la sensibilidad racial y de identidad en la aplicaci\u00f3n de la ley.<\/p>\n\n\n\n<p>Para llevar a cabo esta tarea, la junta de RIPA puede investigar y analizar la pol\u00edtica y los datos de aplicaci\u00f3n de la ley, que se supone que deben publicarse en el portal web DOJ Open Justice.<\/p>\n\n\n\n<p>El mi\u00e9rcoles, se espera que Karen Peterson, Administradora Ejecutiva del Departamento de Polic\u00eda de Pasadena, presente una actualizaci\u00f3n sobre el manejo de los requisitos de RIPA por parte del Departamento e informe sobre su progreso actual.<\/p>\n\n\n\n<p>En un informe preliminar, el Departamento de Polic\u00eda dijo que ahora est\u00e1 utilizando un sistema de recopilaci\u00f3n de datos m\u00f3viles identificado, dise\u00f1ado y mantenido por el Departamento de Tecnolog\u00eda de la Informaci\u00f3n de la Ciudad.<\/p>\n\n\n\n<p>Entre noviembre y diciembre del a\u00f1o pasado, el Departamento de Polic\u00eda prob\u00f3 el sistema, implement\u00f3 la aplicaci\u00f3n en dispositivos propiedad de la Ciudad y capacit\u00f3 a los agentes del orden p\u00fablico sobre su uso, seg\u00fan el informe.<\/p>\n\n\n\n<p>La reuni\u00f3n del mi\u00e9rcoles del Comit\u00e9 de Seguridad P\u00fablica comienza a las 4 p.m. y se puede acceder a trav\u00e9s de <a href=\"http:\/\/pasadena.granicus.com\/MediaPlayer.php?publish_id=9 y www.pasadenamedia.org.\">http:\/\/pasadena.granicus.com\/MediaPlayer.php?publish_id=9 y www.pasadenamedia.org.<\/a><\/p>\n\n\n\n<p>Los comentarios p\u00fablicos se pueden publicar en <a href=\"http:\/\/www.cityofpasadena.net\/commissions\/public-comment\">www.cityofpasadena.net\/commissions\/public-comment <\/a>antes del inicio de la reuni\u00f3n.<\/p>\n","protected":false},"excerpt":{"rendered":"<p>El Comit\u00e9 de Seguridad P\u00fablica del Concejo Municipal de Pasadena recibir\u00e1 una sesi\u00f3n informativa el mi\u00e9rcoles del Departamento de Polic\u00eda de Pasadena sobre el progreso que ha logrado el Departamento en la implementaci\u00f3n de la Ley de Perfil de Raza e Identificaci\u00f3n de California (RIPA) de 2015, que el gobernador Jerry Brown promulg\u00f3 como ley en 2015. y entr\u00f3 en vigor en 2018. La RIPA, tambi\u00e9n llamada AB 953, proh\u00edbe la elaboraci\u00f3n de perfiles raciales y de identidad por parte [&hellip;]<\/p>\n","protected":false},"author":4,"featured_media":13871,"comment_status":"open","ping_status":"closed","sticky":false,"template":"","format":"standard","meta":[],"categories":[4],"tags":[],"acf":[],"_links":{"self":[{"href":"http:\/\/www.pasadenahoy.com\/primero\/wp-json\/wp\/v2\/posts\/13870"}],"collection":[{"href":"http:\/\/www.pasadenahoy.com\/primero\/wp-json\/wp\/v2\/posts"}],"about":[{"href":"http:\/\/www.pasadenahoy.com\/primero\/wp-json\/wp\/v2\/types\/post"}],"author":[{"embeddable":true,"href":"http:\/\/www.pasadenahoy.com\/primero\/wp-json\/wp\/v2\/users\/4"}],"replies":[{"embeddable":true,"href":"http:\/\/www.pasadenahoy.com\/primero\/wp-json\/wp\/v2\/comments?post=13870"}],"version-history":[{"count":2,"href":"http:\/\/www.pasadenahoy.com\/primero\/wp-json\/wp\/v2\/posts\/13870\/revisions"}],"predecessor-version":[{"id":13873,"href":"http:\/\/www.pasadenahoy.com\/primero\/wp-json\/wp\/v2\/posts\/13870\/revisions\/13873"}],"wp:featuredmedia":[{"embeddable":true,"href":"http:\/\/www.pasadenahoy.com\/primero\/wp-json\/wp\/v2\/media\/13871"}],"wp:attachment":[{"href":"http:\/\/www.pasadenahoy.com\/primero\/wp-json\/wp\/v2\/media?parent=13870"}],"wp:term":[{"taxonomy":"category","embeddable":true,"href":"http:\/\/www.pasadenahoy.com\/primero\/wp-json\/wp\/v2\/categories?post=13870"},{"taxonomy":"post_tag","embeddable":true,"href":"http:\/\/www.pasadenahoy.com\/primero\/wp-json\/wp\/v2\/tags?post=13870"}],"curies":[{"name":"wp","href":"https:\/\/api.w.org\/{rel}","templated":true}]}}