{"id":13874,"date":"2022-01-19T15:18:48","date_gmt":"2022-01-19T15:18:48","guid":{"rendered":"http:\/\/www.pasadenahoy.com\/primero\/?p=13874"},"modified":"2022-01-19T15:18:49","modified_gmt":"2022-01-19T15:18:49","slug":"la-vigilia-cada-persona-tiene-un-nombre-regresa-al-ayuntamiento","status":"publish","type":"post","link":"http:\/\/www.pasadenahoy.com\/primero\/la-comunidad\/la-vigilia-cada-persona-tiene-un-nombre-regresa-al-ayuntamiento\/","title":{"rendered":"La vigilia &#8216;Cada persona tiene un nombre&#8217; regresa al ayuntamiento"},"content":{"rendered":"\n<figure class=\"wp-block-image alignnone size-large\"><figure class=\"alignnone\"><img loading=\"lazy\" width=\"740\" height=\"400\" src=\"http:\/\/www.pasadenahoy.com\/primero\/wp-content\/uploads\/2022\/01\/pic-4-9.jpg\" alt=\"\" class=\"wp-image-13875\" srcset=\"http:\/\/www.pasadenahoy.com\/primero\/wp-content\/uploads\/2022\/01\/pic-4-9.jpg 740w, http:\/\/www.pasadenahoy.com\/primero\/wp-content\/uploads\/2022\/01\/pic-4-9-300x162.jpg 300w, http:\/\/www.pasadenahoy.com\/primero\/wp-content\/uploads\/2022\/01\/pic-4-9-241x130.jpg 241w, http:\/\/www.pasadenahoy.com\/primero\/wp-content\/uploads\/2022\/01\/pic-4-9-333x180.jpg 333w, http:\/\/www.pasadenahoy.com\/primero\/wp-content\/uploads\/2022\/01\/pic-4-9-700x378.jpg 700w, http:\/\/www.pasadenahoy.com\/primero\/wp-content\/uploads\/2022\/01\/pic-4-9-360x195.jpg 360w, http:\/\/www.pasadenahoy.com\/primero\/wp-content\/uploads\/2022\/01\/pic-4-9-720x389.jpg 720w\" sizes=\"100vw\" \/><\/figure><\/figure>\n\n\n\n<p>La Federaci\u00f3n Jud\u00eda y la ciudad llevar\u00e1n a cabo una ceremonia de conmemoraci\u00f3n del Holocausto y una vigilia de 25 horas para conmemorar el D\u00eda Internacional del Recuerdo del Holocausto en los escalones del Ayuntamiento.<\/p>\n\n\n\n<p>A las 7 pm. el s\u00e1bado 22 de enero hasta las 8 p.m. El domingo 23 de enero, la Federaci\u00f3n Jud\u00eda de los Valles del Gran San Gabriel y Pomona, en asociaci\u00f3n con la ciudad de Pasadena, llevar\u00e1 a cabo su vigilia anual Cada persona tiene un nombre, una vigilia del Holocausto de 25 horas.<\/p>\n\n\n\n<p>Como parte de la vigilia, se leer\u00e1n los nombres de las personas que perecieron durante el Holocausto.<\/p>\n\n\n\n<p>Los sobrevivientes del Holocausto y los hijos de sobrevivientes del Holocausto de toda la comunidad comenzar\u00e1n leyendo los nombres de los miembros de su familia que fueron asesinados durante el Holocausto, y luego ser\u00e1n seguidos por voluntarios de toda la comunidad leyendo los nombres.<\/p>\n\n\n\n<p>\u201cAl unir a la comunidad, recordamos que cada persona que muri\u00f3 durante el Holocausto fue alguien que vivi\u00f3 y cuya vida fue truncada. Y cuando la Federaci\u00f3n Jud\u00eda dice sus nombres en voz alta\u2026 son recordados\u201d, explica Jason Moss, Director Ejecutivo de la Federaci\u00f3n Jud\u00eda.<\/p>\n\n\n\n<p>\u201cUn evento como este, especialmente con el aumento significativo del odio y el antisemitismo en los \u00faltimos tiempos, incluidos los incidentes antisemitas en Pasadena, Beverly Hills y Santa M\u00f3nica, nos recuerda a todos lo que puede suceder cuando el odio no se controla\u201d.<\/p>\n\n\n\n<p>El programa comenzar\u00e1 con un acto de conmemoraci\u00f3n a las 19:00 horas. y contar\u00e1 con discursos de funcionarios electos, incluido el alcalde Victor Gordo, la congresista Judy Chu, el senador estatal Anthony Portantino, representantes de la supervisora \u200b\u200bdel condado de Los \u00c1ngeles Kathryn Barger y la oficina del asamble\u00edsta Chris Holden, el clero local, as\u00ed como una actuaci\u00f3n de la Juventud Jud\u00eda de la Federaci\u00f3n Jud\u00eda. Orquesta.<\/p>\n\n\n\n<p>El evento est\u00e1 abierto al p\u00fablico y se puede ver en l\u00ednea en:<\/p>\n\n\n\n<p><a href=\"http:\/\/www.jewishsgpv.org\/\">www.facebook.com\/jewishsgpv<\/a><\/p>\n\n\n\n<p>Todav\u00eda hay algunos horarios para voluntarios adicionales de lectura de nombres entre las 2:00 a. m. y las 6:00 a. m. Las personas pueden inscribirse visitando el sitio web de la Federaci\u00f3n Jud\u00eda en www.jewishsgpv.org o llamando al (626) 445-0810.<\/p>\n\n\n\n<p>Para obtener m\u00e1s informaci\u00f3n sobre este evento, comun\u00edquese con la Federaci\u00f3n Jud\u00eda enviando un correo electr\u00f3nico a<a href=\"federation@jewishsgpv.org\"> federation@jewishsgpv.org.<\/a><\/p>\n","protected":false},"excerpt":{"rendered":"<p>La Federaci\u00f3n Jud\u00eda y la ciudad llevar\u00e1n a cabo una ceremonia de conmemoraci\u00f3n del Holocausto y una vigilia de 25 horas para conmemorar el D\u00eda Internacional del Recuerdo del Holocausto en los escalones del Ayuntamiento. A las 7 pm. el s\u00e1bado 22 de enero hasta las 8 p.m. El domingo 23 de enero, la Federaci\u00f3n Jud\u00eda de los Valles del Gran San Gabriel y Pomona, en asociaci\u00f3n con la ciudad de Pasadena, llevar\u00e1 a cabo su vigilia anual Cada persona [&hellip;]<\/p>\n","protected":false},"author":4,"featured_media":13875,"comment_status":"open","ping_status":"closed","sticky":false,"template":"","format":"standard","meta":[],"categories":[4],"tags":[],"acf":[],"_links":{"self":[{"href":"http:\/\/www.pasadenahoy.com\/primero\/wp-json\/wp\/v2\/posts\/13874"}],"collection":[{"href":"http:\/\/www.pasadenahoy.com\/primero\/wp-json\/wp\/v2\/posts"}],"about":[{"href":"http:\/\/www.pasadenahoy.com\/primero\/wp-json\/wp\/v2\/types\/post"}],"author":[{"embeddable":true,"href":"http:\/\/www.pasadenahoy.com\/primero\/wp-json\/wp\/v2\/users\/4"}],"replies":[{"embeddable":true,"href":"http:\/\/www.pasadenahoy.com\/primero\/wp-json\/wp\/v2\/comments?post=13874"}],"version-history":[{"count":2,"href":"http:\/\/www.pasadenahoy.com\/primero\/wp-json\/wp\/v2\/posts\/13874\/revisions"}],"predecessor-version":[{"id":13877,"href":"http:\/\/www.pasadenahoy.com\/primero\/wp-json\/wp\/v2\/posts\/13874\/revisions\/13877"}],"wp:featuredmedia":[{"embeddable":true,"href":"http:\/\/www.pasadenahoy.com\/primero\/wp-json\/wp\/v2\/media\/13875"}],"wp:attachment":[{"href":"http:\/\/www.pasadenahoy.com\/primero\/wp-json\/wp\/v2\/media?parent=13874"}],"wp:term":[{"taxonomy":"category","embeddable":true,"href":"http:\/\/www.pasadenahoy.com\/primero\/wp-json\/wp\/v2\/categories?post=13874"},{"taxonomy":"post_tag","embeddable":true,"href":"http:\/\/www.pasadenahoy.com\/primero\/wp-json\/wp\/v2\/tags?post=13874"}],"curies":[{"name":"wp","href":"https:\/\/api.w.org\/{rel}","templated":true}]}}