{"id":13878,"date":"2022-01-19T15:24:37","date_gmt":"2022-01-19T15:24:37","guid":{"rendered":"http:\/\/www.pasadenahoy.com\/primero\/?p=13878"},"modified":"2022-01-19T15:24:38","modified_gmt":"2022-01-19T15:24:38","slug":"el-departamento-de-transporte-celebra-la-reunion-comunitaria-final-para-el-proyecto-pasadena-walks","status":"publish","type":"post","link":"http:\/\/www.pasadenahoy.com\/primero\/la-comunidad\/el-departamento-de-transporte-celebra-la-reunion-comunitaria-final-para-el-proyecto-pasadena-walks\/","title":{"rendered":"El Departamento de Transporte Celebra la Reuni\u00f3n Comunitaria Final para el Proyecto Pasadena Walks"},"content":{"rendered":"\n<figure class=\"wp-block-image alignnone size-large\"><figure class=\"alignnone\"><img loading=\"lazy\" width=\"700\" height=\"378\" src=\"http:\/\/www.pasadenahoy.com\/primero\/wp-content\/uploads\/2022\/01\/pic-5-10.jpg\" alt=\"\" class=\"wp-image-13880\" srcset=\"http:\/\/www.pasadenahoy.com\/primero\/wp-content\/uploads\/2022\/01\/pic-5-10.jpg 700w, http:\/\/www.pasadenahoy.com\/primero\/wp-content\/uploads\/2022\/01\/pic-5-10-300x162.jpg 300w, http:\/\/www.pasadenahoy.com\/primero\/wp-content\/uploads\/2022\/01\/pic-5-10-241x130.jpg 241w, http:\/\/www.pasadenahoy.com\/primero\/wp-content\/uploads\/2022\/01\/pic-5-10-333x180.jpg 333w, http:\/\/www.pasadenahoy.com\/primero\/wp-content\/uploads\/2022\/01\/pic-5-10-360x194.jpg 360w\" sizes=\"100vw\" \/><\/figure><\/figure>\n\n\n\n<p>El Departamento de Transporte organiz\u00f3 el martes su tercera y \u00faltima reuni\u00f3n comunitaria para las \u201cPasadena Walks!\u201d proyecto.<\/p>\n\n\n\n<p>\u201c\u00a1Pasadena camina!\u201d es el plan maestro para peatones de la ciudad que tiene como objetivo crear una Pasadena m\u00e1s segura y transitable.<\/p>\n\n\n\n<p>El plan describe corredores en la ciudad donde se est\u00e1n considerando mejoras para los peatones.<\/p>\n\n\n\n<p>Seg\u00fan Karen Thai, planificadora de transporte de Toole Design Group, los 10 principales corredores identificados como prioritarios para la mejora de los peatones son los siguientes: Allen Avenue, Del Mar Boulevard, Fair Oaks Avenue, Foothill Boulevard, Lake Avenue, Lincoln Avenue, Los Robles Avenue, Avenida Raymond, Bulevar San Gabriel y Bulevar Washington.<\/p>\n\n\n\n<p>Con base en el an\u00e1lisis del departamento, la mejora en estos corredores alentar\u00eda a los residentes a caminar m\u00e1s en lugar de conducir, y potencialmente tendr\u00eda el mayor impacto en la conectividad regional para los peatones.<\/p>\n\n\n\n<p>Los miembros de la comunidad tambi\u00e9n expresaron la necesidad de mejorar estos corredores en reuniones comunitarias anteriores, seg\u00fan Thai.<\/p>\n\n\n\n<p>Adem\u00e1s de las reuniones comunitarias, el departamento de transporte hasta ahora ha realizado nueve sesiones de grupos focales, dos reuniones de grupos de partes interesadas y 12 reuniones emergentes comunitarias para el proyecto.<\/p>\n\n\n\n<p>Seg\u00fan Thai, el p\u00fablico puede hacer comentarios sobre el borrador del plan comunitario hasta el 1 de febrero a trav\u00e9s de la p\u00e1gina web del proyecto: <a href=\"http:\/\/cityofpasadena.net\/pasadenawalks\">cityofpasadena.net\/pasadenawalks.<\/a><\/p>\n\n\n\n<p>Los comentarios se revisar\u00e1n y abordar\u00e1n como parte de las revisiones del plan final, que se presentar\u00e1n al ayuntamiento en abril, dijo Thai.<\/p>\n","protected":false},"excerpt":{"rendered":"<p>El Departamento de Transporte organiz\u00f3 el martes su tercera y \u00faltima reuni\u00f3n comunitaria para las \u201cPasadena Walks!\u201d proyecto. \u201c\u00a1Pasadena camina!\u201d es el plan maestro para peatones de la ciudad que tiene como objetivo crear una Pasadena m\u00e1s segura y transitable. El plan describe corredores en la ciudad donde se est\u00e1n considerando mejoras para los peatones. Seg\u00fan Karen Thai, planificadora de transporte de Toole Design Group, los 10 principales corredores identificados como prioritarios para la mejora de los peatones son los [&hellip;]<\/p>\n","protected":false},"author":4,"featured_media":0,"comment_status":"open","ping_status":"closed","sticky":false,"template":"","format":"standard","meta":[],"categories":[4],"tags":[],"acf":[],"_links":{"self":[{"href":"http:\/\/www.pasadenahoy.com\/primero\/wp-json\/wp\/v2\/posts\/13878"}],"collection":[{"href":"http:\/\/www.pasadenahoy.com\/primero\/wp-json\/wp\/v2\/posts"}],"about":[{"href":"http:\/\/www.pasadenahoy.com\/primero\/wp-json\/wp\/v2\/types\/post"}],"author":[{"embeddable":true,"href":"http:\/\/www.pasadenahoy.com\/primero\/wp-json\/wp\/v2\/users\/4"}],"replies":[{"embeddable":true,"href":"http:\/\/www.pasadenahoy.com\/primero\/wp-json\/wp\/v2\/comments?post=13878"}],"version-history":[{"count":2,"href":"http:\/\/www.pasadenahoy.com\/primero\/wp-json\/wp\/v2\/posts\/13878\/revisions"}],"predecessor-version":[{"id":13882,"href":"http:\/\/www.pasadenahoy.com\/primero\/wp-json\/wp\/v2\/posts\/13878\/revisions\/13882"}],"wp:attachment":[{"href":"http:\/\/www.pasadenahoy.com\/primero\/wp-json\/wp\/v2\/media?parent=13878"}],"wp:term":[{"taxonomy":"category","embeddable":true,"href":"http:\/\/www.pasadenahoy.com\/primero\/wp-json\/wp\/v2\/categories?post=13878"},{"taxonomy":"post_tag","embeddable":true,"href":"http:\/\/www.pasadenahoy.com\/primero\/wp-json\/wp\/v2\/tags?post=13878"}],"curies":[{"name":"wp","href":"https:\/\/api.w.org\/{rel}","templated":true}]}}