{"id":13892,"date":"2022-01-20T14:59:06","date_gmt":"2022-01-20T14:59:06","guid":{"rendered":"http:\/\/www.pasadenahoy.com\/primero\/?p=13892"},"modified":"2022-01-20T14:59:08","modified_gmt":"2022-01-20T14:59:08","slug":"la-policia-arresta-al-sospechoso-del-tiroteo-del-martes-contra-un-nino-de-15-anos","status":"publish","type":"post","link":"http:\/\/www.pasadenahoy.com\/primero\/la-comunidad\/la-policia-arresta-al-sospechoso-del-tiroteo-del-martes-contra-un-nino-de-15-anos\/","title":{"rendered":"La polic\u00eda arresta al sospechoso del tiroteo del martes contra un ni\u00f1o de 15 a\u00f1os"},"content":{"rendered":"\n<figure class=\"wp-block-image alignnone size-large\"><figure class=\"alignnone\"><img loading=\"lazy\" width=\"700\" height=\"378\" src=\"http:\/\/www.pasadenahoy.com\/primero\/wp-content\/uploads\/2022\/01\/pic-1-7.png\" alt=\"\" class=\"wp-image-13893\" srcset=\"http:\/\/www.pasadenahoy.com\/primero\/wp-content\/uploads\/2022\/01\/pic-1-7.png 700w, http:\/\/www.pasadenahoy.com\/primero\/wp-content\/uploads\/2022\/01\/pic-1-7-300x162.png 300w, http:\/\/www.pasadenahoy.com\/primero\/wp-content\/uploads\/2022\/01\/pic-1-7-241x130.png 241w, http:\/\/www.pasadenahoy.com\/primero\/wp-content\/uploads\/2022\/01\/pic-1-7-333x180.png 333w, http:\/\/www.pasadenahoy.com\/primero\/wp-content\/uploads\/2022\/01\/pic-1-7-360x194.png 360w\" sizes=\"100vw\" \/><\/figure><\/figure>\n\n\n\n<p>[ACTUALIZADO] Una persona ha sido arrestada en relaci\u00f3n con el tiroteo de un adolescente en Pasadena el martes por la tarde.<\/p>\n\n\n\n<p>El ni\u00f1o de 15 a\u00f1os viajaba como pasajero en un autom\u00f3vil en Eldora Road cuando recibi\u00f3 un disparo en la cabeza y result\u00f3 gravemente herido poco antes de las 3 p.m.<\/p>\n\n\n\n<p>La jefa de polic\u00eda interina Cheryl Moody les dijo a los miembros del Concejo Municipal durante la reuni\u00f3n de Seguridad P\u00fablica del mi\u00e9rcoles sobre el arresto de un sospechoso.<\/p>\n\n\n\n<p>El portavoz de la polic\u00eda, el teniente William Grisafe, le dijo a Pasadena Now que el arresto se realiz\u00f3 el mi\u00e9rcoles por la ma\u00f1ana, pero dijo que la polic\u00eda no dar\u00eda m\u00e1s informaci\u00f3n en este momento.<\/p>\n\n\n\n<p>La v\u00edctima del tiroteo permanece en estado cr\u00edtico en un hospital local.<\/p>\n\n\n\n<p>Seg\u00fan Moody, la v\u00edctima adolescente recibi\u00f3 un disparo en la cabeza desde un veh\u00edculo en movimiento. Ella dijo que a\u00fan no est\u00e1 claro qu\u00e9 provoc\u00f3 el incidente del tiroteo.<\/p>\n\n\n\n<p>Moody dijo que la polic\u00eda est\u00e1 investigando si el tiroteo reciente est\u00e1 relacionado o no con el tiroteo del domingo pasado en Villa Parke.<\/p>\n\n\n\n<p>\u201cHubo un incidente que ocurri\u00f3 el domingo en Villa Parke y no estamos seguros si esto est\u00e1 relacionado o no, pero vamos a brindar un servicio adicional dentro de esa \u00e1rea desde Los Robles hasta Fair Oaks\u201d, dijo Moody.<\/p>\n\n\n\n<p>\u201cPorque no estamos exactamente seguros de cu\u00e1les fueron los motivos, pero por ahora vamos a tener una gran visibilidad en esa \u00e1rea\u201d, agreg\u00f3.<\/p>\n\n\n\n<p>\u201cSi bien s\u00e9 que solo hay alguien bajo custodia, me alegro de que tengamos a alguien bajo custodia\u201d, coment\u00f3 el alcalde V\u00edctor Gordo despu\u00e9s de que Moody diera actualizaciones.<\/p>\n\n\n\n<p>Gordo expres\u00f3 la esperanza de que los funcionarios tengan bajo custodia a \u201cla persona adecuada\u201d para resolver el caso.<\/p>\n\n\n\n<p>El martes, la polic\u00eda fue alertada del tiroteo por una llamada de un param\u00e9dico del Departamento de Bomberos de Pasadena, quien dijo que durante una llamada no relacionada en la cuadra 1600 de North Los Robles Avenue, el conductor de un autom\u00f3vil llam\u00f3 a los socorristas para pedir ayuda. su amigo herido.<\/p>\n\n\n\n<p>El conductor le dijo a los bomberos y param\u00e9dicos que su amigo hab\u00eda recibido un disparo.<br>Los param\u00e9dicos prestaron auxilio de inmediato. La v\u00edctima fue transportada a un hospital local en condici\u00f3n \u201cmuy cr\u00edtica\u201d.<\/p>\n\n\n\n<p>A las 3:06 p. m., la polic\u00eda recibi\u00f3 una llamada sobre disparos en la cuadra 500 de Eldora Road. La persona que llam\u00f3 inform\u00f3 haber escuchado un disparo junto con el chirrido de neum\u00e1ticos. Los oficiales respondieron y encontraron evidencia de un tiroteo.<\/p>\n\n\n\n<p>Una investigaci\u00f3n preliminar concluy\u00f3 que el adolescente recibi\u00f3 un disparo en Eldora Road y el conductor del autom\u00f3vil en el que se encontraba huy\u00f3 hacia el norte por Los Robles y se encontr\u00f3 con los bomberos por casualidad.<\/p>\n\n\n\n<p>La v\u00edctima es residente de Pasadena. El conductor, un residente de West Covina de 20 a\u00f1os, no result\u00f3 herido, dijo la polic\u00eda.<\/p>\n\n\n\n<p>Los detectives de Pasadena respondieron a la escena y la investigaci\u00f3n est\u00e1 en curso.<\/p>\n\n\n\n<p>La concejal Jessica Rivas y el Departamento de Polic\u00eda de Pasadena brindar\u00e1n una actualizaci\u00f3n a la comunidad sobre los tiroteos a las 7 p.m. el jueves.<\/p>\n\n\n\n<p>Para ver la reuni\u00f3n comunitaria realizada por el Concejal Rivas y el Departamento de Polic\u00eda de Pasadena, visite<br><a href=\"https:\/\/us02web.zoom.us\/j\/8306866790\">https:\/\/us02web.zoom.us\/j\/8306866790<\/a><\/p>\n\n\n\n<p>Para ver la reuni\u00f3n comunitaria realizada por el Concejal Rivas y el Departamento de Polic\u00eda de Pasadena, visite<br><a href=\"https:\/\/us02web.zoom.us\/j\/8306866790\">https:\/\/us02web.zoom.us\/j\/8306866790<\/a><\/p>\n\n\n\n<p>M\u00f3vil de un toque \u2013 16699006833<br>Tel\u00e9fono \u2013 1 669 900 6833<br>ID del seminario web: 830 6866 7902<\/p>\n\n\n\n<p>El Departamento de Polic\u00eda de Pasadena insta a cualquier persona que tenga informaci\u00f3n sobre este caso a llamar a la Polic\u00eda de Pasadena al (626) 744-4241 o puede reportar informaci\u00f3n de forma an\u00f3nima llamando a &#8220;Crime Stoppers&#8221; marcando (800) 222-TIPS (8477), use su tel\u00e9fono inteligente descargando la aplicaci\u00f3n m\u00f3vil &#8220;P3 Tips&#8221; en Google Play o Apple App Store o utilizando el sitio web <a href=\"http:\/\/lacrimestoppers.org.\">http:\/\/lacrimestoppers.org.<\/a><\/p>\n","protected":false},"excerpt":{"rendered":"<p>[ACTUALIZADO] Una persona ha sido arrestada en relaci\u00f3n con el tiroteo de un adolescente en Pasadena el martes por la tarde. El ni\u00f1o de 15 a\u00f1os viajaba como pasajero en un autom\u00f3vil en Eldora Road cuando recibi\u00f3 un disparo en la cabeza y result\u00f3 gravemente herido poco antes de las 3 p.m. La jefa de polic\u00eda interina Cheryl Moody les dijo a los miembros del Concejo Municipal durante la reuni\u00f3n de Seguridad P\u00fablica del mi\u00e9rcoles sobre el arresto de un [&hellip;]<\/p>\n","protected":false},"author":4,"featured_media":13893,"comment_status":"open","ping_status":"closed","sticky":false,"template":"","format":"standard","meta":[],"categories":[4],"tags":[],"acf":[],"_links":{"self":[{"href":"http:\/\/www.pasadenahoy.com\/primero\/wp-json\/wp\/v2\/posts\/13892"}],"collection":[{"href":"http:\/\/www.pasadenahoy.com\/primero\/wp-json\/wp\/v2\/posts"}],"about":[{"href":"http:\/\/www.pasadenahoy.com\/primero\/wp-json\/wp\/v2\/types\/post"}],"author":[{"embeddable":true,"href":"http:\/\/www.pasadenahoy.com\/primero\/wp-json\/wp\/v2\/users\/4"}],"replies":[{"embeddable":true,"href":"http:\/\/www.pasadenahoy.com\/primero\/wp-json\/wp\/v2\/comments?post=13892"}],"version-history":[{"count":2,"href":"http:\/\/www.pasadenahoy.com\/primero\/wp-json\/wp\/v2\/posts\/13892\/revisions"}],"predecessor-version":[{"id":13895,"href":"http:\/\/www.pasadenahoy.com\/primero\/wp-json\/wp\/v2\/posts\/13892\/revisions\/13895"}],"wp:featuredmedia":[{"embeddable":true,"href":"http:\/\/www.pasadenahoy.com\/primero\/wp-json\/wp\/v2\/media\/13893"}],"wp:attachment":[{"href":"http:\/\/www.pasadenahoy.com\/primero\/wp-json\/wp\/v2\/media?parent=13892"}],"wp:term":[{"taxonomy":"category","embeddable":true,"href":"http:\/\/www.pasadenahoy.com\/primero\/wp-json\/wp\/v2\/categories?post=13892"},{"taxonomy":"post_tag","embeddable":true,"href":"http:\/\/www.pasadenahoy.com\/primero\/wp-json\/wp\/v2\/tags?post=13892"}],"curies":[{"name":"wp","href":"https:\/\/api.w.org\/{rel}","templated":true}]}}