{"id":13908,"date":"2022-01-20T15:18:54","date_gmt":"2022-01-20T15:18:54","guid":{"rendered":"http:\/\/www.pasadenahoy.com\/primero\/?p=13908"},"modified":"2022-01-20T15:18:56","modified_gmt":"2022-01-20T15:18:56","slug":"los-nuevos-casos-de-coronavirus-de-la-ciudad-caen-pero-el-promedio-es-de-mas-de-410-por-dia","status":"publish","type":"post","link":"http:\/\/www.pasadenahoy.com\/primero\/la-comunidad\/los-nuevos-casos-de-coronavirus-de-la-ciudad-caen-pero-el-promedio-es-de-mas-de-410-por-dia\/","title":{"rendered":"Los nuevos casos de coronavirus de la ciudad caen, pero el promedio es de m\u00e1s de 410 por d\u00eda"},"content":{"rendered":"\n<figure class=\"wp-block-image alignnone size-large\"><figure class=\"alignnone\"><img loading=\"lazy\" width=\"700\" height=\"378\" src=\"http:\/\/www.pasadenahoy.com\/primero\/wp-content\/uploads\/2022\/01\/pic-5-11.jpg\" alt=\"\" class=\"wp-image-13909\" srcset=\"http:\/\/www.pasadenahoy.com\/primero\/wp-content\/uploads\/2022\/01\/pic-5-11.jpg 700w, http:\/\/www.pasadenahoy.com\/primero\/wp-content\/uploads\/2022\/01\/pic-5-11-300x162.jpg 300w, http:\/\/www.pasadenahoy.com\/primero\/wp-content\/uploads\/2022\/01\/pic-5-11-241x130.jpg 241w, http:\/\/www.pasadenahoy.com\/primero\/wp-content\/uploads\/2022\/01\/pic-5-11-333x180.jpg 333w, http:\/\/www.pasadenahoy.com\/primero\/wp-content\/uploads\/2022\/01\/pic-5-11-360x194.jpg 360w\" sizes=\"100vw\" \/><\/figure><\/figure>\n\n\n\n<p>Pasadena inform\u00f3 el mi\u00e9rcoles que los nuevos casos de COVID-19 en la ciudad disminuyeron diariamente durante los \u00faltimos cinco d\u00edas informados, pero a\u00fan promediaron m\u00e1s de 410 por d\u00eda.<br>La ciudad tambi\u00e9n dijo que los j\u00f3venes se est\u00e1n enfermando m\u00e1s que antes.<\/p>\n\n\n\n<div class=\"wp-block-image alignright\"><figure class=\"alignright size-large\"><img loading=\"lazy\" width=\"277\" height=\"278\" src=\"http:\/\/www.pasadenahoy.com\/primero\/wp-content\/uploads\/2022\/01\/pic-5a.png\" alt=\"\" class=\"wp-image-13910\" srcset=\"http:\/\/www.pasadenahoy.com\/primero\/wp-content\/uploads\/2022\/01\/pic-5a.png 277w, http:\/\/www.pasadenahoy.com\/primero\/wp-content\/uploads\/2022\/01\/pic-5a-150x150.png 150w, http:\/\/www.pasadenahoy.com\/primero\/wp-content\/uploads\/2022\/01\/pic-5a-130x130.png 130w, http:\/\/www.pasadenahoy.com\/primero\/wp-content\/uploads\/2022\/01\/pic-5a-179x180.png 179w, http:\/\/www.pasadenahoy.com\/primero\/wp-content\/uploads\/2022\/01\/pic-5a-72x72.png 72w, http:\/\/www.pasadenahoy.com\/primero\/wp-content\/uploads\/2022\/01\/pic-5a-144x144.png 144w, http:\/\/www.pasadenahoy.com\/primero\/wp-content\/uploads\/2022\/01\/pic-5a-54x54.png 54w, http:\/\/www.pasadenahoy.com\/primero\/wp-content\/uploads\/2022\/01\/pic-5a-108x108.png 108w, http:\/\/www.pasadenahoy.com\/primero\/wp-content\/uploads\/2022\/01\/pic-5a-58x58.png 58w, http:\/\/www.pasadenahoy.com\/primero\/wp-content\/uploads\/2022\/01\/pic-5a-116x116.png 116w\" sizes=\"100vw\" \/><figcaption><span class=\"caption-text\">Recientes nuevos casos confirmados de COVID-19 en residentes de Pasadena. [Ciudad de Pasadena]<\/span><\/figcaption><\/figure><\/div>\n\n\n\n<p>\u201cLa edad promedio de los casos ahora es de 35 a\u00f1os, luego de caer dos veces durante la semana pasada de 37. Este cambio refleja la gran cantidad de casos que hemos estado recibiendo entre los grupos de edad m\u00e1s j\u00f3venes\u201d, dijo el martes la portavoz Lisa Derderian.<\/p>\n\n\n\n<p>El Huntington Hospital sigue registrando recuentos de pacientes positivos para COVID-19 de tres d\u00edgitos.<\/p>\n\n\n\n<p>El mi\u00e9rcoles, el hospital report\u00f3 116 pacientes infectados con coronavirus bajo su cuidado. 14 de esos pacientes estaban en la UCI del hospital.<\/p>\n\n\n\n<p>Seg\u00fan el informe, el 43 por ciento de los pacientes positivos para COVID-19 en el Hospital Huntington fueron vacunados. Esto representa un aumento significativo con respecto a la mayor\u00eda de los informes anteriores, en los que los pacientes vacunados a menudo representaban aproximadamente la mitad de ese porcentaje.<\/p>\n\n\n\n<p>Mientras tanto, el n\u00famero de pacientes con COVID-positivo en los hospitales del condado de Los \u00c1ngeles sigui\u00f3 aumentando el mi\u00e9rcoles, con cifras estatales que sit\u00faan el total en 4.799, frente a los 4.701 del martes. El n\u00famero de esos pacientes tratados en cuidados intensivos aument\u00f3 a 700, frente a los 680 del d\u00eda anterior.<\/p>\n\n\n\n<p>Con el aumento de las hospitalizaciones, siempre siguen mayores totales de muertes, y el condado inform\u00f3 el mi\u00e9rcoles 59 nuevas muertes relacionadas con el virus. Eso elev\u00f3 el n\u00famero total de muertes por virus del condado a 28,181.<\/p>\n\n\n\n<p>Tambi\u00e9n se confirmaron otras 30,081 infecciones, lo que le da al condado un total acumulativo de pandemia de 2,343,821.<\/p>\n\n\n\n<p>Si bien el n\u00famero general de hospitalizaciones por COVID permanece por debajo del pico del invierno pasado de m\u00e1s de 8,000, los funcionarios de salud enfatizaron que la creciente poblaci\u00f3n de pacientes est\u00e1 creando tensi\u00f3n en los hospitales que ya estaban lidiando con la escasez de personal. Esa escasez se ha visto exacerbada por los casos de COVID entre los trabajadores de la salud, que tambi\u00e9n han ido en aumento.<\/p>\n\n\n\n<p>La tasa diaria promedio de personas que dieron positivo por el virus aument\u00f3 ligeramente el mi\u00e9rcoles, a 16,9%, frente al 16,3% del martes. La tasa hab\u00eda ca\u00eddo todos los d\u00edas desde la semana pasada, cuando super\u00f3 el 20%.<\/p>\n\n\n\n<p>Hace un mes, la tasa de positividad de las pruebas era solo del 2%.<\/p>\n","protected":false},"excerpt":{"rendered":"<p>Pasadena inform\u00f3 el mi\u00e9rcoles que los nuevos casos de COVID-19 en la ciudad disminuyeron diariamente durante los \u00faltimos cinco d\u00edas informados, pero a\u00fan promediaron m\u00e1s de 410 por d\u00eda.La ciudad tambi\u00e9n dijo que los j\u00f3venes se est\u00e1n enfermando m\u00e1s que antes. \u201cLa edad promedio de los casos ahora es de 35 a\u00f1os, luego de caer dos veces durante la semana pasada de 37. Este cambio refleja la gran cantidad de casos que hemos estado recibiendo entre los grupos de edad [&hellip;]<\/p>\n","protected":false},"author":4,"featured_media":0,"comment_status":"open","ping_status":"closed","sticky":false,"template":"","format":"standard","meta":[],"categories":[4],"tags":[],"acf":[],"_links":{"self":[{"href":"http:\/\/www.pasadenahoy.com\/primero\/wp-json\/wp\/v2\/posts\/13908"}],"collection":[{"href":"http:\/\/www.pasadenahoy.com\/primero\/wp-json\/wp\/v2\/posts"}],"about":[{"href":"http:\/\/www.pasadenahoy.com\/primero\/wp-json\/wp\/v2\/types\/post"}],"author":[{"embeddable":true,"href":"http:\/\/www.pasadenahoy.com\/primero\/wp-json\/wp\/v2\/users\/4"}],"replies":[{"embeddable":true,"href":"http:\/\/www.pasadenahoy.com\/primero\/wp-json\/wp\/v2\/comments?post=13908"}],"version-history":[{"count":2,"href":"http:\/\/www.pasadenahoy.com\/primero\/wp-json\/wp\/v2\/posts\/13908\/revisions"}],"predecessor-version":[{"id":13912,"href":"http:\/\/www.pasadenahoy.com\/primero\/wp-json\/wp\/v2\/posts\/13908\/revisions\/13912"}],"wp:attachment":[{"href":"http:\/\/www.pasadenahoy.com\/primero\/wp-json\/wp\/v2\/media?parent=13908"}],"wp:term":[{"taxonomy":"category","embeddable":true,"href":"http:\/\/www.pasadenahoy.com\/primero\/wp-json\/wp\/v2\/categories?post=13908"},{"taxonomy":"post_tag","embeddable":true,"href":"http:\/\/www.pasadenahoy.com\/primero\/wp-json\/wp\/v2\/tags?post=13908"}],"curies":[{"name":"wp","href":"https:\/\/api.w.org\/{rel}","templated":true}]}}