{"id":13920,"date":"2022-01-21T14:58:42","date_gmt":"2022-01-21T14:58:42","guid":{"rendered":"http:\/\/www.pasadenahoy.com\/primero\/?p=13920"},"modified":"2022-01-21T14:58:43","modified_gmt":"2022-01-21T14:58:43","slug":"amy-wainscott-elegida-presidenta-del-torneo-de-las-rosas-de-pasadena-2023-anuncia-el-tema-del-desfile-de-las-rosas","status":"publish","type":"post","link":"http:\/\/www.pasadenahoy.com\/primero\/la-comunidad\/amy-wainscott-elegida-presidenta-del-torneo-de-las-rosas-de-pasadena-2023-anuncia-el-tema-del-desfile-de-las-rosas\/","title":{"rendered":"Amy Wainscott, elegida presidenta del Torneo de las Rosas de Pasadena 2023, anuncia el tema del Desfile de las Rosas"},"content":{"rendered":"\n<figure class=\"wp-block-image alignnone size-large\"><figure class=\"alignnone\"><img loading=\"lazy\" width=\"700\" height=\"378\" src=\"http:\/\/www.pasadenahoy.com\/primero\/wp-content\/uploads\/2022\/01\/pic-1-6.jpg\" alt=\"\" class=\"wp-image-13921\" srcset=\"http:\/\/www.pasadenahoy.com\/primero\/wp-content\/uploads\/2022\/01\/pic-1-6.jpg 700w, http:\/\/www.pasadenahoy.com\/primero\/wp-content\/uploads\/2022\/01\/pic-1-6-300x162.jpg 300w, http:\/\/www.pasadenahoy.com\/primero\/wp-content\/uploads\/2022\/01\/pic-1-6-241x130.jpg 241w, http:\/\/www.pasadenahoy.com\/primero\/wp-content\/uploads\/2022\/01\/pic-1-6-333x180.jpg 333w, http:\/\/www.pasadenahoy.com\/primero\/wp-content\/uploads\/2022\/01\/pic-1-6-360x194.jpg 360w\" sizes=\"100vw\" \/><figcaption><span class=\"caption-text\">Amy Wainscott, presidenta del Torneo de las Rosas de Pasadena 2023. [Foto cortes\u00eda del Torneo de las Rosas]<\/span><\/figcaption><\/figure><\/figure>\n\n\n\n<p>La Junta Directiva del Torneo de las Rosas de Pasadena confirm\u00f3 a Amy Wainscott como Presidenta y Directora de la Junta para la Asociaci\u00f3n del Torneo de las Rosas de Pasadena 2023 el jueves por la noche.<\/p>\n\n\n\n<p>Wainscott dirigir\u00e1 la organizaci\u00f3n del Desfile de las Rosas n\u00famero 134 y el Juego del Taz\u00f3n de las Rosas n\u00famero 109 el lunes 2 de enero de 2023. Los eventos tendr\u00e1n lugar el d\u00eda despu\u00e9s del D\u00eda de A\u00f1o Nuevo de acuerdo con la tradici\u00f3n del Torneo &#8220;Nunca en domingo&#8221; mantenida desde 1893, la primera a\u00f1o el Desfile de las Rosas cay\u00f3 en domingo.<\/p>\n\n\n\n<p>A lo largo de su extensa carrera en el Torneo de las Rosas, Wainscott se ha desempe\u00f1ado como presidenta de varios comit\u00e9s de voluntarios. Fue la primera mujer en presidir Parade Operations.<\/p>\n\n\n\n<p>Wainscott se convertir\u00e1 en la cuarta mujer presidenta de la Asociaci\u00f3n.<\/p>\n\n\n\n<p>Durante la cena de instalaci\u00f3n del jueves, Wainscott anunci\u00f3 que el tema del Desfile de las Rosas 2023 es &#8220;Turning The Corner&#8221;.<\/p>\n\n\n\n<p>\u201cEl tema de 2023 celebra el giro de una esquina. Ya sea que ese rinc\u00f3n sea real o figurativo, como el potencial ilimitado que trae cada nuevo a\u00f1o, todos disfrutamos la oportunidad de un nuevo comienzo\u201d, dijo Wainscott. \u201cDoblar una esquina significa elevarse por encima, solo o con la familia, los amigos y la comunidad. Este a\u00f1o, mientras doblamos la esquina juntos, compartimos la esperanza, la belleza y la alegr\u00eda de lo que traer\u00e1 el 2023\u201d.<\/p>\n\n\n\n<p>En cambio, Wainscott revel\u00f3 que el p\u00f3ster del Desfile de las Rosas de 2023 se crear\u00e1 a trav\u00e9s de un concurso de dise\u00f1o.<br>Tradicionalmente, el Presidente del Torneo descubre un cartel con el logotipo que simboliza el tema que se anuncia.<\/p>\n\n\n\n<p>El dise\u00f1o seleccionado se utilizar\u00e1 en el cartel oficial del Desfile de las Rosas de 2023, as\u00ed como en varias otras formas de promoci\u00f3n del evento.<\/p>\n\n\n\n<p>Se alienta a todos a postularse, el concurso comienza el 21 de enero de 2022 y est\u00e1 abierto a todos: artistas j\u00f3venes, estudiantes, participantes de desfiles anteriores, fan\u00e1ticos internacionales: se aceptar\u00e1n todas las presentaciones.<\/p>\n\n\n\n<div class=\"wp-block-image alignright\"><figure class=\"alignright size-large\"><img loading=\"lazy\" width=\"360\" height=\"469\" src=\"http:\/\/www.pasadenahoy.com\/primero\/wp-content\/uploads\/2022\/01\/pic-1a-1.png\" alt=\"\" class=\"wp-image-13922\" srcset=\"http:\/\/www.pasadenahoy.com\/primero\/wp-content\/uploads\/2022\/01\/pic-1a-1.png 360w, http:\/\/www.pasadenahoy.com\/primero\/wp-content\/uploads\/2022\/01\/pic-1a-1-230x300.png 230w, http:\/\/www.pasadenahoy.com\/primero\/wp-content\/uploads\/2022\/01\/pic-1a-1-100x130.png 100w, http:\/\/www.pasadenahoy.com\/primero\/wp-content\/uploads\/2022\/01\/pic-1a-1-138x180.png 138w\" sizes=\"100vw\" \/><figcaption><span class=\"caption-text\">En cambio, Wainscott revel\u00f3 que el cartel del Desfile de las Rosas de 2023 se crear\u00e1 a trav\u00e9s de un concurso de dise\u00f1o.<\/span><\/figcaption><\/figure><\/div>\n\n\n\n<p>Para consultar las reglas oficiales del concurso, visite <a href=\"https:\/\/tournamentofroses.com\/2023postercontest\">www.torneoofroses.com\/2023postercontest.<\/a><\/p>\n\n\n\n<p>Wainscott naci\u00f3 y creci\u00f3 en Eagle River, Wisconsin. Una verdadera &#8220;Cheesehead&#8221;, es una fan\u00e1tica ac\u00e9rrima de los Green Bay Packers y los Wisconsin Badgers. Despu\u00e9s de mudarse a California a los 18 a\u00f1os, Wainscott estudi\u00f3 administraci\u00f3n de justicia en Pasadena City College y administraci\u00f3n de la construcci\u00f3n en Cal Poly Pomona. Ella y su esposo tienen seis hijos y dos nietos. Los pasatiempos de Wainscott incluyen golf, leer, viajar y pasar tiempo en la casa de vacaciones de su familia en Wisconsin.<\/p>\n\n\n\n<p>Adem\u00e1s de sus muchos a\u00f1os de servicio en el Torneo de las Rosas, Wainscott trabaj\u00f3 brevemente para la Ciudad de Pasadena antes de hacer carrera en la industria de la construcci\u00f3n en el \u00e1rea de Pasadena. Fue miembro del comit\u00e9 directivo de la renovaci\u00f3n original del palco de prensa del Rose Bowl en 1992, y trabajaba para la empresa de gesti\u00f3n de la construcci\u00f3n. Despu\u00e9s de 16 a\u00f1os como contratista general especializado en construcci\u00f3n y remodelaci\u00f3n residencial, Wainscott se retir\u00f3 de la industria de la construcci\u00f3n. Permanece activa en la inversi\u00f3n inmobiliaria y la gesti\u00f3n de propiedades.<\/p>\n","protected":false},"excerpt":{"rendered":"<p>La Junta Directiva del Torneo de las Rosas de Pasadena confirm\u00f3 a Amy Wainscott como Presidenta y Directora de la Junta para la Asociaci\u00f3n del Torneo de las Rosas de Pasadena 2023 el jueves por la noche. Wainscott dirigir\u00e1 la organizaci\u00f3n del Desfile de las Rosas n\u00famero 134 y el Juego del Taz\u00f3n de las Rosas n\u00famero 109 el lunes 2 de enero de 2023. Los eventos tendr\u00e1n lugar el d\u00eda despu\u00e9s del D\u00eda de A\u00f1o Nuevo de acuerdo con [&hellip;]<\/p>\n","protected":false},"author":4,"featured_media":13921,"comment_status":"open","ping_status":"closed","sticky":false,"template":"","format":"standard","meta":[],"categories":[4],"tags":[],"acf":[],"_links":{"self":[{"href":"http:\/\/www.pasadenahoy.com\/primero\/wp-json\/wp\/v2\/posts\/13920"}],"collection":[{"href":"http:\/\/www.pasadenahoy.com\/primero\/wp-json\/wp\/v2\/posts"}],"about":[{"href":"http:\/\/www.pasadenahoy.com\/primero\/wp-json\/wp\/v2\/types\/post"}],"author":[{"embeddable":true,"href":"http:\/\/www.pasadenahoy.com\/primero\/wp-json\/wp\/v2\/users\/4"}],"replies":[{"embeddable":true,"href":"http:\/\/www.pasadenahoy.com\/primero\/wp-json\/wp\/v2\/comments?post=13920"}],"version-history":[{"count":2,"href":"http:\/\/www.pasadenahoy.com\/primero\/wp-json\/wp\/v2\/posts\/13920\/revisions"}],"predecessor-version":[{"id":13924,"href":"http:\/\/www.pasadenahoy.com\/primero\/wp-json\/wp\/v2\/posts\/13920\/revisions\/13924"}],"wp:featuredmedia":[{"embeddable":true,"href":"http:\/\/www.pasadenahoy.com\/primero\/wp-json\/wp\/v2\/media\/13921"}],"wp:attachment":[{"href":"http:\/\/www.pasadenahoy.com\/primero\/wp-json\/wp\/v2\/media?parent=13920"}],"wp:term":[{"taxonomy":"category","embeddable":true,"href":"http:\/\/www.pasadenahoy.com\/primero\/wp-json\/wp\/v2\/categories?post=13920"},{"taxonomy":"post_tag","embeddable":true,"href":"http:\/\/www.pasadenahoy.com\/primero\/wp-json\/wp\/v2\/tags?post=13920"}],"curies":[{"name":"wp","href":"https:\/\/api.w.org\/{rel}","templated":true}]}}