{"id":13925,"date":"2022-01-21T15:23:29","date_gmt":"2022-01-21T15:23:29","guid":{"rendered":"http:\/\/www.pasadenahoy.com\/primero\/?p=13925"},"modified":"2022-01-21T15:23:31","modified_gmt":"2022-01-21T15:23:31","slug":"pcc-se-prepara-para-reanudar-la-instruccion-en-el-campus-el-lunes-pero-los-maestros-se-resisten","status":"publish","type":"post","link":"http:\/\/www.pasadenahoy.com\/primero\/la-comunidad\/pcc-se-prepara-para-reanudar-la-instruccion-en-el-campus-el-lunes-pero-los-maestros-se-resisten\/","title":{"rendered":"PCC se prepara para reanudar la instrucci\u00f3n en el campus el lunes, pero los maestros se resisten"},"content":{"rendered":"\n<figure class=\"wp-block-embed-vimeo wp-block-embed is-type-video is-provider-vimeo wp-embed-aspect-16-9 wp-has-aspect-ratio\"><div class=\"wp-block-embed__wrapper\">\n<iframe loading=\"lazy\" title=\"PCC Faculty Protest January 24 Reopening\" src=\"https:\/\/player.vimeo.com\/video\/668428750?h=1a2c082f1a&amp;dnt=1&amp;app_id=122963\" width=\"740\" height=\"416\" frameborder=\"0\" allow=\"autoplay; fullscreen; picture-in-picture\" allowfullscreen><\/iframe>\n<\/div><\/figure>\n\n\n\n<p>Los funcionarios administrativos de Pasadena City College dijeron el jueves que est\u00e1n haciendo los preparativos finales para el regreso a la instrucci\u00f3n en persona el lunes, pero la asociaci\u00f3n de profesores se manifest\u00f3 en contra de la reanudaci\u00f3n y dijo que la mayor\u00eda de sus miembros y muchos estudiantes se oponen a la reapertura del 24 de enero.<\/p>\n\n\n\n<p>Los miembros de la facultad quieren retrasar la reapertura hasta febrero.<\/p>\n\n\n\n<p>El presidente de la Asociaci\u00f3n de Facultad de PCC, Mark Whitworth, dijo que los maestros se reunir\u00e1n con la administraci\u00f3n el viernes para discutir una propuesta alternativa de la facultad y su posici\u00f3n de que la administraci\u00f3n de la universidad deber\u00eda reconsiderar la reanudaci\u00f3n de las clases presenciales el lunes.<\/p>\n\n\n\n<p>El Asistente Especial del Superintendente\/Presidente Alexander Boekelheide confirm\u00f3 que est\u00e1 programada una reuni\u00f3n con la Asociaci\u00f3n de Facultad, pero dijo que era para discutir los impactos y efectos de la reapertura del lunes.<\/p>\n\n\n\n<p>\u201cEl momento del regreso al campus no est\u00e1 abierto a negociaci\u00f3n\u201d, dijo Boekelheide en un correo electr\u00f3nico a Pasadena Now.<\/p>\n\n\n\n<p>Boekelheide dijo que la reapertura se ha discutido y planificado de varias formas desde finales de diciembre. La decisi\u00f3n de reabrir el 24 de enero se comunic\u00f3 a los estudiantes, profesores y personal en la tarde del 1 de enero.<\/p>\n\n\n\n<p>Los miembros de la facultad que se manifestaron en el campus de PCC el jueves quieren que el regreso se retrase hasta al menos el 14 de febrero.<\/p>\n\n\n\n<p>\u201cEstamos aqu\u00ed para enviar un mensaje de que la facultad no se siente c\u00f3moda regresando el 24 de enero. Preferimos estar en l\u00ednea con las otras escuelas en el \u00e1rea y regresar un poco m\u00e1s tarde en febrero cuando termine el aumento\u201d, dijo Mark Whitworth, presidente de PCCFA cuando fue entrevistado durante la demostraci\u00f3n.<\/p>\n\n\n\n<p>Seg\u00fan Whitworth, casi el 80 % de los docentes encuestados por PCCFA indicaron que les gustar\u00eda extender el per\u00edodo de instrucci\u00f3n remota.<\/p>\n\n\n\n<p>Simona Supekar, profesora de ingl\u00e9s del PCC, dijo que m\u00e1s de la mitad de sus alumnos est\u00e1n de acuerdo en retrasar la reanudaci\u00f3n de las clases presenciales.<\/p>\n\n\n\n<p>\u201cEl 56 por ciento de mis estudiantes dijeron que no se sienten seguros al regresar el lunes. Cuando se les pregunt\u00f3 cu\u00e1l ser\u00eda la fecha ideal de regreso, m\u00e1s de la mitad de ellos dijeron que ser\u00eda en alg\u00fan momento despu\u00e9s del d\u00eda de regreso del lunes\u201d.<\/p>\n\n\n\n<p>La Junta de Fideicomisarios de PCC intervino sobre el tema en la reuni\u00f3n de la junta del mi\u00e9rcoles por la noche.<\/p>\n\n\n\n<p>El miembro estudiantil David Ram\u00edrez (cuyos dos a\u00f1os en la junta se han llevado a cabo casi en su totalidad a trav\u00e9s de teleconferencias) dijo que era el momento adecuado para regresar al campus. Dijo que sus compa\u00f1eros est\u00e1n \u201cfirmemente a favor de permitir que los estudiantes que se sientan lo suficientemente seguros como para hacerlo regresen al campus la pr\u00f3xima semana\u201d, dijo, destacando los \u201cmillones de d\u00f3lares\u201d gastados en mejoras para proporcionar un campus seguro.<\/p>\n\n\n\n<p>La Junta ratific\u00f3 la decisi\u00f3n de reabrir el lunes.<\/p>\n\n\n\n<p>Ser\u00e1 la primera vez que la mayor\u00eda de los estudiantes regresen al campus para tomar clases en casi dos a\u00f1os.<\/p>\n\n\n\n<p>Aun as\u00ed, la universidad est\u00e1 limitando la cantidad de estudiantes y cursos ofrecidos para controlar a\u00fan m\u00e1s la propagaci\u00f3n de COVID-19. Para el semestre de primavera de 2022, que comenz\u00f3 el 10 de enero, aproximadamente el 58 % de los cursos se ofrecen de forma presencial; el resto son clases h\u00edbridas o solo en l\u00ednea.<\/p>\n\n\n\n<p>El tama\u00f1o de las clases en el campus se ha reducido a la mitad de su tama\u00f1o habitual, para garantizar una distancia adecuada y reducir las posibilidades de aglomeraci\u00f3n.<\/p>\n\n\n\n<p>Y por primera vez entre los colegios comunitarios locales, en octubre de 2021 PCC requiri\u00f3 la vacunaci\u00f3n completa contra COVID-19, con excepciones limitadas, entre todos los estudiantes, profesores y personal que acuden en persona al campus.<\/p>\n\n\n\n<p>A partir del 4 de enero, se verific\u00f3 que casi 20,000 estudiantes y empleados de PCC estaban completamente vacunados, seg\u00fan la administraci\u00f3n de la universidad.<\/p>\n\n\n\n<p>\u201cTodos tienen sus propias circunstancias \u00fanicas con las que tienen que lidiar\u201d, dijo el fideicomisario Jim Osterling, diciendo que hab\u00eda recibido muchas cartas de estudiantes, profesores y personal sobre el regreso a las operaciones en el campus. \u201cQuiero felicitar a nuestra administraci\u00f3n por gastar estrat\u00e9gicamente para que podamos regresar al campus de la manera m\u00e1s segura posible.<\/p>\n\n\n\n<p>\u201cEstamos haciendo el mejor trabajo posible con los fondos que hemos recibido para hacer que nuestro campus sea seguro\u201d, agreg\u00f3.<\/p>\n\n\n\n<p>Se han instalado sistemas mejorados de ventilaci\u00f3n y filtraci\u00f3n en todos los edificios del campus, seg\u00fan un portavoz de la universidad.<\/p>\n\n\n\n<p>En los preparativos que comenzaron antes del verano de 2021, el personal de limpieza ha establecido procesos mejorados de limpieza y desinfecci\u00f3n para ayudar a reducir la propagaci\u00f3n de g\u00e9rmenes.<\/p>\n\n\n\n<p>Cuando los estudiantes regresen el lunes, habr\u00e1 precauciones adicionales a seguir. Todos los estudiantes y empleados est\u00e1n sujetos a pruebas semanales de COVID-19 en una de las cinco ubicaciones en los cuatro campus del \u00e1rea de PCC. Se requieren m\u00e1scaras en todos los entornos, en interiores y exteriores, y la universidad espera distribuir sin costo m\u00e1s de 12,000 m\u00e1scaras KN95 a sus estudiantes, profesores y personal.<\/p>\n\n\n\n<p>La universidad tambi\u00e9n ha otorgado subvenciones directas a estudiantes en una escala extraordinaria. Desde el inicio de la pandemia, PCC ha proporcionado casi $10 millones a m\u00e1s de 11,000 estudiantes en fondos federales de emergencia CARES. Los fondos siguen estando disponibles para ayudar a los estudiantes.<\/p>\n\n\n\n<p>La universidad trabaja en estrecha colaboraci\u00f3n con los funcionarios de salud p\u00fablica en Los Ang.<\/p>\n\n\n\n<p>el condado de eles y la ciudad de Pasadena y adaptar\u00e1 sus planes a medida que la pandemia contin\u00fae evolucionando.<\/p>\n\n\n\n<p>Se puede encontrar m\u00e1s informaci\u00f3n sobre la respuesta de PCC a la pandemia de COVID-19 en una secci\u00f3n especial del sitio web de la universidad,<a href=\"https:\/\/pasadena.edu\/lancerstogether\"> pasadena.edu\/LancersTogether.<\/a><\/p>\n","protected":false},"excerpt":{"rendered":"<p>Los funcionarios administrativos de Pasadena City College dijeron el jueves que est\u00e1n haciendo los preparativos finales para el regreso a la instrucci\u00f3n en persona el lunes, pero la asociaci\u00f3n de profesores se manifest\u00f3 en contra de la reanudaci\u00f3n y dijo que la mayor\u00eda de sus miembros y muchos estudiantes se oponen a la reapertura del 24 de enero. Los miembros de la facultad quieren retrasar la reapertura hasta febrero. El presidente de la Asociaci\u00f3n de Facultad de PCC, Mark Whitworth, [&hellip;]<\/p>\n","protected":false},"author":4,"featured_media":13930,"comment_status":"open","ping_status":"closed","sticky":false,"template":"","format":"standard","meta":[],"categories":[4],"tags":[],"acf":[],"_links":{"self":[{"href":"http:\/\/www.pasadenahoy.com\/primero\/wp-json\/wp\/v2\/posts\/13925"}],"collection":[{"href":"http:\/\/www.pasadenahoy.com\/primero\/wp-json\/wp\/v2\/posts"}],"about":[{"href":"http:\/\/www.pasadenahoy.com\/primero\/wp-json\/wp\/v2\/types\/post"}],"author":[{"embeddable":true,"href":"http:\/\/www.pasadenahoy.com\/primero\/wp-json\/wp\/v2\/users\/4"}],"replies":[{"embeddable":true,"href":"http:\/\/www.pasadenahoy.com\/primero\/wp-json\/wp\/v2\/comments?post=13925"}],"version-history":[{"count":3,"href":"http:\/\/www.pasadenahoy.com\/primero\/wp-json\/wp\/v2\/posts\/13925\/revisions"}],"predecessor-version":[{"id":13931,"href":"http:\/\/www.pasadenahoy.com\/primero\/wp-json\/wp\/v2\/posts\/13925\/revisions\/13931"}],"wp:featuredmedia":[{"embeddable":true,"href":"http:\/\/www.pasadenahoy.com\/primero\/wp-json\/wp\/v2\/media\/13930"}],"wp:attachment":[{"href":"http:\/\/www.pasadenahoy.com\/primero\/wp-json\/wp\/v2\/media?parent=13925"}],"wp:term":[{"taxonomy":"category","embeddable":true,"href":"http:\/\/www.pasadenahoy.com\/primero\/wp-json\/wp\/v2\/categories?post=13925"},{"taxonomy":"post_tag","embeddable":true,"href":"http:\/\/www.pasadenahoy.com\/primero\/wp-json\/wp\/v2\/tags?post=13925"}],"curies":[{"name":"wp","href":"https:\/\/api.w.org\/{rel}","templated":true}]}}