{"id":13932,"date":"2022-01-21T15:30:02","date_gmt":"2022-01-21T15:30:02","guid":{"rendered":"http:\/\/www.pasadenahoy.com\/primero\/?p=13932"},"modified":"2022-01-21T15:30:04","modified_gmt":"2022-01-21T15:30:04","slug":"concejal-elogia-a-la-policia-por-el-arresto-espera-que-las-patrullas-reduzcan-la-violencia-reciente","status":"publish","type":"post","link":"http:\/\/www.pasadenahoy.com\/primero\/la-comunidad\/concejal-elogia-a-la-policia-por-el-arresto-espera-que-las-patrullas-reduzcan-la-violencia-reciente\/","title":{"rendered":"Concejal elogia a la polic\u00eda por el arresto, espera que las patrullas reduzcan la violencia reciente"},"content":{"rendered":"\n<figure class=\"wp-block-image alignnone size-large\"><figure class=\"alignnone\"><img loading=\"lazy\" width=\"734\" height=\"400\" src=\"http:\/\/www.pasadenahoy.com\/primero\/wp-content\/uploads\/2022\/01\/pic-3-4.png\" alt=\"\" class=\"wp-image-13933\" srcset=\"http:\/\/www.pasadenahoy.com\/primero\/wp-content\/uploads\/2022\/01\/pic-3-4.png 734w, http:\/\/www.pasadenahoy.com\/primero\/wp-content\/uploads\/2022\/01\/pic-3-4-300x163.png 300w, http:\/\/www.pasadenahoy.com\/primero\/wp-content\/uploads\/2022\/01\/pic-3-4-239x130.png 239w, http:\/\/www.pasadenahoy.com\/primero\/wp-content\/uploads\/2022\/01\/pic-3-4-330x180.png 330w, http:\/\/www.pasadenahoy.com\/primero\/wp-content\/uploads\/2022\/01\/pic-3-4-700x381.png 700w, http:\/\/www.pasadenahoy.com\/primero\/wp-content\/uploads\/2022\/01\/pic-3-4-360x196.png 360w, http:\/\/www.pasadenahoy.com\/primero\/wp-content\/uploads\/2022\/01\/pic-3-4-720x392.png 720w\" sizes=\"100vw\" \/><figcaption><span class=\"caption-text\">La concejal del Distrito 5 de Pasadena, Jessica Rivas, vista en Villa Parke en una captura de pantalla de archivo de su primera reuni\u00f3n comunitaria el 18 de febrero de 2021 luego de una serie de tiroteos a principios del a\u00f1o pasado. [Pasadena Media]<\/span><\/figcaption><\/figure><\/figure>\n\n\n\n<p><br>La polic\u00eda dijo que el tiroteo de esta semana contra un adolescente probablemente estuvo relacionado con pandillas, el director de informaci\u00f3n de la ciudad describi\u00f3 los planes para aumentar las c\u00e1maras de video en Villa Parke y en otros lugares, y la concejal del Distrito 5, Jessica Rivas, elogi\u00f3 el arresto policial en el caso del tiroteo y dijo que ten\u00eda esperanzas. patrullas adicionales amortiguar\u00edan un aumento en la violencia reciente durante una reuni\u00f3n virtual que organiz\u00f3 el jueves por la noche.<br>En la reuni\u00f3n, la teniente de polic\u00eda de Pasadena, Marcia Taglioretti, habl\u00f3 con la comunidad sobre los esfuerzos continuos de la ciudad para frenar la violencia armada en medio de recientes incidentes de tiroteos.<\/p>\n\n\n\n<p>El domingo pasado, un hombre recibi\u00f3 un disparo despu\u00e9s de un enfrentamiento y robo cerca de Villa Parke y el martes, un ni\u00f1o de 15 a\u00f1os que viajaba como pasajero en un autom\u00f3vil cerca de Eldora Road y North Los RFobles Ave. recibi\u00f3 un disparo en la cabeza.<\/p>\n\n\n\n<p>Seg\u00fan Taglioretti, se desconocen los motivos de los tiradores en los recientes incidentes. Ella dijo que ambos tiroteos podr\u00edan estar relacionados con pandillas.<\/p>\n\n\n\n<p>\u201cEso es lo que est\u00e1n investigando nuestros detectives. Parece haber una conexi\u00f3n y, de nuevo, probablemente est\u00e9 relacionado con pandillas\u201d, dijo Taglioretti. Ella se neg\u00f3 a proporcionar informaci\u00f3n sobre pandillas espec\u00edficas posiblemente involucradas en los incidentes de disparos.<\/p>\n\n\n\n<p>\u201cEsta es una situaci\u00f3n realmente desafortunada\u201d, dijo Rivas. \u201cTuvimos un a\u00f1o completo sin eso y ahora est\u00e1 comenzando de nuevo, pero estoy agradecido de que ya hayamos hecho un arresto\u201d.<\/p>\n\n\n\n<p>Cuando se le pregunt\u00f3 por qu\u00e9 Villa Parke y sus alrededores han sido puntos cr\u00edticos de los cr\u00edmenes recientes, Taglioretti dijo que esto se debe a que una pandilla espec\u00edfica se congrega en el \u00e1rea.<\/p>\n\n\n\n<p>\u201cUna de nuestras pandillas en Pasadena, Villa Parke, es conocida por el \u00e1rea donde se congregan\u201d, dijo.<\/p>\n\n\n\n<p>Mientras tanto, durante la reuni\u00f3n, el jefe de informaci\u00f3n de la ciudad, Phillip Leclair, anim\u00f3 a que se lleven a cabo futuras discusiones dentro de la comunidad sobre la instalaci\u00f3n de c\u00e1maras de video adicionales para disuadir el crimen y ayudar a capturar a los perpetradores.<\/p>\n\n\n\n<p>&#8220;Villa Parke es en realidad el primer parque de la ciudad que tiene c\u00e1maras instaladas en el propio parque y esto fue realmente para ayudar a mejorar las preocupaciones de seguridad&#8221;.<\/p>\n\n\n\n<p>\u201cHace 5 o 10 a\u00f1os, nadie pensaba siquiera en poner c\u00e1maras en el parque. La gente realmente quer\u00eda mucha m\u00e1s privacidad en el parque. No quer\u00edan este tipo de tecnolog\u00eda all\u00ed, pero debido a estas circunstancias, las cosas est\u00e1n cambiando en el mundo\u201d.<\/p>\n\n\n\n<p>\u201cCreo que es un disuasivo exitoso. Creo que se podr\u00edan tener conversaciones futuras sobre c\u00f3mo este programa podr\u00eda expandirse en otras \u00e1reas como las calles\u201d, dijo Leclair.<\/p>\n\n\n\n<p>Dijo que ha habido inter\u00e9s en el vecindario para que los propietarios usen potencialmente su propia c\u00e1mara de seguridad y compartan im\u00e1genes con la polic\u00eda para ayudar con las investigaciones.<\/p>\n\n\n\n<p>Rivas se\u00f1al\u00f3 que el concejal Tyron Hampton present\u00f3 una propuesta con la misma intenci\u00f3n y pronto se presentar\u00e1 ante el Concejo Municipal.<\/p>\n\n\n\n<p>Rivas, por su parte, aconsej\u00f3 personalmente a los comuneros instalar c\u00e1maras y luces en sus casas para su seguridad.<\/p>\n\n\n\n<p>\u201cEn este punto, mis pensamientos iniciales son, como ciudadano privado, como su vecino, por todos los medios, tener c\u00e1maras, tener luces\u201d.<\/p>\n","protected":false},"excerpt":{"rendered":"<p>La polic\u00eda dijo que el tiroteo de esta semana contra un adolescente probablemente estuvo relacionado con pandillas, el director de informaci\u00f3n de la ciudad describi\u00f3 los planes para aumentar las c\u00e1maras de video en Villa Parke y en otros lugares, y la concejal del Distrito 5, Jessica Rivas, elogi\u00f3 el arresto policial en el caso del tiroteo y dijo que ten\u00eda esperanzas. patrullas adicionales amortiguar\u00edan un aumento en la violencia reciente durante una reuni\u00f3n virtual que organiz\u00f3 el jueves por [&hellip;]<\/p>\n","protected":false},"author":4,"featured_media":13933,"comment_status":"open","ping_status":"closed","sticky":false,"template":"","format":"standard","meta":[],"categories":[4],"tags":[],"acf":[],"_links":{"self":[{"href":"http:\/\/www.pasadenahoy.com\/primero\/wp-json\/wp\/v2\/posts\/13932"}],"collection":[{"href":"http:\/\/www.pasadenahoy.com\/primero\/wp-json\/wp\/v2\/posts"}],"about":[{"href":"http:\/\/www.pasadenahoy.com\/primero\/wp-json\/wp\/v2\/types\/post"}],"author":[{"embeddable":true,"href":"http:\/\/www.pasadenahoy.com\/primero\/wp-json\/wp\/v2\/users\/4"}],"replies":[{"embeddable":true,"href":"http:\/\/www.pasadenahoy.com\/primero\/wp-json\/wp\/v2\/comments?post=13932"}],"version-history":[{"count":2,"href":"http:\/\/www.pasadenahoy.com\/primero\/wp-json\/wp\/v2\/posts\/13932\/revisions"}],"predecessor-version":[{"id":13935,"href":"http:\/\/www.pasadenahoy.com\/primero\/wp-json\/wp\/v2\/posts\/13932\/revisions\/13935"}],"wp:featuredmedia":[{"embeddable":true,"href":"http:\/\/www.pasadenahoy.com\/primero\/wp-json\/wp\/v2\/media\/13933"}],"wp:attachment":[{"href":"http:\/\/www.pasadenahoy.com\/primero\/wp-json\/wp\/v2\/media?parent=13932"}],"wp:term":[{"taxonomy":"category","embeddable":true,"href":"http:\/\/www.pasadenahoy.com\/primero\/wp-json\/wp\/v2\/categories?post=13932"},{"taxonomy":"post_tag","embeddable":true,"href":"http:\/\/www.pasadenahoy.com\/primero\/wp-json\/wp\/v2\/tags?post=13932"}],"curies":[{"name":"wp","href":"https:\/\/api.w.org\/{rel}","templated":true}]}}