{"id":13936,"date":"2022-01-21T15:39:59","date_gmt":"2022-01-21T15:39:59","guid":{"rendered":"http:\/\/www.pasadenahoy.com\/primero\/?p=13936"},"modified":"2022-01-21T15:40:00","modified_gmt":"2022-01-21T15:40:00","slug":"tournament-of-roses-anuncia-el-liderazgo-y-la-estructura-organizativa-de-2022-2023","status":"publish","type":"post","link":"http:\/\/www.pasadenahoy.com\/primero\/la-comunidad\/tournament-of-roses-anuncia-el-liderazgo-y-la-estructura-organizativa-de-2022-2023\/","title":{"rendered":"Tournament of Roses anuncia el liderazgo y la estructura organizativa de 2022-2023"},"content":{"rendered":"\n<figure class=\"wp-block-image alignnone size-large\"><figure class=\"alignnone\"><img loading=\"lazy\" width=\"700\" height=\"378\" src=\"http:\/\/www.pasadenahoy.com\/primero\/wp-content\/uploads\/2022\/01\/pic-4-11.jpg\" alt=\"\" class=\"wp-image-13937\" srcset=\"http:\/\/www.pasadenahoy.com\/primero\/wp-content\/uploads\/2022\/01\/pic-4-11.jpg 700w, http:\/\/www.pasadenahoy.com\/primero\/wp-content\/uploads\/2022\/01\/pic-4-11-300x162.jpg 300w, http:\/\/www.pasadenahoy.com\/primero\/wp-content\/uploads\/2022\/01\/pic-4-11-241x130.jpg 241w, http:\/\/www.pasadenahoy.com\/primero\/wp-content\/uploads\/2022\/01\/pic-4-11-333x180.jpg 333w, http:\/\/www.pasadenahoy.com\/primero\/wp-content\/uploads\/2022\/01\/pic-4-11-360x194.jpg 360w\" sizes=\"100vw\" \/><figcaption><span class=\"caption-text\">Jason Melillo elegido para servir como presidente en 2030. [Foto cortes\u00eda del Torneo de las Rosas]<\/span><\/figcaption><\/figure><\/figure>\n\n\n\n<p>El Torneo de las Rosas anunci\u00f3 su liderazgo y estructura organizativa 2022-2023 durante una cena de instalaci\u00f3n el jueves por la noche.<br>Jason Melillo, quien ha sido miembro voluntario desde 1991, fue nombrado para servir como presidente de la Asociaci\u00f3n en 2030. Brindar\u00e1 liderazgo para el 141\u00ba Desfile de las Rosas y el 116\u00ba Juego del Rose Bowl el 1 de enero de 2030.<\/p>\n\n\n\n<p>Adem\u00e1s, los siguientes funcionarios fueron elegidos para servir con Melillo en el Comit\u00e9 Ejecutivo de 14 miembros: Alex Aghajanian, Vicepresidente Ejecutivo; Ed Morales, Tesorero y Mark Leavens, Secretario. Bob Miller, presidente del Torneo de las Rosas 2022, se desempe\u00f1a como expresidente inmediato. Terry Madigan, Pam Knapp y Craig Washington fueron reelegidos para el Comit\u00e9 Ejecutivo como vicepresidentes.<\/p>\n\n\n\n<p>Cinco miembros generales son designados para el Comit\u00e9 Ejecutivo y sirven por dos a\u00f1os. Se agradeci\u00f3 a los miembros generales salientes, Zabrina Alibadbad y Tiffany Gardner, por su arduo trabajo y dedicaci\u00f3n a la Asociaci\u00f3n. Los nuevos miembros generales Steve Arellano y Regina Major se unir\u00e1n a Cecil Griffin, David Thaxton y Susy Woo.<\/p>\n\n\n\n<p>La reci\u00e9n instalada presidenta del Torneo, Amy Wainscott, tambi\u00e9n anunci\u00f3 la elecci\u00f3n de nuevos miembros para la Junta Directiva del Torneo de las Rosas: Brian James y Tom McEntee.<\/p>\n\n\n\n<p>El Desfile de las Rosas n\u00famero 134 y el Juego del Taz\u00f3n de las Rosas n\u00famero 109 se llevar\u00e1n a cabo el lunes 2 de enero de 2023. Los eventos tendr\u00e1n lugar el d\u00eda despu\u00e9s del D\u00eda de A\u00f1o Nuevo de acuerdo con la tradici\u00f3n del Torneo &#8220;Nunca en domingo&#8221; que se mantiene desde 1893, el primer a\u00f1o en que la Rosa El desfile cay\u00f3 en domingo.<\/p>\n","protected":false},"excerpt":{"rendered":"<p>El Torneo de las Rosas anunci\u00f3 su liderazgo y estructura organizativa 2022-2023 durante una cena de instalaci\u00f3n el jueves por la noche.Jason Melillo, quien ha sido miembro voluntario desde 1991, fue nombrado para servir como presidente de la Asociaci\u00f3n en 2030. Brindar\u00e1 liderazgo para el 141\u00ba Desfile de las Rosas y el 116\u00ba Juego del Rose Bowl el 1 de enero de 2030. Adem\u00e1s, los siguientes funcionarios fueron elegidos para servir con Melillo en el Comit\u00e9 Ejecutivo de 14 miembros: [&hellip;]<\/p>\n","protected":false},"author":4,"featured_media":13937,"comment_status":"open","ping_status":"closed","sticky":false,"template":"","format":"standard","meta":[],"categories":[4],"tags":[],"acf":[],"_links":{"self":[{"href":"http:\/\/www.pasadenahoy.com\/primero\/wp-json\/wp\/v2\/posts\/13936"}],"collection":[{"href":"http:\/\/www.pasadenahoy.com\/primero\/wp-json\/wp\/v2\/posts"}],"about":[{"href":"http:\/\/www.pasadenahoy.com\/primero\/wp-json\/wp\/v2\/types\/post"}],"author":[{"embeddable":true,"href":"http:\/\/www.pasadenahoy.com\/primero\/wp-json\/wp\/v2\/users\/4"}],"replies":[{"embeddable":true,"href":"http:\/\/www.pasadenahoy.com\/primero\/wp-json\/wp\/v2\/comments?post=13936"}],"version-history":[{"count":2,"href":"http:\/\/www.pasadenahoy.com\/primero\/wp-json\/wp\/v2\/posts\/13936\/revisions"}],"predecessor-version":[{"id":13939,"href":"http:\/\/www.pasadenahoy.com\/primero\/wp-json\/wp\/v2\/posts\/13936\/revisions\/13939"}],"wp:featuredmedia":[{"embeddable":true,"href":"http:\/\/www.pasadenahoy.com\/primero\/wp-json\/wp\/v2\/media\/13937"}],"wp:attachment":[{"href":"http:\/\/www.pasadenahoy.com\/primero\/wp-json\/wp\/v2\/media?parent=13936"}],"wp:term":[{"taxonomy":"category","embeddable":true,"href":"http:\/\/www.pasadenahoy.com\/primero\/wp-json\/wp\/v2\/categories?post=13936"},{"taxonomy":"post_tag","embeddable":true,"href":"http:\/\/www.pasadenahoy.com\/primero\/wp-json\/wp\/v2\/tags?post=13936"}],"curies":[{"name":"wp","href":"https:\/\/api.w.org\/{rel}","templated":true}]}}