{"id":13944,"date":"2022-01-21T15:47:29","date_gmt":"2022-01-21T15:47:29","guid":{"rendered":"http:\/\/www.pasadenahoy.com\/primero\/?p=13944"},"modified":"2022-01-21T15:47:30","modified_gmt":"2022-01-21T15:47:30","slug":"pronostico-de-fin-de-semana-ventoso-bajo-cielos-despejados-y-soleados","status":"publish","type":"post","link":"http:\/\/www.pasadenahoy.com\/primero\/la-comunidad\/pronostico-de-fin-de-semana-ventoso-bajo-cielos-despejados-y-soleados\/","title":{"rendered":"Pron\u00f3stico de fin de semana ventoso bajo cielos despejados y soleados"},"content":{"rendered":"\n<figure class=\"wp-block-image alignnone size-large\"><figure class=\"alignnone\"><img loading=\"lazy\" width=\"700\" height=\"378\" src=\"http:\/\/www.pasadenahoy.com\/primero\/wp-content\/uploads\/2022\/01\/pic-6-7.png\" alt=\"\" class=\"wp-image-13945\" srcset=\"http:\/\/www.pasadenahoy.com\/primero\/wp-content\/uploads\/2022\/01\/pic-6-7.png 700w, http:\/\/www.pasadenahoy.com\/primero\/wp-content\/uploads\/2022\/01\/pic-6-7-300x162.png 300w, http:\/\/www.pasadenahoy.com\/primero\/wp-content\/uploads\/2022\/01\/pic-6-7-241x130.png 241w, http:\/\/www.pasadenahoy.com\/primero\/wp-content\/uploads\/2022\/01\/pic-6-7-333x180.png 333w, http:\/\/www.pasadenahoy.com\/primero\/wp-content\/uploads\/2022\/01\/pic-6-7-360x194.png 360w\" sizes=\"100vw\" \/><\/figure><\/figure>\n\n\n\n<p>Los vientos de Santa Ana se desarrollar\u00e1n en toda la regi\u00f3n el viernes, dijeron los meteor\u00f3logos del Servicio Meteorol\u00f3gico Nacional, a medida que contin\u00faa una tendencia al calentamiento que durar\u00e1 hasta la pr\u00f3xima semana.<\/p>\n\n\n\n<p>Los meteor\u00f3logos del NWS emitieron un aviso de viento a partir de las 3 p.m. Viernes hasta las 3 p.m. s\u00e1bado, pero en Pasadena se espera que los vientos sean leves, de 5 a 15 mph con r\u00e1fagas ocasionales m\u00e1s fuertes.<\/p>\n\n\n\n<p>Se espera que los cielos despejados y las temperaturas diurnas superiores a la media se desarrollen durante el fin de semana y m\u00e1s all\u00e1.<\/p>\n\n\n\n<p>Aqu\u00ed est\u00e1 el pron\u00f3stico detallado del NWS:<\/p>\n\n\n\n<p>Hoy: Soleado, la m\u00e1xima alrededor de 71. Viento del noreste entre 5 y 15 mph, con r\u00e1fagas de hasta 20 mph.<\/p>\n\n\n\n<p>Esta Noche: Mayormente despejado, la m\u00ednima alrededor de 50. Ventoso, con viento del nor noreste entre 20 y 30 mph, con r\u00e1fagas de hasta 40 mph.<\/p>\n\n\n\n<p>S\u00e1bado: Soleado, la m\u00e1xima alrededor de 70. Poco ventoso, con viento del noreste entre 15 y 20 mph, con r\u00e1fagas de hasta 30 mph.<\/p>\n\n\n\n<p>S\u00e1b. por la Noche: Despejado, la m\u00ednima alrededor de 48. Viento del nor noreste de 10 a 15 mph.<\/p>\n\n\n\n<p>Domingo: Soleado, la m\u00e1xima alrededor de 71. Viento del nor noreste de 10 a 15 mph.<\/p>\n\n\n\n<p>Dom. por la Noche: Despejado, la m\u00ednima alrededor de 47.<\/p>\n\n\n\n<p>Lunes: Soleado, la m\u00e1xima alrededor de 69.<\/p>\n\n\n\n<p>Lun. por la Noche: Mayormente despejado, la m\u00ednima alrededor de 46.<\/p>\n\n\n\n<p>Martes: Soleado, la m\u00e1xima alrededor de 70.<\/p>\n\n\n\n<p>Mar. por la Noche: Mayormente despejado, la m\u00ednima alrededor de 45.<\/p>\n\n\n\n<p>Mi\u00e9rcoles: Soleado, la m\u00e1xima alrededor de 72.<\/p>\n\n\n\n<p>por la Noche: Mayormente despejado, la m\u00ednima alrededor de 46.<\/p>\n\n\n\n<p>Jueves: Soleado, la m\u00e1xima alrededor de 73.<\/p>\n","protected":false},"excerpt":{"rendered":"<p>Los vientos de Santa Ana se desarrollar\u00e1n en toda la regi\u00f3n el viernes, dijeron los meteor\u00f3logos del Servicio Meteorol\u00f3gico Nacional, a medida que contin\u00faa una tendencia al calentamiento que durar\u00e1 hasta la pr\u00f3xima semana. Los meteor\u00f3logos del NWS emitieron un aviso de viento a partir de las 3 p.m. Viernes hasta las 3 p.m. s\u00e1bado, pero en Pasadena se espera que los vientos sean leves, de 5 a 15 mph con r\u00e1fagas ocasionales m\u00e1s fuertes. Se espera que los cielos [&hellip;]<\/p>\n","protected":false},"author":4,"featured_media":0,"comment_status":"open","ping_status":"closed","sticky":false,"template":"","format":"standard","meta":[],"categories":[4],"tags":[],"acf":[],"_links":{"self":[{"href":"http:\/\/www.pasadenahoy.com\/primero\/wp-json\/wp\/v2\/posts\/13944"}],"collection":[{"href":"http:\/\/www.pasadenahoy.com\/primero\/wp-json\/wp\/v2\/posts"}],"about":[{"href":"http:\/\/www.pasadenahoy.com\/primero\/wp-json\/wp\/v2\/types\/post"}],"author":[{"embeddable":true,"href":"http:\/\/www.pasadenahoy.com\/primero\/wp-json\/wp\/v2\/users\/4"}],"replies":[{"embeddable":true,"href":"http:\/\/www.pasadenahoy.com\/primero\/wp-json\/wp\/v2\/comments?post=13944"}],"version-history":[{"count":2,"href":"http:\/\/www.pasadenahoy.com\/primero\/wp-json\/wp\/v2\/posts\/13944\/revisions"}],"predecessor-version":[{"id":13947,"href":"http:\/\/www.pasadenahoy.com\/primero\/wp-json\/wp\/v2\/posts\/13944\/revisions\/13947"}],"wp:attachment":[{"href":"http:\/\/www.pasadenahoy.com\/primero\/wp-json\/wp\/v2\/media?parent=13944"}],"wp:term":[{"taxonomy":"category","embeddable":true,"href":"http:\/\/www.pasadenahoy.com\/primero\/wp-json\/wp\/v2\/categories?post=13944"},{"taxonomy":"post_tag","embeddable":true,"href":"http:\/\/www.pasadenahoy.com\/primero\/wp-json\/wp\/v2\/tags?post=13944"}],"curies":[{"name":"wp","href":"https:\/\/api.w.org\/{rel}","templated":true}]}}