{"id":13952,"date":"2022-01-24T15:54:18","date_gmt":"2022-01-24T15:54:18","guid":{"rendered":"http:\/\/www.pasadenahoy.com\/primero\/?p=13952"},"modified":"2022-01-24T15:54:19","modified_gmt":"2022-01-24T15:54:19","slug":"pasadena-city-college-vuelve-a-la-ensenanza-en-persona-hoy-los-maestros-planean-presentar-cargos-por-practicas-laborales-injustas","status":"publish","type":"post","link":"http:\/\/www.pasadenahoy.com\/primero\/la-comunidad\/pasadena-city-college-vuelve-a-la-ensenanza-en-persona-hoy-los-maestros-planean-presentar-cargos-por-practicas-laborales-injustas\/","title":{"rendered":"Pasadena City College vuelve a la ense\u00f1anza en persona hoy, los maestros planean presentar cargos por pr\u00e1cticas laborales injustas"},"content":{"rendered":"\n<figure class=\"wp-block-image alignnone size-large\"><figure class=\"alignnone\"><img loading=\"lazy\" width=\"700\" height=\"378\" src=\"http:\/\/www.pasadenahoy.com\/primero\/wp-content\/uploads\/2022\/01\/pic-1-7.jpg\" alt=\"\" class=\"wp-image-13953\" srcset=\"http:\/\/www.pasadenahoy.com\/primero\/wp-content\/uploads\/2022\/01\/pic-1-7.jpg 700w, http:\/\/www.pasadenahoy.com\/primero\/wp-content\/uploads\/2022\/01\/pic-1-7-300x162.jpg 300w, http:\/\/www.pasadenahoy.com\/primero\/wp-content\/uploads\/2022\/01\/pic-1-7-241x130.jpg 241w, http:\/\/www.pasadenahoy.com\/primero\/wp-content\/uploads\/2022\/01\/pic-1-7-333x180.jpg 333w, http:\/\/www.pasadenahoy.com\/primero\/wp-content\/uploads\/2022\/01\/pic-1-7-360x194.jpg 360w\" sizes=\"100vw\" \/><figcaption><span class=\"caption-text\">Algunos miembros de la facultad y estudiantes de PCC se manifestaron frente a la universidad el jueves 20 de enero de 2022 en contra de la reapertura de la universidad el 24 de enero. [Foto de Eddier Rivera\/Pasadena Now]<\/span><\/figcaption><\/figure><\/figure>\n\n\n\n<p><strong>[Nota del editor: esta es una historia en desarrollo. Se actualizar\u00e1 a medida que ocurran nuevos desarrollos.]<\/strong><br>La Asociaci\u00f3n de Facultad de Pasadena City College anunci\u00f3 el domingo que presentar\u00e1 un cargo de Pr\u00e1ctica Laboral Desleal contra el Distrito de Colegios Comunitarios del \u00c1rea de Pasadena por negarse a negociar sobre el regreso programado del lunes a la instrucci\u00f3n en persona.<\/p>\n\n\n\n<p>Al decir en un correo electr\u00f3nico a la facultad que este es un &#8220;momento estresante&#8221;, la superintendente\/presidenta del PCC, Erika Endrijonas, respondi\u00f3 el domingo por la noche que el Distrito &#8220;ha estado negociando y continuar\u00e1 negociando, de buena fe con todas las unidades de negociaci\u00f3n&#8221;.<\/p>\n\n\n\n<p>Mientras tanto, un portavoz de PCC dijo que la universidad segu\u00eda en camino de dar la bienvenida a los estudiantes y empleados al campus el lunes por la ma\u00f1ana.<\/p>\n\n\n\n<p>Ser\u00e1 la primera vez que la mayor\u00eda de los estudiantes regresen al campus para clases en casi dos a\u00f1os debido a la pandemia.<\/p>\n\n\n\n<p>El asistente especial del superintendente\/presidente Alex Boekelheide se\u00f1al\u00f3 las medidas de seguridad que la universidad ha implementado para proteger a los estudiantes y al cuerpo docente.<\/p>\n\n\n\n<p>El tama\u00f1o de las clases en el campus se ha reducido a la mitad de su tama\u00f1o habitual, para garantizar una distancia adecuada y reducir las posibilidades de aglomeraci\u00f3n. Hasta el 4 de enero, se hab\u00eda verificado que casi 20,000 estudiantes y empleados de PCC estaban completamente vacunados, seg\u00fan Boekelheide.<\/p>\n\n\n\n<p>Se administraron 3.536 pruebas de COVID durante el fin de semana en el PCC, inform\u00f3.<\/p>\n\n\n\n<p>La variante Omicron del virus se ha extendido por todo el pa\u00eds, lo que ha provocado algunos cierres y preocupaciones renovadas sobre los protocolos de seguridad en las instituciones de aprendizaje.<\/p>\n\n\n\n<p>\u201cLa gente estaba emocionada de volver al campus despu\u00e9s de haberse ido\u201d, dijo Boekelheide. \u201cTambi\u00e9n tuvimos muchos estudiantes que dijeron que esta era su primera vez en el campus\u201d.<\/p>\n\n\n\n<p>Pero la Asociaci\u00f3n de Facultad de PCC dijo que las medidas de seguridad que se est\u00e1n tomando no son suficientes para justificar \u201cvolver r\u00e1pidamente a las clases presenciales en medio del mayor aumento de COVID en la historia\u201d.<\/p>\n\n\n\n<p>\u201cEstamos consternados por el continuo desprecio cruel e ilegal del Distrito por la salud y la seguridad de los profesores y los estudiantes\u201d, dijo la Asociaci\u00f3n en un comunicado el domingo que continu\u00f3 anunciando que la Asociaci\u00f3n planeaba presentar un cargo de Pr\u00e1ctica laboral injusta contra el Distrito por negarse a negociar sobre la instrucci\u00f3n remota en vista de los problemas de seguridad que afectan tanto a los profesores como a los estudiantes.<\/p>\n\n\n\n<p>La Asociaci\u00f3n de Docentes les dijo a sus miembros que todos los Docentes que est\u00e9n preocupados por su salud y seguridad debido al aumento actual de COVID en el condado de Los \u00c1ngeles deben informar al Distrito de su convicci\u00f3n de que, por razones de seguridad, deben continuar impartiendo sus cursos de forma remota, fuera del campus. , durante sus d\u00edas y horarios previstos.<\/p>\n\n\n\n<p>Seg\u00fan el presidente de la Asociaci\u00f3n de Profesores, Mark Whitworth, &#8220;muchos profesores\u2026 no planean regresar al campus el lunes&#8221;.<\/p>\n","protected":false},"excerpt":{"rendered":"<p>[Nota del editor: esta es una historia en desarrollo. Se actualizar\u00e1 a medida que ocurran nuevos desarrollos.]La Asociaci\u00f3n de Facultad de Pasadena City College anunci\u00f3 el domingo que presentar\u00e1 un cargo de Pr\u00e1ctica Laboral Desleal contra el Distrito de Colegios Comunitarios del \u00c1rea de Pasadena por negarse a negociar sobre el regreso programado del lunes a la instrucci\u00f3n en persona. Al decir en un correo electr\u00f3nico a la facultad que este es un &#8220;momento estresante&#8221;, la superintendente\/presidenta del PCC, Erika [&hellip;]<\/p>\n","protected":false},"author":4,"featured_media":13953,"comment_status":"open","ping_status":"closed","sticky":false,"template":"","format":"standard","meta":[],"categories":[4],"tags":[],"acf":[],"_links":{"self":[{"href":"http:\/\/www.pasadenahoy.com\/primero\/wp-json\/wp\/v2\/posts\/13952"}],"collection":[{"href":"http:\/\/www.pasadenahoy.com\/primero\/wp-json\/wp\/v2\/posts"}],"about":[{"href":"http:\/\/www.pasadenahoy.com\/primero\/wp-json\/wp\/v2\/types\/post"}],"author":[{"embeddable":true,"href":"http:\/\/www.pasadenahoy.com\/primero\/wp-json\/wp\/v2\/users\/4"}],"replies":[{"embeddable":true,"href":"http:\/\/www.pasadenahoy.com\/primero\/wp-json\/wp\/v2\/comments?post=13952"}],"version-history":[{"count":2,"href":"http:\/\/www.pasadenahoy.com\/primero\/wp-json\/wp\/v2\/posts\/13952\/revisions"}],"predecessor-version":[{"id":13955,"href":"http:\/\/www.pasadenahoy.com\/primero\/wp-json\/wp\/v2\/posts\/13952\/revisions\/13955"}],"wp:featuredmedia":[{"embeddable":true,"href":"http:\/\/www.pasadenahoy.com\/primero\/wp-json\/wp\/v2\/media\/13953"}],"wp:attachment":[{"href":"http:\/\/www.pasadenahoy.com\/primero\/wp-json\/wp\/v2\/media?parent=13952"}],"wp:term":[{"taxonomy":"category","embeddable":true,"href":"http:\/\/www.pasadenahoy.com\/primero\/wp-json\/wp\/v2\/categories?post=13952"},{"taxonomy":"post_tag","embeddable":true,"href":"http:\/\/www.pasadenahoy.com\/primero\/wp-json\/wp\/v2\/tags?post=13952"}],"curies":[{"name":"wp","href":"https:\/\/api.w.org\/{rel}","templated":true}]}}