{"id":13968,"date":"2022-01-24T16:10:04","date_gmt":"2022-01-24T16:10:04","guid":{"rendered":"http:\/\/www.pasadenahoy.com\/primero\/?p=13968"},"modified":"2022-01-24T16:10:06","modified_gmt":"2022-01-24T16:10:06","slug":"lanzamiento-de-la-incubadora-de-cannabis-de-pasadena","status":"publish","type":"post","link":"http:\/\/www.pasadenahoy.com\/primero\/la-comunidad\/lanzamiento-de-la-incubadora-de-cannabis-de-pasadena\/","title":{"rendered":"Lanzamiento de la incubadora de cannabis de Pasadena"},"content":{"rendered":"\n<figure class=\"wp-block-image alignnone size-large\"><figure class=\"alignnone\"><img loading=\"lazy\" width=\"700\" height=\"378\" src=\"http:\/\/www.pasadenahoy.com\/primero\/wp-content\/uploads\/2022\/01\/pic-5-12.jpg\" alt=\"\" class=\"wp-image-13969\" srcset=\"http:\/\/www.pasadenahoy.com\/primero\/wp-content\/uploads\/2022\/01\/pic-5-12.jpg 700w, http:\/\/www.pasadenahoy.com\/primero\/wp-content\/uploads\/2022\/01\/pic-5-12-300x162.jpg 300w, http:\/\/www.pasadenahoy.com\/primero\/wp-content\/uploads\/2022\/01\/pic-5-12-241x130.jpg 241w, http:\/\/www.pasadenahoy.com\/primero\/wp-content\/uploads\/2022\/01\/pic-5-12-333x180.jpg 333w, http:\/\/www.pasadenahoy.com\/primero\/wp-content\/uploads\/2022\/01\/pic-5-12-360x194.jpg 360w\" sizes=\"100vw\" \/><\/figure><\/figure>\n\n\n\n<p>Se ha organizado una incubadora de negocios de cannabis en previsi\u00f3n de que la ciudad implemente un programa de equidad social para las licencias de cannabis en la primera mitad de 2022, seg\u00fan un comunicado emitido a Pasadena Now.<\/p>\n\n\n\n<p>Pasadena Incubator proporcionar\u00eda fondos a los solicitantes de equidad social a los que se les conceda que la ciudad inicie un programa de equidad social.<\/p>\n\n\n\n<p>Los programas de equidad social destinados a ayudar a los negros y latinos a borrar sus registros y participar en la industria del cannabis se han enfrentado a retrasos.<\/p>\n\n\n\n<p>La guerra contra las drogas condujo al arresto de negros y latinos por cargos de cannabis que se remontan a la \u00e9poca del presidente Richard Nixon en el cargo.<\/p>\n\n\n\n<p>Ahora, muchos se han quejado de que las personas que soportaron la carga de esa pol\u00edtica est\u00e1n siendo expulsadas del mercado legal del cannabis debido a los altos costos de aplicaci\u00f3n. A nivel local, cuesta $14,000 solicitar una licencia en Pasadena.<\/p>\n\n\n\n<p>\u201cObtener una licencia de venta minorista de cannabis es un proceso dif\u00edcil y costoso. Solo preparar una solicitud ganadora puede costar entre $50,000 y $100,000. Proporcionaremos a los solicitantes de capital social calificados la financiaci\u00f3n y los recursos comerciales necesarios, incluido un equipo legal, as\u00ed como una red de inversores y un socio minorista para tener \u00e9xito en esta industria\u201d.<\/p>\n\n\n\n<p>La incubadora espera que el Programa de Equidad Social del Cannabis de Pasadena reconozca y aborde el impacto a largo plazo que las pol\u00edticas federales y estatales de cumplimiento del cannabis han tenido en las personas que viven en Pasadena.<\/p>\n\n\n\n<p>\u201cNuestra organizaci\u00f3n est\u00e1 dise\u00f1ada para identificar a los solicitantes calificados y apoyar la igualdad de oportunidades en la industria del cannabis al hacer que la propiedad comercial de cannabis legal y las oportunidades de empleo sean m\u00e1s accesibles para las personas y las comunidades m\u00e1s afectadas por la criminalizaci\u00f3n del cannabis\u201d, seg\u00fan el operador Shaun Szameit.<\/p>\n\n\n\n<p>Una nueva iniciativa electoral permitir\u00eda que m\u00e1s dispensarios de cannabis hicieran negocios en Pasadena.<\/p>\n\n\n\n<p>La Iniciativa Popular para Establecer la Propiedad Local de Negocios Minoristas Comerciales de Cannabis cambiar\u00eda el c\u00f3digo municipal de la ciudad para permitir 11 licencias de cannabis, la mitad de las cuales deben ser solicitantes de equidad social y residentes locales que se han visto afectados por la guerra contra las drogas, que vio negros y latinos. arrestados y enviados a prisi\u00f3n por cargos de marihuana mucho m\u00e1s que sus contrapartes blancas.<\/p>\n\n\n\n<p>Los posibles solicitantes de equidad social de Pasadena pueden registrarse para ser considerados para asistencia financiera en <a href=\"http:\/\/www.pasadenaincubator.com\/\">www.pasadenaincubator.com.<\/a><\/p>\n\n\n\n<p>Pasadena Incubator LLC est\u00e1 ubicada en 50 N Mentor Avenue en Pasadena, CA.<\/p>\n","protected":false},"excerpt":{"rendered":"<p>Se ha organizado una incubadora de negocios de cannabis en previsi\u00f3n de que la ciudad implemente un programa de equidad social para las licencias de cannabis en la primera mitad de 2022, seg\u00fan un comunicado emitido a Pasadena Now. Pasadena Incubator proporcionar\u00eda fondos a los solicitantes de equidad social a los que se les conceda que la ciudad inicie un programa de equidad social. Los programas de equidad social destinados a ayudar a los negros y latinos a borrar sus [&hellip;]<\/p>\n","protected":false},"author":4,"featured_media":0,"comment_status":"open","ping_status":"closed","sticky":false,"template":"","format":"standard","meta":[],"categories":[4],"tags":[],"acf":[],"_links":{"self":[{"href":"http:\/\/www.pasadenahoy.com\/primero\/wp-json\/wp\/v2\/posts\/13968"}],"collection":[{"href":"http:\/\/www.pasadenahoy.com\/primero\/wp-json\/wp\/v2\/posts"}],"about":[{"href":"http:\/\/www.pasadenahoy.com\/primero\/wp-json\/wp\/v2\/types\/post"}],"author":[{"embeddable":true,"href":"http:\/\/www.pasadenahoy.com\/primero\/wp-json\/wp\/v2\/users\/4"}],"replies":[{"embeddable":true,"href":"http:\/\/www.pasadenahoy.com\/primero\/wp-json\/wp\/v2\/comments?post=13968"}],"version-history":[{"count":2,"href":"http:\/\/www.pasadenahoy.com\/primero\/wp-json\/wp\/v2\/posts\/13968\/revisions"}],"predecessor-version":[{"id":13971,"href":"http:\/\/www.pasadenahoy.com\/primero\/wp-json\/wp\/v2\/posts\/13968\/revisions\/13971"}],"wp:attachment":[{"href":"http:\/\/www.pasadenahoy.com\/primero\/wp-json\/wp\/v2\/media?parent=13968"}],"wp:term":[{"taxonomy":"category","embeddable":true,"href":"http:\/\/www.pasadenahoy.com\/primero\/wp-json\/wp\/v2\/categories?post=13968"},{"taxonomy":"post_tag","embeddable":true,"href":"http:\/\/www.pasadenahoy.com\/primero\/wp-json\/wp\/v2\/tags?post=13968"}],"curies":[{"name":"wp","href":"https:\/\/api.w.org\/{rel}","templated":true}]}}