{"id":13976,"date":"2022-01-24T16:17:54","date_gmt":"2022-01-24T16:17:54","guid":{"rendered":"http:\/\/www.pasadenahoy.com\/primero\/?p=13976"},"modified":"2022-01-24T16:17:56","modified_gmt":"2022-01-24T16:17:56","slug":"audiencia-fijada-para-argumentar-la-desestimacion-de-la-demanda-por-falta-de-vivienda","status":"publish","type":"post","link":"http:\/\/www.pasadenahoy.com\/primero\/la-comunidad\/audiencia-fijada-para-argumentar-la-desestimacion-de-la-demanda-por-falta-de-vivienda\/","title":{"rendered":"Audiencia fijada para argumentar la desestimaci\u00f3n de la demanda por falta de vivienda"},"content":{"rendered":"\n<figure class=\"wp-block-image alignnone size-large\"><figure class=\"alignnone\"><img loading=\"lazy\" width=\"700\" height=\"378\" src=\"http:\/\/www.pasadenahoy.com\/primero\/wp-content\/uploads\/2022\/01\/pic-7-2.jpg\" alt=\"\" class=\"wp-image-13977\" srcset=\"http:\/\/www.pasadenahoy.com\/primero\/wp-content\/uploads\/2022\/01\/pic-7-2.jpg 700w, http:\/\/www.pasadenahoy.com\/primero\/wp-content\/uploads\/2022\/01\/pic-7-2-300x162.jpg 300w, http:\/\/www.pasadenahoy.com\/primero\/wp-content\/uploads\/2022\/01\/pic-7-2-241x130.jpg 241w, http:\/\/www.pasadenahoy.com\/primero\/wp-content\/uploads\/2022\/01\/pic-7-2-333x180.jpg 333w, http:\/\/www.pasadenahoy.com\/primero\/wp-content\/uploads\/2022\/01\/pic-7-2-360x194.jpg 360w\" sizes=\"100vw\" \/><\/figure><\/figure>\n\n\n\n<p>Se espera que los abogados del condado y la ciudad de Los \u00c1ngeles aboguen el lunes por la desestimaci\u00f3n de una demanda que exige que el gobierno local encuentre refugio para las miles de personas que acampan en las aceras y cerca de las autopistas.<\/p>\n\n\n\n<p>LA Alliance for Human Rights, demandantes en la demanda federal de larga duraci\u00f3n, revis\u00f3 su queja el invierno pasado despu\u00e9s de que un tribunal de apelaciones anulara una orden judicial inusual que habr\u00eda requerido que la ciudad y el condado ofrecieran refugio y tratamiento a todas las personas sin hogar que viv\u00edan en Skid Row de 50 cuadras en el centro de la ciudad en seis meses.<\/p>\n\n\n\n<p>En su moci\u00f3n de desestimaci\u00f3n, los abogados del condado argumentan que los demandantes no pueden se\u00f1alar ninguna violaci\u00f3n de la ley o da\u00f1o atribuible al condado de Los \u00c1ngeles.<\/p>\n\n\n\n<p>LA Alliance, una asociaci\u00f3n de residentes del centro, personas sin hogar y propietarios, present\u00f3 la demanda hace dos a\u00f1os \u201cpara obligar al condado a gastar cientos de millones de d\u00f3lares de acuerdo con su propia agenda porque, en el fondo, los demandantes no est\u00e1n de acuerdo con el condado. pol\u00edticas y asignaci\u00f3n de fondos, y creen que saben mejor c\u00f3mo abordar la falta de vivienda\u201d, alega el condado en su moci\u00f3n de desestimaci\u00f3n presentada en la corte federal de Los \u00c1ngeles.<\/p>\n\n\n\n<p>En su propia moci\u00f3n de desestimaci\u00f3n, los abogados de la ciudad sostienen que, a pesar de las revisiones, la demanda &#8220;equivocada&#8221; a\u00fan viola las leyes de separaci\u00f3n de poderes y se entromete en el &#8220;manejo de cuestiones de pol\u00edtica complejas&#8221; de la ciudad que deben abordar los l\u00edderes municipales electos, no un tribunal.<\/p>\n\n\n\n<p>Las mociones de desestimaci\u00f3n se escuchar\u00e1n a trav\u00e9s de Zoom desde una sala del tribunal federal de Santa Ana.<\/p>\n\n\n\n<p>Los abogados de la ciudad se\u00f1alan que se aprobaron casi mil millones de d\u00f3lares para ayudar a las personas sin hogar en 2020-2021, un aumento del 500 % en la financiaci\u00f3n con respecto al a\u00f1o anterior.<\/p>\n\n\n\n<p>\u201cLa ciudad hace lo que puede por su cuenta y trabaja con el acusado condado de Los \u00c1ngeles y otros socios estatales y federales para proporcionar m\u00e1s viviendas, servicios y recursos a los angelinos que se encuentran sin hogar\u201d, escribieron los abogados de la ciudad.<\/p>\n\n\n\n<p>\u201cSer\u00e1 necesario que todos trabajemos juntos para controlar esta crisis. Es por eso que los esfuerzos de los demandantes para abordarlo a trav\u00e9s de esta demanda est\u00e1n equivocados\u201d.<\/p>\n\n\n\n<p>La ciudad tambi\u00e9n argumenta que la demanda de L.A. Alliance \u201ctodav\u00eda no es viable\u201d porque los demandantes \u201cnuevamente han fallado\u201d en presentar reclamos que les den derecho a una reparaci\u00f3n.<\/p>\n\n\n\n<p>Skip Miller, abogado externo del condado de Los \u00c1ngeles, dijo en un comunicado el mes pasado que el condado \u201centiende y comparte la urgencia de abordar la crisis humanitaria de personas sin hogar en nuestras comunidades\u201d.<\/p>\n\n\n\n<p>\u201cDesafortunadamente, esta demanda nunca ha sido el veh\u00edculo correcto para llevarnos all\u00ed, ni cuando se present\u00f3 originalmente ni ahora en su forma modificada\u201d, dijo Miller. \u201cEste es un asunto de manos a la obra para el condado.<\/p>\n\n\n\n<p>\u201cAunque hemos alojado a 75 000 personas desde que se aprob\u00f3 la Medida H en 2017, y la capacidad de los refugios se ha disparado un 60 % en tres a\u00f1os, estamos aumentando para hacer mucho m\u00e1s. Esta demanda es una distracci\u00f3n bien intencionada pero legalmente defectuosa de este trabajo en el mismo momento en que necesitamos un enfoque l\u00e1ser para resolver este problema profundamente arraigado\u201d.<\/p>\n\n\n\n<p>La demanda revisada de los demandantes aborda algunos de los problemas de procedimiento identificados por el Tribunal de Apelaciones del Noveno Circuito de EE. UU., como la adici\u00f3n de un reclamo de protecci\u00f3n equitativa basado en la raza, que faltaba en la presentaci\u00f3n original.<\/p>\n\n\n\n<p>La presentaci\u00f3n tambi\u00e9n actualiza supuestas alegaciones f\u00e1cticas y agrega demandantes. Los cambios conforman la denuncia para respaldar las afirmaciones de que las fallas en la vivienda y el racismo han causado y exacerbado la crisis de personas sin hogar, y que la supuesta falta de acci\u00f3n por parte de la ciudad y el condado incluye un componente discriminatorio, seg\u00fan L.A. Alliance.<\/p>\n\n\n\n<p>Esos argumentos tienen como objetivo asegurar una segunda orden judicial contra la ciudad y el condado para brindar refugio y tratamiento a las personas sin hogar en un horario estricto y comenzar a regular los espacios p\u00fablicos como las aceras y los parques.<\/p>\n\n\n\n<p>\u201cNuestras acciones romper\u00e1n el atasco legal y burocr\u00e1tico que les ha fallado a quienes est\u00e1n en las calles y en nuestros vecindarios\u201d, dijo la Alianza en una carta reciente a sus simpatizantes.<\/p>\n\n\n\n<p>\u201cAdem\u00e1s, nuestro esfuerzo paralelo para generar apoyo de base y de coalici\u00f3n\u2026 pondr\u00e1 (a los funcionarios locales) en un rinc\u00f3n, especialmente con las pr\u00f3ximas elecciones\u201d.<\/p>\n\n\n\n<p>Con casi $ 1 mil millones, el presupuesto de la ciudad para el problema de las personas sin hogar tiene como objetivo crear m\u00e1s de 5,000 unidades de vivienda adicionales a trav\u00e9s de la Proposici\u00f3n HHH e incluye casi $ 200 millones para el desarrollo de viviendas asequibles, prevenci\u00f3n de personas sin hogar, defensa contra desalojos y otros servicios para personas sin hogar, dijeron las autoridades.<\/p>\n\n\n\n<p>El invierno pasado, L.A. Alliance aplaudi\u00f3 lo que llam\u00f3 un \u201ccambio masivo\u201d en la pol\u00edtica en el que los funcionarios locales est\u00e1n avanzando hacia el aumento de las camas de los refugios provisionales, los servicios de apoyo y comenzando a despejar los campamentos de manera no violenta. Los campamentos de personas sin hogar ahora se est\u00e1n limpiando &#8220;humanamente y con compasi\u00f3n&#8221;, seg\u00fan la asociaci\u00f3n.<\/p>\n","protected":false},"excerpt":{"rendered":"<p>Se espera que los abogados del condado y la ciudad de Los \u00c1ngeles aboguen el lunes por la desestimaci\u00f3n de una demanda que exige que el gobierno local encuentre refugio para las miles de personas que acampan en las aceras y cerca de las autopistas. LA Alliance for Human Rights, demandantes en la demanda federal de larga duraci\u00f3n, revis\u00f3 su queja el invierno pasado despu\u00e9s de que un tribunal de apelaciones anulara una orden judicial inusual que habr\u00eda requerido que [&hellip;]<\/p>\n","protected":false},"author":4,"featured_media":0,"comment_status":"open","ping_status":"closed","sticky":false,"template":"","format":"standard","meta":[],"categories":[4],"tags":[],"acf":[],"_links":{"self":[{"href":"http:\/\/www.pasadenahoy.com\/primero\/wp-json\/wp\/v2\/posts\/13976"}],"collection":[{"href":"http:\/\/www.pasadenahoy.com\/primero\/wp-json\/wp\/v2\/posts"}],"about":[{"href":"http:\/\/www.pasadenahoy.com\/primero\/wp-json\/wp\/v2\/types\/post"}],"author":[{"embeddable":true,"href":"http:\/\/www.pasadenahoy.com\/primero\/wp-json\/wp\/v2\/users\/4"}],"replies":[{"embeddable":true,"href":"http:\/\/www.pasadenahoy.com\/primero\/wp-json\/wp\/v2\/comments?post=13976"}],"version-history":[{"count":2,"href":"http:\/\/www.pasadenahoy.com\/primero\/wp-json\/wp\/v2\/posts\/13976\/revisions"}],"predecessor-version":[{"id":13979,"href":"http:\/\/www.pasadenahoy.com\/primero\/wp-json\/wp\/v2\/posts\/13976\/revisions\/13979"}],"wp:attachment":[{"href":"http:\/\/www.pasadenahoy.com\/primero\/wp-json\/wp\/v2\/media?parent=13976"}],"wp:term":[{"taxonomy":"category","embeddable":true,"href":"http:\/\/www.pasadenahoy.com\/primero\/wp-json\/wp\/v2\/categories?post=13976"},{"taxonomy":"post_tag","embeddable":true,"href":"http:\/\/www.pasadenahoy.com\/primero\/wp-json\/wp\/v2\/tags?post=13976"}],"curies":[{"name":"wp","href":"https:\/\/api.w.org\/{rel}","templated":true}]}}