{"id":13980,"date":"2022-01-24T16:22:34","date_gmt":"2022-01-24T16:22:34","guid":{"rendered":"http:\/\/www.pasadenahoy.com\/primero\/?p=13980"},"modified":"2022-01-24T16:22:34","modified_gmt":"2022-01-24T16:22:34","slug":"los-detalles-se-transmitiran-el-lunes-para-el-centro-de-atencion-residencial-de-5-pisos-planificado-para-el-estacionamiento-de-la-iglesia","status":"publish","type":"post","link":"http:\/\/www.pasadenahoy.com\/primero\/el-gobierno-local\/los-detalles-se-transmitiran-el-lunes-para-el-centro-de-atencion-residencial-de-5-pisos-planificado-para-el-estacionamiento-de-la-iglesia\/","title":{"rendered":"Los detalles se transmitir\u00e1n el lunes para el centro de atenci\u00f3n residencial de 5 pisos planificado para el estacionamiento de la iglesia"},"content":{"rendered":"\n<figure class=\"wp-block-image alignnone size-large\"><figure class=\"alignnone\"><img loading=\"lazy\" width=\"700\" height=\"374\" src=\"http:\/\/www.pasadenahoy.com\/primero\/wp-content\/uploads\/2022\/01\/pic-8.png\" alt=\"\" class=\"wp-image-13981\" srcset=\"http:\/\/www.pasadenahoy.com\/primero\/wp-content\/uploads\/2022\/01\/pic-8.png 700w, http:\/\/www.pasadenahoy.com\/primero\/wp-content\/uploads\/2022\/01\/pic-8-300x160.png 300w, http:\/\/www.pasadenahoy.com\/primero\/wp-content\/uploads\/2022\/01\/pic-8-243x130.png 243w, http:\/\/www.pasadenahoy.com\/primero\/wp-content\/uploads\/2022\/01\/pic-8-337x180.png 337w, http:\/\/www.pasadenahoy.com\/primero\/wp-content\/uploads\/2022\/01\/pic-8-360x192.png 360w\" sizes=\"100vw\" \/><\/figure><\/figure>\n\n\n\n<p>El Concejo Municipal de Pasadena recibir\u00e1 una revisi\u00f3n del plan previo al desarrollo de un centro de cuidado residencial de cinco pisos y 117,326 pies cuadrados, 141 unidades y cinco pisos en 80 S. Oakland Ave., en el estacionamiento de superficie existente de la Primera Iglesia de Cristo , cient\u00edfico.<\/p>\n\n\n\n<p>\u201cLa instalaci\u00f3n brindar\u00e1 atenci\u00f3n continua a las personas mayores y brindar\u00e1 una vida independiente y asistida, incluida la atenci\u00f3n de la memoria\u201d, seg\u00fan un informe del personal de la ciudad.<\/p>\n\n\n\n<p>El proyecto incluye un estacionamiento subterr\u00e1neo de dos niveles para uso de empleados, visitantes, residentes y miembros de la iglesia, seg\u00fan el informe del personal.<\/p>\n\n\n\n<p>El edificio de la sala de lectura de dos pisos de 7,288 pies cuadrados de la Iglesia y un estacionamiento en la superficie. El estacionamiento de superficie ser\u00e1 demolido para acomodar el proyecto propuesto.<\/p>\n\n\n\n<p>El informe mostraba a Belmont Village Senior Living LP como solicitante. Belmont Village tiene una serie de proyectos de vivienda para personas mayores en todo California y los EE. UU. que brindan apoyo a m\u00e1s de 4000 residentes. La empresa tiene alianzas con proveedores establecidos de hospitalidad y atenci\u00f3n donde se ubican sus proyectos.<\/p>\n\n\n\n<p>La ciudad requiere un PPR para proyectos que involucren construcciones nuevas de m\u00e1s de 25,000 pies cuadrados de \u00e1rea bruta no residencial.<\/p>\n\n\n\n<p>\u201cEl prop\u00f3sito del PPR es lograr mejores proyectos a trav\u00e9s de consultas tempranas entre el personal de la ciudad y los solicitantes\u201d, seg\u00fan el informe del personal. La intenci\u00f3n es coordinar la revisi\u00f3n de proyectos entre el personal de la ciudad y los departamentos de la ciudad, familiarizar a los solicitantes con los reglamentos y procedimientos que se aplican al proyecto y evitar una inversi\u00f3n significativa en el dise\u00f1o de un proyecto sin el aporte preliminar del personal de la ciudad. Adem\u00e1s, el prop\u00f3sito es identificar problemas que puedan surgir durante la revisi\u00f3n del proyecto, brindar oportunidades para la discusi\u00f3n sobre el proyecto y el intercambio de informaci\u00f3n sobre posibles problemas entre el personal de la ciudad y los solicitantes, e informar al Concejo Municipal y al p\u00fablico sobre las propuestas. proyectos de desarrollo definidos en las pautas administrativas como de importancia para toda la comunidad\u201d.<\/p>\n\n\n\n<p>Un proyecto se clasifica como un proyecto de importancia para toda la comunidad si consta de m\u00e1s de 50,000 pies cuadrados de superficie bruta con una acci\u00f3n discrecional o 50 o m\u00e1s unidades de vivienda o cualquier proyecto que el Director de Planificaci\u00f3n determine que es de gran importancia para la Ciudad. Los proyectos de importancia para toda la comunidad se presentan al Ayuntamiento con fines informativos. El proyecto propuesto involucra la construcci\u00f3n de un edificio no residencial de 117,326 pies cuadrados y califica como un proyecto de importancia para toda la comunidad. Este es un uso de suelo p\u00fablico, semip\u00fablico y no un uso de suelo residencial.<\/p>\n","protected":false},"excerpt":{"rendered":"<p>El Concejo Municipal de Pasadena recibir\u00e1 una revisi\u00f3n del plan previo al desarrollo de un centro de cuidado residencial de cinco pisos y 117,326 pies cuadrados, 141 unidades y cinco pisos en 80 S. Oakland Ave., en el estacionamiento de superficie existente de la Primera Iglesia de Cristo , cient\u00edfico. \u201cLa instalaci\u00f3n brindar\u00e1 atenci\u00f3n continua a las personas mayores y brindar\u00e1 una vida independiente y asistida, incluida la atenci\u00f3n de la memoria\u201d, seg\u00fan un informe del personal de la ciudad. [&hellip;]<\/p>\n","protected":false},"author":4,"featured_media":0,"comment_status":"open","ping_status":"closed","sticky":false,"template":"","format":"standard","meta":[],"categories":[6],"tags":[],"acf":[],"_links":{"self":[{"href":"http:\/\/www.pasadenahoy.com\/primero\/wp-json\/wp\/v2\/posts\/13980"}],"collection":[{"href":"http:\/\/www.pasadenahoy.com\/primero\/wp-json\/wp\/v2\/posts"}],"about":[{"href":"http:\/\/www.pasadenahoy.com\/primero\/wp-json\/wp\/v2\/types\/post"}],"author":[{"embeddable":true,"href":"http:\/\/www.pasadenahoy.com\/primero\/wp-json\/wp\/v2\/users\/4"}],"replies":[{"embeddable":true,"href":"http:\/\/www.pasadenahoy.com\/primero\/wp-json\/wp\/v2\/comments?post=13980"}],"version-history":[{"count":2,"href":"http:\/\/www.pasadenahoy.com\/primero\/wp-json\/wp\/v2\/posts\/13980\/revisions"}],"predecessor-version":[{"id":13983,"href":"http:\/\/www.pasadenahoy.com\/primero\/wp-json\/wp\/v2\/posts\/13980\/revisions\/13983"}],"wp:attachment":[{"href":"http:\/\/www.pasadenahoy.com\/primero\/wp-json\/wp\/v2\/media?parent=13980"}],"wp:term":[{"taxonomy":"category","embeddable":true,"href":"http:\/\/www.pasadenahoy.com\/primero\/wp-json\/wp\/v2\/categories?post=13980"},{"taxonomy":"post_tag","embeddable":true,"href":"http:\/\/www.pasadenahoy.com\/primero\/wp-json\/wp\/v2\/tags?post=13980"}],"curies":[{"name":"wp","href":"https:\/\/api.w.org\/{rel}","templated":true}]}}