{"id":13984,"date":"2022-01-24T16:25:57","date_gmt":"2022-01-24T16:25:57","guid":{"rendered":"http:\/\/www.pasadenahoy.com\/primero\/?p=13984"},"modified":"2022-01-24T16:25:58","modified_gmt":"2022-01-24T16:25:58","slug":"audiencia-publica-de-central-park-apartments-programada-para-el-lunes","status":"publish","type":"post","link":"http:\/\/www.pasadenahoy.com\/primero\/el-gobierno-local\/audiencia-publica-de-central-park-apartments-programada-para-el-lunes\/","title":{"rendered":"Audiencia p\u00fablica de Central Park Apartments programada para el lunes"},"content":{"rendered":"\n<figure class=\"wp-block-image alignnone size-large\"><figure class=\"alignnone\"><img loading=\"lazy\" width=\"700\" height=\"378\" src=\"http:\/\/www.pasadenahoy.com\/primero\/wp-content\/uploads\/2022\/01\/pic-9-3.jpg\" alt=\"\" class=\"wp-image-13985\" srcset=\"http:\/\/www.pasadenahoy.com\/primero\/wp-content\/uploads\/2022\/01\/pic-9-3.jpg 700w, http:\/\/www.pasadenahoy.com\/primero\/wp-content\/uploads\/2022\/01\/pic-9-3-300x162.jpg 300w, http:\/\/www.pasadenahoy.com\/primero\/wp-content\/uploads\/2022\/01\/pic-9-3-241x130.jpg 241w, http:\/\/www.pasadenahoy.com\/primero\/wp-content\/uploads\/2022\/01\/pic-9-3-333x180.jpg 333w, http:\/\/www.pasadenahoy.com\/primero\/wp-content\/uploads\/2022\/01\/pic-9-3-360x194.jpg 360w\" sizes=\"100vw\" \/><\/figure><\/figure>\n\n\n\n<p>El Concejo Municipal llevar\u00e1 a cabo una audiencia p\u00fablica sobre una Evaluaci\u00f3n Ambiental de Comunidades Sostenibles para un proyecto de vivienda propuesto que se construir\u00e1 cerca del hist\u00f3rico Castle Green y Green Hotel Apartments.<\/p>\n\n\n\n<p>El desarrollador con sede en Culver City, Goldrich Kest, quiere construir un proyecto de uso mixto que incluya 84 unidades, 16 de ellas asequibles, en la esquina de South Fair Oaks Avenue y East Dayton Street, directamente al otro lado de la calle de Central Park y justo al lado de tanto el hist\u00f3rico Castle Green como el Green Hotel Apartments.<\/p>\n\n\n\n<p>Pasadena Heritage y varios residentes locales se opusieron a una versi\u00f3n anterior del proyecto, quienes dijeron que el proyecto no era compatible con los edificios hist\u00f3ricos y los alrededores. Los desarrolladores volvieron al punto de partida y reelaboraron el proyecto.<\/p>\n\n\n\n<p>Los comisionados de la ciudad y los residentes locales expresaron su preocupaci\u00f3n por la altura y la orientaci\u00f3n de los planos originales para un edificio de uso mixto de seis pisos con 64 unidades residenciales y 5000 pies cuadrados de espacio comercial en un estacionamiento de superficie existente.<\/p>\n\n\n\n<p>Los problemas incluyeron espacios abiertos, eliminaci\u00f3n de \u00e1rboles protegidos y congesti\u00f3n del tr\u00e1fico.<\/p>\n\n\n\n<p>En correspondencia con el Concejo Municipal, Pasadena Heritage dijo que hab\u00eda revisado la (SCEA). El grupo dijo que los desarrolladores hab\u00edan respondido positivamente, pero segu\u00edan teniendo algunas preocupaciones con respecto a los recursos culturales, el ruido y el tr\u00e1fico.<\/p>\n\n\n\n<p>\u201cUn elemento del dise\u00f1o que es absolutamente cr\u00edtico es el patio\u201d, escribi\u00f3 Pasadena Heritage en una carta firmada por Sue Mossman, directora ejecutiva y Andrew Saliman, director de preservaci\u00f3n. \u201cEste espacio abierto en el medio del sitio es un cambio profundo con respecto a las propuestas anteriores y proporciona un \u00e1rea abierta para todos los residentes al mismo tiempo que crea un amortiguador visual entre el nuevo edificio y sus dos vecinos hist\u00f3ricos\u201d.<\/p>\n\n\n\n<p>El proyecto, ubicado a media milla de las estaciones Metro Goldline de Del Mar y Memorial Park, est\u00e1 dise\u00f1ado para conectarse con otro transporte p\u00fablico cercano con Central Park y Old Pasadena.<\/p>\n\n\n\n<p>El proyecto transforma un estacionamiento de superficie cercado en un desarrollo de uso mixto orientado al tr\u00e1nsito con negocios minoristas a pie de calle.<\/p>\n\n\n\n<p>\u201cNos propusimos crear nuevos apartamentos que satisfagan la necesidad de Pasadena de nuevas viviendas de tarifa mixta mientras consideramos cuidadosamente la ubicaci\u00f3n del proyecto dentro de un bloque hist\u00f3rico, en el contexto del distrito hist\u00f3rico de Old Pasadena y su relaci\u00f3n con Central Park\u201d, Emily Taylor, un arquitecto capacitado que es director de desarrollo en Goldrich Kest, le dijo a Pasadena Now en marzo.<\/p>\n\n\n\n<p>\u201cEstamos muy orgullosos de c\u00f3mo ha evolucionado el dise\u00f1o del proyecto y c\u00f3mo transformar\u00e1 un estacionamiento en la superficie en un desarrollo de viviendas orientado al tr\u00e1nsito que se convertir\u00e1 en una nueva puerta de entrada a Old Pasadena\u201d, dijo Taylor.<\/p>\n","protected":false},"excerpt":{"rendered":"<p>El Concejo Municipal llevar\u00e1 a cabo una audiencia p\u00fablica sobre una Evaluaci\u00f3n Ambiental de Comunidades Sostenibles para un proyecto de vivienda propuesto que se construir\u00e1 cerca del hist\u00f3rico Castle Green y Green Hotel Apartments. El desarrollador con sede en Culver City, Goldrich Kest, quiere construir un proyecto de uso mixto que incluya 84 unidades, 16 de ellas asequibles, en la esquina de South Fair Oaks Avenue y East Dayton Street, directamente al otro lado de la calle de Central Park [&hellip;]<\/p>\n","protected":false},"author":4,"featured_media":0,"comment_status":"open","ping_status":"closed","sticky":false,"template":"","format":"standard","meta":[],"categories":[6],"tags":[],"acf":[],"_links":{"self":[{"href":"http:\/\/www.pasadenahoy.com\/primero\/wp-json\/wp\/v2\/posts\/13984"}],"collection":[{"href":"http:\/\/www.pasadenahoy.com\/primero\/wp-json\/wp\/v2\/posts"}],"about":[{"href":"http:\/\/www.pasadenahoy.com\/primero\/wp-json\/wp\/v2\/types\/post"}],"author":[{"embeddable":true,"href":"http:\/\/www.pasadenahoy.com\/primero\/wp-json\/wp\/v2\/users\/4"}],"replies":[{"embeddable":true,"href":"http:\/\/www.pasadenahoy.com\/primero\/wp-json\/wp\/v2\/comments?post=13984"}],"version-history":[{"count":2,"href":"http:\/\/www.pasadenahoy.com\/primero\/wp-json\/wp\/v2\/posts\/13984\/revisions"}],"predecessor-version":[{"id":13987,"href":"http:\/\/www.pasadenahoy.com\/primero\/wp-json\/wp\/v2\/posts\/13984\/revisions\/13987"}],"wp:attachment":[{"href":"http:\/\/www.pasadenahoy.com\/primero\/wp-json\/wp\/v2\/media?parent=13984"}],"wp:term":[{"taxonomy":"category","embeddable":true,"href":"http:\/\/www.pasadenahoy.com\/primero\/wp-json\/wp\/v2\/categories?post=13984"},{"taxonomy":"post_tag","embeddable":true,"href":"http:\/\/www.pasadenahoy.com\/primero\/wp-json\/wp\/v2\/tags?post=13984"}],"curies":[{"name":"wp","href":"https:\/\/api.w.org\/{rel}","templated":true}]}}