{"id":13988,"date":"2022-01-24T16:31:20","date_gmt":"2022-01-24T16:31:20","guid":{"rendered":"http:\/\/www.pasadenahoy.com\/primero\/?p=13988"},"modified":"2022-01-24T16:31:21","modified_gmt":"2022-01-24T16:31:21","slug":"informe-dice-que-el-agua-subterranea-de-pasadena-necesita-ser-estabilizada-la-ciudad-busca-garantia-de-suministro-continuo-de-mwd","status":"publish","type":"post","link":"http:\/\/www.pasadenahoy.com\/primero\/la-comunidad\/informe-dice-que-el-agua-subterranea-de-pasadena-necesita-ser-estabilizada-la-ciudad-busca-garantia-de-suministro-continuo-de-mwd\/","title":{"rendered":"Informe dice que el agua subterr\u00e1nea de Pasadena necesita ser &#8220;estabilizada&#8221;; La ciudad busca garant\u00eda de suministro continuo de MWD"},"content":{"rendered":"\n<figure class=\"wp-block-image alignnone size-large\"><figure class=\"alignnone\"><img loading=\"lazy\" width=\"700\" height=\"378\" src=\"http:\/\/www.pasadenahoy.com\/primero\/wp-content\/uploads\/2022\/01\/pic-10-2.jpg\" alt=\"\" class=\"wp-image-13989\" srcset=\"http:\/\/www.pasadenahoy.com\/primero\/wp-content\/uploads\/2022\/01\/pic-10-2.jpg 700w, http:\/\/www.pasadenahoy.com\/primero\/wp-content\/uploads\/2022\/01\/pic-10-2-300x162.jpg 300w, http:\/\/www.pasadenahoy.com\/primero\/wp-content\/uploads\/2022\/01\/pic-10-2-241x130.jpg 241w, http:\/\/www.pasadenahoy.com\/primero\/wp-content\/uploads\/2022\/01\/pic-10-2-333x180.jpg 333w, http:\/\/www.pasadenahoy.com\/primero\/wp-content\/uploads\/2022\/01\/pic-10-2-360x194.jpg 360w\" sizes=\"100vw\" \/><\/figure><\/figure>\n\n\n\n<p>Pasadena Water and Power informar\u00e1 sobre el suministro de agua de la ciudad y el uso de agua proyectado para los a\u00f1os 2025 a 2040 cuando aparezcan el martes en una reuni\u00f3n del Comit\u00e9 de Servicios Municipales del Concejo Municipal.<\/p>\n\n\n\n<p>Un informe preliminar de PWP mostr\u00f3 que la presentaci\u00f3n del martes se centrar\u00e1 en la demanda residencial y los impulsores regulatorios para la eficiencia del agua en proyectos residenciales nuevos y existentes.<\/p>\n\n\n\n<p>El informe, del Gerente General Interino de PWP, Jeffrey Kightlinger, dijo que la Ciudad contin\u00faa extrayendo del 30 al 40 por ciento de su suministro de agua del agua subterr\u00e1nea local de la Cuenca Raymond. El resto del requerimiento de agua se importa del Distrito Metropolitano de Agua (MWD).<\/p>\n\n\n\n<p>En cuanto a la confiabilidad del suministro de agua subterr\u00e1nea local, PWP dijo que los niveles de agua subterr\u00e1nea han estado cayendo constantemente y que se necesitan acciones para estabilizar el suministro.<\/p>\n\n\n\n<p>Estas acciones, seg\u00fan el informe, incluyen bombeo reducido, desv\u00edo de agua superficial para mejorar la recarga, la implementaci\u00f3n del Proyecto Ca\u00f1\u00f3n Arroyo Seco y el Proyecto Pump Back Arroyo Seco, restauraci\u00f3n de cuencas hidrogr\u00e1ficas y programas de almacenamiento de agua subterr\u00e1nea. Tambi\u00e9n incluyen un acuerdo c\u00edclico con MWD donde el exceso de agua en los a\u00f1os h\u00famedos se utilizar\u00e1 para reponer las aguas subterr\u00e1neas, una asociaci\u00f3n con Pasadena Public Works, un Plan Maestro de aguas pluviales y ofrece incentivos para la recolecci\u00f3n de agua de lluvia, sistemas de aguas grises e infiltraci\u00f3n de agua a nivel de parcela.<\/p>\n\n\n\n<p>El informe de PWP tambi\u00e9n incluir\u00e1 la b\u00fasqueda de una garant\u00eda de MWD de que su suministro de agua ser\u00e1 confiable durante varios a\u00f1os secos y que MWD administra un sistema de transporte integrado en todo el estado que incluye el Proyecto Estatal de Agua, el Suministro del R\u00edo Colorado, una Cartera de Almacenamiento Regional e incentivos para que las agencias de agua locales practiquen la conservaci\u00f3n del agua, el agua reciclada, la recuperaci\u00f3n de aguas subterr\u00e1neas y los programas de desalinizaci\u00f3n.<\/p>\n\n\n\n<p>PWP tambi\u00e9n explicar\u00e1 la relevancia de la legislaci\u00f3n reciente, como AB 1668 y SB 606, sobre est\u00e1ndares de uso de agua, tanto en interiores como en exteriores.<\/p>\n\n\n\n<p>El uso de agua en interiores se limitar\u00e1 a 55 galones por persona por d\u00eda, medidos en galones per c\u00e1pita diarios, o GPCD, hasta enero de 2025. Desde enero de 2025 hasta enero de 2030, se limitar\u00e1 a 52,5 GPCD y, a partir de enero de 2030, el agua en interiores el uso estar\u00e1 limitado a 50 GPCD.<\/p>\n\n\n\n<p>Para junio de este a\u00f1o, la Junta Estatal de Control de Recursos H\u00eddricos adoptar\u00e1 est\u00e1ndares de uso de agua al aire libre, que se basar\u00e1n en la cobertura terrestre, el clima y otros factores determinados por el Departamento de Recursos H\u00eddricos, dijo PWP en el informe.<\/p>\n\n\n\n<p>El Comit\u00e9 de Servicios Municipales se re\u00fane a las 4 p.m. Martes. Los miembros del p\u00fablico pueden acceder a la videoconferencia a trav\u00e9s de<\/p>\n\n\n\n<p><a href=\"http:\/\/pasadena.granicus.com\/MediaPlayer.php?publish_id=9 y www.pasadenamedia.org.\">http:\/\/pasadena.granicus.com\/MediaPlayer.php?publish_id=9 y www.pasadenamedia.org.<\/a><\/p>\n\n\n\n<p>Los comentarios p\u00fablicos pueden enviarse a trav\u00e9s de <a href=\"http:\/\/www.cityofpasadena.net\/commissions\/public-comment\">www.cityofpasadena.net\/commissions\/public-comment<\/a> o enviando un correo electr\u00f3nico a <a href=\"vflores@cityofpasadena.net\">vflores@cityofpasadena.net.<\/a><\/p>\n","protected":false},"excerpt":{"rendered":"<p>Pasadena Water and Power informar\u00e1 sobre el suministro de agua de la ciudad y el uso de agua proyectado para los a\u00f1os 2025 a 2040 cuando aparezcan el martes en una reuni\u00f3n del Comit\u00e9 de Servicios Municipales del Concejo Municipal. Un informe preliminar de PWP mostr\u00f3 que la presentaci\u00f3n del martes se centrar\u00e1 en la demanda residencial y los impulsores regulatorios para la eficiencia del agua en proyectos residenciales nuevos y existentes. El informe, del Gerente General Interino de PWP, [&hellip;]<\/p>\n","protected":false},"author":4,"featured_media":0,"comment_status":"open","ping_status":"closed","sticky":false,"template":"","format":"standard","meta":[],"categories":[4],"tags":[],"acf":[],"_links":{"self":[{"href":"http:\/\/www.pasadenahoy.com\/primero\/wp-json\/wp\/v2\/posts\/13988"}],"collection":[{"href":"http:\/\/www.pasadenahoy.com\/primero\/wp-json\/wp\/v2\/posts"}],"about":[{"href":"http:\/\/www.pasadenahoy.com\/primero\/wp-json\/wp\/v2\/types\/post"}],"author":[{"embeddable":true,"href":"http:\/\/www.pasadenahoy.com\/primero\/wp-json\/wp\/v2\/users\/4"}],"replies":[{"embeddable":true,"href":"http:\/\/www.pasadenahoy.com\/primero\/wp-json\/wp\/v2\/comments?post=13988"}],"version-history":[{"count":2,"href":"http:\/\/www.pasadenahoy.com\/primero\/wp-json\/wp\/v2\/posts\/13988\/revisions"}],"predecessor-version":[{"id":13991,"href":"http:\/\/www.pasadenahoy.com\/primero\/wp-json\/wp\/v2\/posts\/13988\/revisions\/13991"}],"wp:attachment":[{"href":"http:\/\/www.pasadenahoy.com\/primero\/wp-json\/wp\/v2\/media?parent=13988"}],"wp:term":[{"taxonomy":"category","embeddable":true,"href":"http:\/\/www.pasadenahoy.com\/primero\/wp-json\/wp\/v2\/categories?post=13988"},{"taxonomy":"post_tag","embeddable":true,"href":"http:\/\/www.pasadenahoy.com\/primero\/wp-json\/wp\/v2\/tags?post=13988"}],"curies":[{"name":"wp","href":"https:\/\/api.w.org\/{rel}","templated":true}]}}