{"id":13996,"date":"2022-01-25T15:03:33","date_gmt":"2022-01-25T15:03:33","guid":{"rendered":"http:\/\/www.pasadenahoy.com\/primero\/?p=13996"},"modified":"2022-01-25T15:03:34","modified_gmt":"2022-01-25T15:03:34","slug":"pcc-reabre-para-un-dia-lleno-de-pruebas-de-covid-y-algo-de-controversia","status":"publish","type":"post","link":"http:\/\/www.pasadenahoy.com\/primero\/la-comunidad\/pcc-reabre-para-un-dia-lleno-de-pruebas-de-covid-y-algo-de-controversia\/","title":{"rendered":"PCC reabre para un d\u00eda lleno de pruebas de COVID y algo de controversia"},"content":{"rendered":"\n<figure class=\"wp-block-image alignnone size-large\"><figure class=\"alignnone\"><img loading=\"lazy\" width=\"700\" height=\"378\" src=\"http:\/\/www.pasadenahoy.com\/primero\/wp-content\/uploads\/2022\/01\/pic-1-8.jpg\" alt=\"\" class=\"wp-image-13997\" srcset=\"http:\/\/www.pasadenahoy.com\/primero\/wp-content\/uploads\/2022\/01\/pic-1-8.jpg 700w, http:\/\/www.pasadenahoy.com\/primero\/wp-content\/uploads\/2022\/01\/pic-1-8-300x162.jpg 300w, http:\/\/www.pasadenahoy.com\/primero\/wp-content\/uploads\/2022\/01\/pic-1-8-241x130.jpg 241w, http:\/\/www.pasadenahoy.com\/primero\/wp-content\/uploads\/2022\/01\/pic-1-8-333x180.jpg 333w, http:\/\/www.pasadenahoy.com\/primero\/wp-content\/uploads\/2022\/01\/pic-1-8-360x194.jpg 360w\" sizes=\"100vw\" \/><\/figure><\/figure>\n\n\n\n<p>Los estudiantes y profesores de Pasadena City College regresaron al campus para aprender en persona el lunes en un d\u00eda dominado por las pruebas de COVID y la disensi\u00f3n de algunos maestros y estudiantes que cre\u00edan que la reapertura era insegura y demasiado temprana a la luz del reciente aumento de COVID.<\/p>\n\n\n\n<p>En el campus, el funcionario administrativo Alexander Boekelheide se mostr\u00f3 optimista sobre el primer d\u00eda.<\/p>\n\n\n\n<p>\u201cEstamos emocionados de tener a todos de vuelta aqu\u00ed en el campus. Ha pasado mucho tiempo para algunos de estos estudiantes. Algunos estudiantes no han estado aqu\u00ed desde marzo de 2020\u201d, dijo Boekelheide mientras estaba parado cerca de las piscinas de espejos. \u201cEstamos contentos de que la gente haya vuelto aqu\u00ed y estamos empezando a tener algunas personas que vienen a clase en persona\u201d.<\/p>\n\n\n\n<p>Aproximadamente el 58 por ciento de los cursos de PCC se ofrecen cara a cara; el resto son clases h\u00edbridas o solo en l\u00ednea.<\/p>\n\n\n\n<p>PCC requiere la vacunaci\u00f3n completa contra COVID-19, con excepciones limitadas, entre todos los estudiantes, profesores y personal que vengan en persona al campus. Los protocolos de prueba requieren que los estudiantes presenten una prueba dentro de las 72 horas de regresar al campus y obtengan una nueva prueba cada semana.<\/p>\n\n\n\n<p>El lunes, largas filas de cientos de estudiantes avanzaron lentamente a trav\u00e9s de tres lugares de prueba durante todo el d\u00eda. El enamoramiento llev\u00f3 a PCC a reforzar el personal del proveedor de pruebas con miembros del personal de enfermer\u00eda de PCC, seg\u00fan la directora de servicios de salud estudiantil de PCC, Mindy Throop.<\/p>\n\n\n\n<p>Algunos miembros de la facultad describieron las pruebas como defectuosas y mal administradas.<\/p>\n\n\n\n<p>La Asociaci\u00f3n de Facultad de PCC dijo que la mayor\u00eda de sus miembros quer\u00edan retrasar la reapertura de la escuela.<\/p>\n\n\n\n<p>El domingo, la Asociaci\u00f3n de Facultad anunci\u00f3 que presentar\u00e1 un cargo de Pr\u00e1ctica Laboral Desleal contra el Distrito, alegando que la universidad se neg\u00f3 a negociar sobre la continuaci\u00f3n de la instrucci\u00f3n remota. en vista de los problemas de seguridad que afectan a profesores y estudiantes por igual.<\/p>\n\n\n\n<p>La Asociaci\u00f3n inst\u00f3 a los maestros que sintieron que el campus era un entorno de trabajo inseguro a continuar ense\u00f1ando virtualmente. El lunes, preocupada de que los maestros que se nieguen a regresar al campus puedan ser disciplinados, la Asociaci\u00f3n record\u00f3 a sus miembros su derecho a la representaci\u00f3n sindical.<\/p>\n\n\n\n<p>Todav\u00eda no se sabe si alg\u00fan maestro se neg\u00f3 a regresar al campus para la ense\u00f1anza en persona el lunes.<\/p>\n","protected":false},"excerpt":{"rendered":"<p>Los estudiantes y profesores de Pasadena City College regresaron al campus para aprender en persona el lunes en un d\u00eda dominado por las pruebas de COVID y la disensi\u00f3n de algunos maestros y estudiantes que cre\u00edan que la reapertura era insegura y demasiado temprana a la luz del reciente aumento de COVID. En el campus, el funcionario administrativo Alexander Boekelheide se mostr\u00f3 optimista sobre el primer d\u00eda. \u201cEstamos emocionados de tener a todos de vuelta aqu\u00ed en el campus. Ha [&hellip;]<\/p>\n","protected":false},"author":4,"featured_media":13997,"comment_status":"open","ping_status":"closed","sticky":false,"template":"","format":"standard","meta":[],"categories":[4],"tags":[],"acf":[],"_links":{"self":[{"href":"http:\/\/www.pasadenahoy.com\/primero\/wp-json\/wp\/v2\/posts\/13996"}],"collection":[{"href":"http:\/\/www.pasadenahoy.com\/primero\/wp-json\/wp\/v2\/posts"}],"about":[{"href":"http:\/\/www.pasadenahoy.com\/primero\/wp-json\/wp\/v2\/types\/post"}],"author":[{"embeddable":true,"href":"http:\/\/www.pasadenahoy.com\/primero\/wp-json\/wp\/v2\/users\/4"}],"replies":[{"embeddable":true,"href":"http:\/\/www.pasadenahoy.com\/primero\/wp-json\/wp\/v2\/comments?post=13996"}],"version-history":[{"count":2,"href":"http:\/\/www.pasadenahoy.com\/primero\/wp-json\/wp\/v2\/posts\/13996\/revisions"}],"predecessor-version":[{"id":13999,"href":"http:\/\/www.pasadenahoy.com\/primero\/wp-json\/wp\/v2\/posts\/13996\/revisions\/13999"}],"wp:featuredmedia":[{"embeddable":true,"href":"http:\/\/www.pasadenahoy.com\/primero\/wp-json\/wp\/v2\/media\/13997"}],"wp:attachment":[{"href":"http:\/\/www.pasadenahoy.com\/primero\/wp-json\/wp\/v2\/media?parent=13996"}],"wp:term":[{"taxonomy":"category","embeddable":true,"href":"http:\/\/www.pasadenahoy.com\/primero\/wp-json\/wp\/v2\/categories?post=13996"},{"taxonomy":"post_tag","embeddable":true,"href":"http:\/\/www.pasadenahoy.com\/primero\/wp-json\/wp\/v2\/tags?post=13996"}],"curies":[{"name":"wp","href":"https:\/\/api.w.org\/{rel}","templated":true}]}}