{"id":14004,"date":"2022-01-25T15:12:35","date_gmt":"2022-01-25T15:12:35","guid":{"rendered":"http:\/\/www.pasadenahoy.com\/primero\/?p=14004"},"modified":"2022-01-25T15:12:36","modified_gmt":"2022-01-25T15:12:36","slug":"el-consejo-se-levanta-en-honor-de-hickambottom","status":"publish","type":"post","link":"http:\/\/www.pasadenahoy.com\/primero\/la-comunidad\/el-consejo-se-levanta-en-honor-de-hickambottom\/","title":{"rendered":"El Consejo se levanta en honor de Hickambottom"},"content":{"rendered":"\n<figure class=\"wp-block-image alignnone size-large\"><figure class=\"alignnone\"><img loading=\"lazy\" width=\"700\" height=\"378\" src=\"http:\/\/www.pasadenahoy.com\/primero\/wp-content\/uploads\/2022\/01\/pic-3-5.png\" alt=\"\" class=\"wp-image-14005\" srcset=\"http:\/\/www.pasadenahoy.com\/primero\/wp-content\/uploads\/2022\/01\/pic-3-5.png 700w, http:\/\/www.pasadenahoy.com\/primero\/wp-content\/uploads\/2022\/01\/pic-3-5-300x162.png 300w, http:\/\/www.pasadenahoy.com\/primero\/wp-content\/uploads\/2022\/01\/pic-3-5-241x130.png 241w, http:\/\/www.pasadenahoy.com\/primero\/wp-content\/uploads\/2022\/01\/pic-3-5-333x180.png 333w, http:\/\/www.pasadenahoy.com\/primero\/wp-content\/uploads\/2022\/01\/pic-3-5-360x194.png 360w\" sizes=\"100vw\" \/><figcaption><span class=\"caption-text\">Dolores Hickambotom (Foto de archivo)<\/span><\/figcaption><\/figure><\/figure>\n\n\n\n<p>Pasadena Now se enter\u00f3 de que el alcalde V\u00edctor Gordo solicitar\u00e1 que el Concejo Municipal suspenda la sesi\u00f3n en honor a la activista local Dolores Hickambottom el lunes.<\/p>\n\n\n\n<p>Hickambottom, de 90 a\u00f1os, muri\u00f3 el mes pasado mientras el Concejo Municipal estaba de descanso.<\/p>\n\n\n\n<p>Hickambottom, residente de Altadena durante 57 a\u00f1os, naci\u00f3 en 1931 en Nueva Orleans y se desempe\u00f1\u00f3 como una incansable defensora de la igualdad de oportunidades desde que sus cuatro hijos, Ann Marie, Elbie Jr. (Skip), Leslie y John, comenzaron a asistir a las escuelas locales. .<\/p>\n\n\n\n<p>La familia salt\u00f3 a la fama local cuando Elbie Hickambottom Sr., se desempe\u00f1\u00f3 en la Junta de Educaci\u00f3n luego del caso hist\u00f3rico Junta de Educaci\u00f3n de la Ciudad de Pasadena v. Spangler, que convirti\u00f3 al Distrito Escolar Unificado de Pasadena en el primer distrito al oeste del Mississippi en implementar transporte en autob\u00fas bajo un fallo de la Corte. Muri\u00f3 en 2003. El Distrito Escolar Unificado de Pasadena contin\u00faa reuni\u00e9ndose en la Sala de Juntas Elbie J. Hickambottom nombrada en su honor.<\/p>\n\n\n\n<p>Junto con su esposo, Dolores jug\u00f3 un papel decisivo en el inicio de la Fundaci\u00f3n de Educaci\u00f3n de Pasadena en 1971.<\/p>\n\n\n\n<p>El mes pasado, el superintendente del Distrito Escolar Unificado de Pasadena, Brian McDonald, dijo que estaba profundamente entristecido por su fallecimiento.<\/p>\n\n\n\n<p>&#8220;Se\u00f1ora. Hickambottom ha sido una incondicional de la comunidad que se dedic\u00f3 a luchar por los derechos de aquellos en nuestra comunidad que fueron privados de sus derechos\u201d, dijo McDonald, \u201cJunto con su esposo, Elbie J. Hickambottom, por quien se nombr\u00f3 la sala de juntas del PUSD, ella fue un fuerte defensor de las escuelas p\u00fablicas y especialmente de nuestras escuelas PUSD. Juntos fueron una parte integral de la lucha para integrar nuestras escuelas p\u00fablicas a fines de la d\u00e9cada de 1960 y principios de la de 1970. La Sra. Hickambottom no solo fue una gran defensora de las escuelas p\u00fablicas, sino que tambi\u00e9n fue miembro fundador de la Fundaci\u00f3n Educativa de Pasadena, que brinda recursos y apoyo significativos a nuestro distrito\u201d.<\/p>\n\n\n\n<p>Tambi\u00e9n ha participado activamente en campa\u00f1as por los derechos civiles, los derechos de la mujer, los problemas familiares y la educaci\u00f3n.<\/p>\n\n\n\n<p>Ella jug\u00f3 un papel decisivo en la elecci\u00f3n de Loretta Thompson Glickman. En 1977, Thompson-Glickman se convirti\u00f3 en la primera mujer negra elegida como directora de la ciudad de Pasadena (ahora conocida como concejal). Cuatro a\u00f1os m\u00e1s tarde, se convirti\u00f3 en la primera vicealcaldesa negra de la ciudad, antes de ocupar el cargo de alcaldesa en 1982.<\/p>\n\n\n\n<p>Tambi\u00e9n se desempe\u00f1\u00f3 como su representante de campo y luego form\u00f3 parte del personal de los senadores estatales Walter Stiern, Richard Polanco y Jack Scott.<\/p>\n\n\n\n<p>El trabajo de Hickambottom no se detuvo all\u00ed. Tambi\u00e9n brind\u00f3 asesoramiento a varios jefes de polic\u00eda.<\/p>\n\n\n\n<p>M\u00e1s tarde asisti\u00f3 a la toma de posesi\u00f3n de Barack Obama.<\/p>\n\n\n\n<p>En 2014, el asamble\u00edsta Chris Holden (D-Pasadena) y el Caucus Legislativo Negro de California honraron a la local Dolores en una ceremonia en el Capitolio estatal como &#8220;H\u00e9roe An\u00f3nimo del Movimiento por los Derechos Civiles&#8221; por su b\u00fasqueda de por vida de igualdad en los \u00e1mbitos social, pol\u00edtico y educativo. oportunidades<\/p>\n","protected":false},"excerpt":{"rendered":"<p>Pasadena Now se enter\u00f3 de que el alcalde V\u00edctor Gordo solicitar\u00e1 que el Concejo Municipal suspenda la sesi\u00f3n en honor a la activista local Dolores Hickambottom el lunes. Hickambottom, de 90 a\u00f1os, muri\u00f3 el mes pasado mientras el Concejo Municipal estaba de descanso. Hickambottom, residente de Altadena durante 57 a\u00f1os, naci\u00f3 en 1931 en Nueva Orleans y se desempe\u00f1\u00f3 como una incansable defensora de la igualdad de oportunidades desde que sus cuatro hijos, Ann Marie, Elbie Jr. (Skip), Leslie y [&hellip;]<\/p>\n","protected":false},"author":4,"featured_media":14005,"comment_status":"open","ping_status":"closed","sticky":false,"template":"","format":"standard","meta":[],"categories":[4],"tags":[],"acf":[],"_links":{"self":[{"href":"http:\/\/www.pasadenahoy.com\/primero\/wp-json\/wp\/v2\/posts\/14004"}],"collection":[{"href":"http:\/\/www.pasadenahoy.com\/primero\/wp-json\/wp\/v2\/posts"}],"about":[{"href":"http:\/\/www.pasadenahoy.com\/primero\/wp-json\/wp\/v2\/types\/post"}],"author":[{"embeddable":true,"href":"http:\/\/www.pasadenahoy.com\/primero\/wp-json\/wp\/v2\/users\/4"}],"replies":[{"embeddable":true,"href":"http:\/\/www.pasadenahoy.com\/primero\/wp-json\/wp\/v2\/comments?post=14004"}],"version-history":[{"count":2,"href":"http:\/\/www.pasadenahoy.com\/primero\/wp-json\/wp\/v2\/posts\/14004\/revisions"}],"predecessor-version":[{"id":14007,"href":"http:\/\/www.pasadenahoy.com\/primero\/wp-json\/wp\/v2\/posts\/14004\/revisions\/14007"}],"wp:featuredmedia":[{"embeddable":true,"href":"http:\/\/www.pasadenahoy.com\/primero\/wp-json\/wp\/v2\/media\/14005"}],"wp:attachment":[{"href":"http:\/\/www.pasadenahoy.com\/primero\/wp-json\/wp\/v2\/media?parent=14004"}],"wp:term":[{"taxonomy":"category","embeddable":true,"href":"http:\/\/www.pasadenahoy.com\/primero\/wp-json\/wp\/v2\/categories?post=14004"},{"taxonomy":"post_tag","embeddable":true,"href":"http:\/\/www.pasadenahoy.com\/primero\/wp-json\/wp\/v2\/tags?post=14004"}],"curies":[{"name":"wp","href":"https:\/\/api.w.org\/{rel}","templated":true}]}}