{"id":14012,"date":"2022-01-25T15:21:08","date_gmt":"2022-01-25T15:21:08","guid":{"rendered":"http:\/\/www.pasadenahoy.com\/primero\/?p=14012"},"modified":"2022-01-25T15:21:09","modified_gmt":"2022-01-25T15:21:09","slug":"cuerpo-de-conservacion-de-california-aprobado-para-eliminar-vegetacion-no-autoctona-en-arroyo-seco","status":"publish","type":"post","link":"http:\/\/www.pasadenahoy.com\/primero\/la-comunidad\/cuerpo-de-conservacion-de-california-aprobado-para-eliminar-vegetacion-no-autoctona-en-arroyo-seco\/","title":{"rendered":"Cuerpo de Conservaci\u00f3n de California aprobado para eliminar vegetaci\u00f3n no aut\u00f3ctona en Arroyo Seco"},"content":{"rendered":"\n<figure class=\"wp-block-image alignnone size-large\"><figure class=\"alignnone\"><img loading=\"lazy\" width=\"700\" height=\"378\" src=\"http:\/\/www.pasadenahoy.com\/primero\/wp-content\/uploads\/2022\/01\/pic-5-13.jpg\" alt=\"\" class=\"wp-image-14013\" srcset=\"http:\/\/www.pasadenahoy.com\/primero\/wp-content\/uploads\/2022\/01\/pic-5-13.jpg 700w, http:\/\/www.pasadenahoy.com\/primero\/wp-content\/uploads\/2022\/01\/pic-5-13-300x162.jpg 300w, http:\/\/www.pasadenahoy.com\/primero\/wp-content\/uploads\/2022\/01\/pic-5-13-241x130.jpg 241w, http:\/\/www.pasadenahoy.com\/primero\/wp-content\/uploads\/2022\/01\/pic-5-13-333x180.jpg 333w, http:\/\/www.pasadenahoy.com\/primero\/wp-content\/uploads\/2022\/01\/pic-5-13-360x194.jpg 360w\" sizes=\"100vw\" \/><\/figure><\/figure>\n\n\n\n<p>El Concejo Municipal aprob\u00f3 por unanimidad el lunes el acuerdo propuesto con el Cuerpo de Conservaci\u00f3n de California (CCC) para ayudar con la remoci\u00f3n de vegetaci\u00f3n no nativa en Arroyo Seco.<\/p>\n\n\n\n<p>La aprobaci\u00f3n se bas\u00f3 en los hallazgos del personal de la ciudad de que \u201cel proyecto es consistente con el Plan Maestro de Arroyo Seco para reducir los riesgos de incendio en \u00e1reas cr\u00edticas y es compatible con el Plan de Acci\u00f3n Clim\u00e1tica de la Ciudad para proteger los corredores de h\u00e1bitat esenciales y las caracter\u00edsticas clave del h\u00e1bitat\u201d.<\/p>\n\n\n\n<p>El CCC tiene el mandato de brindar oportunidades laborales y educativas significativas para ayudar a los hombres y mujeres j\u00f3venes a ser m\u00e1s empleables, mientras protege y mejora el medio ambiente, los recursos humanos y las comunidades de California.<\/p>\n\n\n\n<p>Seg\u00fan el acuerdo propuesto entre la ciudad de Pasadena y CCC, los voluntarios de la agencia, llamados Corpsmembers, trabajar\u00e1n en proyectos de mantenimiento de mitigaci\u00f3n de riesgos de incendio en el Arroyo Seco Inferior y Central y el Parque de la Cuenca de Hahamongna entre febrero y junio de 2022.<\/p>\n\n\n\n<p>El acuerdo establece que el trabajo de los Corpsmembers incluir\u00e1 la limpieza de caminos para reducir la intensidad del fuego y el impacto de la marca de fuego en el Arroyo Seco, la eliminaci\u00f3n de pastos anuales y plantas no nativas indeseables, el recorte de pastos no nativos a tres pulgadas de largo o menos y dejando en su lugar, y dispersar las ramas grandes de los \u00e1rboles cuando no sea posible astillar.<\/p>\n\n\n\n<p>Seg\u00fan los t\u00e9rminos del acuerdo, la Ciudad, como agencia patrocinadora, no incurrir\u00e1 en ning\u00fan costo directo ya que los miembros del Cuerpo ser\u00e1n compensados \u200b\u200bdirectamente por CCC.<\/p>\n\n\n\n<p>En la reuni\u00f3n, el concejal Steve Madison le pidi\u00f3 al personal de la ciudad que brinde una supervisi\u00f3n rigurosa del trabajo del CCC para garantizar que sea consistente con las pautas.<\/p>\n\n\n\n<p>\u201cHemos tenido malas experiencias en el Arroyo con esfuerzos positivos como este. Apoyo el art\u00edculo, pero quiero asegurarme de que el personal ser\u00e1 extremadamente diligente en cuanto a la supervisi\u00f3n del grupo de CCC que realizar\u00e1 el trabajo para garantizar que sea consistente con nuestras propias pautas para Arroyo\u201d, dijo Madison. .<\/p>\n\n\n\n<p>El alcalde V\u00edctor Gordo se hizo eco de los comentarios de Madison y agreg\u00f3 que el personal de la ciudad debe garantizar que se proporcione un trabajo de calidad.<\/p>\n\n\n\n<p>En respuesta a la preocupaci\u00f3n de los concejales, la administradora de la ciudad, Cynthia Kurtz, junto con el personal de la ciudad, aseguraron al Concejo Municipal que ya se seleccionaron expertos para realizar el trabajo de supervisi\u00f3n y que continuar\u00e1n monitoreando el proyecto a lo largo del trabajo de CCC.<\/p>\n\n\n\n<p>\u201cDefinitivamente recibir\u00edamos muchos correos electr\u00f3nicos si esto no se hace de la manera adecuada, as\u00ed que me alegra que nuestro personal de la ciudad y los equipos de la ciudad lo est\u00e9n monitoreando muy de cerca\u201d, coment\u00f3 el concejal Tyron Hampton.<\/p>\n","protected":false},"excerpt":{"rendered":"<p>El Concejo Municipal aprob\u00f3 por unanimidad el lunes el acuerdo propuesto con el Cuerpo de Conservaci\u00f3n de California (CCC) para ayudar con la remoci\u00f3n de vegetaci\u00f3n no nativa en Arroyo Seco. La aprobaci\u00f3n se bas\u00f3 en los hallazgos del personal de la ciudad de que \u201cel proyecto es consistente con el Plan Maestro de Arroyo Seco para reducir los riesgos de incendio en \u00e1reas cr\u00edticas y es compatible con el Plan de Acci\u00f3n Clim\u00e1tica de la Ciudad para proteger los [&hellip;]<\/p>\n","protected":false},"author":4,"featured_media":0,"comment_status":"open","ping_status":"closed","sticky":false,"template":"","format":"standard","meta":[],"categories":[4],"tags":[],"acf":[],"_links":{"self":[{"href":"http:\/\/www.pasadenahoy.com\/primero\/wp-json\/wp\/v2\/posts\/14012"}],"collection":[{"href":"http:\/\/www.pasadenahoy.com\/primero\/wp-json\/wp\/v2\/posts"}],"about":[{"href":"http:\/\/www.pasadenahoy.com\/primero\/wp-json\/wp\/v2\/types\/post"}],"author":[{"embeddable":true,"href":"http:\/\/www.pasadenahoy.com\/primero\/wp-json\/wp\/v2\/users\/4"}],"replies":[{"embeddable":true,"href":"http:\/\/www.pasadenahoy.com\/primero\/wp-json\/wp\/v2\/comments?post=14012"}],"version-history":[{"count":2,"href":"http:\/\/www.pasadenahoy.com\/primero\/wp-json\/wp\/v2\/posts\/14012\/revisions"}],"predecessor-version":[{"id":14015,"href":"http:\/\/www.pasadenahoy.com\/primero\/wp-json\/wp\/v2\/posts\/14012\/revisions\/14015"}],"wp:attachment":[{"href":"http:\/\/www.pasadenahoy.com\/primero\/wp-json\/wp\/v2\/media?parent=14012"}],"wp:term":[{"taxonomy":"category","embeddable":true,"href":"http:\/\/www.pasadenahoy.com\/primero\/wp-json\/wp\/v2\/categories?post=14012"},{"taxonomy":"post_tag","embeddable":true,"href":"http:\/\/www.pasadenahoy.com\/primero\/wp-json\/wp\/v2\/tags?post=14012"}],"curies":[{"name":"wp","href":"https:\/\/api.w.org\/{rel}","templated":true}]}}