{"id":14023,"date":"2022-01-26T14:57:18","date_gmt":"2022-01-26T14:57:18","guid":{"rendered":"http:\/\/www.pasadenahoy.com\/primero\/?p=14023"},"modified":"2022-01-26T14:57:20","modified_gmt":"2022-01-26T14:57:20","slug":"el-vicealcalde-quiere-divulgacion-para-ayudar-a-mas-habitantes-de-pasadena-a-conectarse-en-linea-para-reducir-la-brecha-digital","status":"publish","type":"post","link":"http:\/\/www.pasadenahoy.com\/primero\/el-gobierno-local\/el-vicealcalde-quiere-divulgacion-para-ayudar-a-mas-habitantes-de-pasadena-a-conectarse-en-linea-para-reducir-la-brecha-digital\/","title":{"rendered":"El vicealcalde quiere divulgaci\u00f3n para ayudar a m\u00e1s habitantes de Pasadena a conectarse en l\u00ednea para reducir la &#8216;brecha digital&#8217;"},"content":{"rendered":"\n<figure class=\"wp-block-image alignnone size-large\"><figure class=\"alignnone\"><img loading=\"lazy\" width=\"700\" height=\"378\" src=\"http:\/\/www.pasadenahoy.com\/primero\/wp-content\/uploads\/2022\/01\/pic-1-8.png\" alt=\"\" class=\"wp-image-14024\" srcset=\"http:\/\/www.pasadenahoy.com\/primero\/wp-content\/uploads\/2022\/01\/pic-1-8.png 700w, http:\/\/www.pasadenahoy.com\/primero\/wp-content\/uploads\/2022\/01\/pic-1-8-300x162.png 300w, http:\/\/www.pasadenahoy.com\/primero\/wp-content\/uploads\/2022\/01\/pic-1-8-241x130.png 241w, http:\/\/www.pasadenahoy.com\/primero\/wp-content\/uploads\/2022\/01\/pic-1-8-333x180.png 333w, http:\/\/www.pasadenahoy.com\/primero\/wp-content\/uploads\/2022\/01\/pic-1-8-360x194.png 360w\" sizes=\"100vw\" \/><\/figure><\/figure>\n\n\n\n<p>El presidente del Comit\u00e9 de Servicios Municipales y vicealcalde, Andy Wilson, quiere usar el boca a boca para que m\u00e1s residentes de Pasadena est\u00e9n en l\u00ednea.<\/p>\n\n\n\n<p>El martes, Wilson le pidi\u00f3 al Departamento de Tecnolog\u00eda de la Informaci\u00f3n de la ciudad que se comunique con las comunidades de Pasadena que no tienen acceso a Internet de alta velocidad confiable para que aprendan sobre los programas gubernamentales para \u00e1reas desatendidas o \u00e1reas sin acceso a velocidades de descarga de 25 MBPS y velocidades de carga de 3 MBPS.<\/p>\n\n\n\n<p>Wilson hizo la solicitud al departamento despu\u00e9s de que comparti\u00f3 con el comit\u00e9 los diversos programas proporcionados por el estado, el condado y la ciudad para ayudar a quienes no tienen acceso a Internet.<\/p>\n\n\n\n<p>\u201cMe llam\u00f3 la atenci\u00f3n que tenemos una gran parte de nuestra ciudad donde las personas est\u00e1n cayendo en la categor\u00eda de ser desatendidas en t\u00e9rminos de conectividad digital\u201d.<\/p>\n\n\n\n<p>\u201cParece que hay muchos subsidios y programas, pero siento que si estos programas no se publicitan bien, entonces el p\u00fablico puede tener dificultades para aprovechar esos elementos\u201d, dijo Wilson.<\/p>\n\n\n\n<p>Seg\u00fan el departamento, al menos tres \u00e1reas dentro de Pasadena se incluyeron entre las \u00e1reas desatendidas objetivo que pueden beneficiarse del Plan Estrat\u00e9gico Regional de la Brecha Digital del Condado de Los \u00c1ngeles. No pudo identificar ubicaciones espec\u00edficas de estas \u00e1reas.<\/p>\n\n\n\n<p>El programa est\u00e1 dirigido a comunidades dentro del condado de Los \u00c1ngeles que tienen un 20 % o m\u00e1s de hogares sin acceso a Internet. El objetivo del plan es aumentar la accesibilidad, proporcionar dispositivos digitales y empoderar a las comunidades con alfabetizaci\u00f3n digital.<\/p>\n\n\n\n<p>Actualmente, hay tres proveedores de servicios residenciales de Internet por cable en Pasadena. Estos son Spectrum, AT&amp;T y Frontier Communications.<\/p>\n\n\n\n<p>A pesar de decir que todav\u00eda hay \u00e1reas desatendidas en la ciudad, el Departamento de Tecnolog\u00eda de la Informaci\u00f3n tambi\u00e9n dijo que el 99,7 % de los hogares de Pasadena tienen acceso al servicio de dos o m\u00e1s proveedores de Internet por cable.<\/p>\n\n\n\n<p>El departamento dijo que todos los operadores inal\u00e1mbricos est\u00e1n realizando importantes inversiones para admitir 5G y velocidades de m\u00e1s de 100 MBPS.<\/p>\n\n\n\n<p>Entre los programas para los desatendidos tambi\u00e9n mencionados por el departamento se encuentra el Programa de Conectividad Asequible (ACP, por sus siglas en ingl\u00e9s), que proporciona un subsidio mensual de Internet de $30 y un descuento \u00fanico de $100 en la compra de una computadora port\u00e1til o dispositivo similar.<\/p>\n\n\n\n<p>Los beneficiarios de SNAP, Medicaid, Asistencia de Vivienda y programas de desayuno o almuerzo escolar gratis oa precio reducido, entre otros programas, son autom\u00e1ticamente elegibles para el ACP.<\/p>\n\n\n\n<p>Mientras tanto, en Pasadena, se ofrece WIFI p\u00fablico gratuito en todas las bibliotecas y centros comunitarios de la ciudad. El Distrito Escolar Unificado de Pasadena tambi\u00e9n proporciona wifi en los campus para sus estudiantes y personal, seg\u00fan el Departamento de Tecnolog\u00eda de la Informaci\u00f3n.<\/p>\n","protected":false},"excerpt":{"rendered":"<p>El presidente del Comit\u00e9 de Servicios Municipales y vicealcalde, Andy Wilson, quiere usar el boca a boca para que m\u00e1s residentes de Pasadena est\u00e9n en l\u00ednea. El martes, Wilson le pidi\u00f3 al Departamento de Tecnolog\u00eda de la Informaci\u00f3n de la ciudad que se comunique con las comunidades de Pasadena que no tienen acceso a Internet de alta velocidad confiable para que aprendan sobre los programas gubernamentales para \u00e1reas desatendidas o \u00e1reas sin acceso a velocidades de descarga de 25 MBPS [&hellip;]<\/p>\n","protected":false},"author":4,"featured_media":14024,"comment_status":"open","ping_status":"closed","sticky":false,"template":"","format":"standard","meta":[],"categories":[6],"tags":[],"acf":[],"_links":{"self":[{"href":"http:\/\/www.pasadenahoy.com\/primero\/wp-json\/wp\/v2\/posts\/14023"}],"collection":[{"href":"http:\/\/www.pasadenahoy.com\/primero\/wp-json\/wp\/v2\/posts"}],"about":[{"href":"http:\/\/www.pasadenahoy.com\/primero\/wp-json\/wp\/v2\/types\/post"}],"author":[{"embeddable":true,"href":"http:\/\/www.pasadenahoy.com\/primero\/wp-json\/wp\/v2\/users\/4"}],"replies":[{"embeddable":true,"href":"http:\/\/www.pasadenahoy.com\/primero\/wp-json\/wp\/v2\/comments?post=14023"}],"version-history":[{"count":2,"href":"http:\/\/www.pasadenahoy.com\/primero\/wp-json\/wp\/v2\/posts\/14023\/revisions"}],"predecessor-version":[{"id":14026,"href":"http:\/\/www.pasadenahoy.com\/primero\/wp-json\/wp\/v2\/posts\/14023\/revisions\/14026"}],"wp:featuredmedia":[{"embeddable":true,"href":"http:\/\/www.pasadenahoy.com\/primero\/wp-json\/wp\/v2\/media\/14024"}],"wp:attachment":[{"href":"http:\/\/www.pasadenahoy.com\/primero\/wp-json\/wp\/v2\/media?parent=14023"}],"wp:term":[{"taxonomy":"category","embeddable":true,"href":"http:\/\/www.pasadenahoy.com\/primero\/wp-json\/wp\/v2\/categories?post=14023"},{"taxonomy":"post_tag","embeddable":true,"href":"http:\/\/www.pasadenahoy.com\/primero\/wp-json\/wp\/v2\/tags?post=14023"}],"curies":[{"name":"wp","href":"https:\/\/api.w.org\/{rel}","templated":true}]}}