{"id":14027,"date":"2022-01-26T15:02:43","date_gmt":"2022-01-26T15:02:43","guid":{"rendered":"http:\/\/www.pasadenahoy.com\/primero\/?p=14027"},"modified":"2022-01-26T15:02:44","modified_gmt":"2022-01-26T15:02:44","slug":"el-administrador-de-la-ciudad-esta-dispuesto-a-realizar-un-desfile-de-la-historia-afroamericana-en-la-primavera-si-los-numeros-de-covid-lo-permiten","status":"publish","type":"post","link":"http:\/\/www.pasadenahoy.com\/primero\/la-comunidad\/el-administrador-de-la-ciudad-esta-dispuesto-a-realizar-un-desfile-de-la-historia-afroamericana-en-la-primavera-si-los-numeros-de-covid-lo-permiten\/","title":{"rendered":"El administrador de la ciudad est\u00e1 dispuesto a realizar un desfile de la historia afroamericana en la primavera si los n\u00fameros de COVID lo permiten"},"content":{"rendered":"\n<figure class=\"wp-block-image alignnone size-large\"><figure class=\"alignnone\"><img loading=\"lazy\" width=\"700\" height=\"378\" src=\"http:\/\/www.pasadenahoy.com\/primero\/wp-content\/uploads\/2022\/01\/pic-2-6.png\" alt=\"\" class=\"wp-image-14028\" srcset=\"http:\/\/www.pasadenahoy.com\/primero\/wp-content\/uploads\/2022\/01\/pic-2-6.png 700w, http:\/\/www.pasadenahoy.com\/primero\/wp-content\/uploads\/2022\/01\/pic-2-6-300x162.png 300w, http:\/\/www.pasadenahoy.com\/primero\/wp-content\/uploads\/2022\/01\/pic-2-6-241x130.png 241w, http:\/\/www.pasadenahoy.com\/primero\/wp-content\/uploads\/2022\/01\/pic-2-6-333x180.png 333w, http:\/\/www.pasadenahoy.com\/primero\/wp-content\/uploads\/2022\/01\/pic-2-6-360x194.png 360w\" sizes=\"100vw\" \/><\/figure><\/figure>\n\n\n\n<p>La administradora de la ciudad, Cynthia Kurtz, dijo el lunes que la ciudad estar\u00eda dispuesta a volver a convocar al comit\u00e9 responsable de planificar el Desfile de la Historia Negra dependiendo del estado de la pandemia.<\/p>\n\n\n\n<p>Kurtz dijo que la ciudad estar\u00eda feliz de volver a reunir al comit\u00e9 en unas pocas semanas para tener una discusi\u00f3n sobre la celebraci\u00f3n del desfile a finales de este a\u00f1o.<\/p>\n\n\n\n<p>\u201cSi estamos saliendo de COVID como esperamos, tal vez considerar\u00edan reprogramar en alg\u00fan momento de la primavera. Si el consejo cree que valdr\u00eda la pena otra discusi\u00f3n, estar\u00edamos felices de tener eso\u201d.<\/p>\n\n\n\n<p>El desfile se cancel\u00f3 a principios de este mes debido a la incapacidad de instituir protocolos de seguridad para prevenir la propagaci\u00f3n de COVID-19.<\/p>\n\n\n\n<p>A diferencia del Desfile de las Rosas, el evento no requiere boleto y la ciudad no puede controlar qui\u00e9n se presenta.<\/p>\n\n\n\n<p>Kurtz dijo el lunes que solo siete entradas se hab\u00edan registrado para participar en el evento, que generalmente atrae a cientos de entradas.<\/p>\n\n\n\n<p>El Desfile de la Historia Negra de Pasadena es una de las celebraciones de la historia negra m\u00e1s grandes y de mayor duraci\u00f3n en el estado.<\/p>\n\n\n\n<p>El concejal Steve Madison dijo que esperaba que el desfile pudiera realizarse en junio.<\/p>\n\n\n\n<p>\u201cMe pregunto si ser\u00eda posible reprogramar el desfile tal vez para junio alrededor del 16 de junio\u201d, dijo Madison. \u201cOdiar\u00eda ver que ese desfile se pierde un a\u00f1o, pero obviamente COVID ha tenido efectos de gran alcance\u201d.<\/p>\n\n\n\n<p>Juneteenth se celebra el 19 de junio y conmemora el fin de la esclavitud en los Estados Unidos.<\/p>\n\n\n\n<p>El 19 de junio de 1865, dos a\u00f1os y medio despu\u00e9s de que el presidente Abraham Lincoln firmara la Proclamaci\u00f3n de Emancipaci\u00f3n, los soldados de la Uni\u00f3n, encabezados por el general de divisi\u00f3n Gordon Granger, aterrizaron en Galveston, Texas, con la noticia de que la guerra hab\u00eda terminado y que los esclavos eran libres.<\/p>\n\n\n\n<p>La Proclamaci\u00f3n de Emancipaci\u00f3n solo liber\u00f3 a los esclavos en los estados confederados que estaban en guerra contra la uni\u00f3n, dejando a los negros en los estados fronterizos que permanecieron leales a la Uni\u00f3n en cautiverio, un hecho que se omite constantemente en los libros de historia.<\/p>\n\n\n\n<p>Y los afroamericanos en algunos lugares se vieron obligados a soportar la brutalidad debido a la falta de tropas de la Uni\u00f3n disponibles para hacer cumplir la nueva Orden Ejecutiva que entr\u00f3 en vigor el 1 de enero de 1863.<\/p>\n\n\n\n<p>El presidente Joe Biden firm\u00f3 un proyecto de ley el a\u00f1o pasado que convirti\u00f3 el 16 de junio en un feriado nacional despu\u00e9s de que la C\u00e1mara de Representantes y el Senado aprobaran el proyecto de ley en una rara muestra de bipartidismo.<\/p>\n\n\n\n<p>Si el desfile se traslada a Juneteenth, tambi\u00e9n corresponder\u00eda a la incorporaci\u00f3n de la ciudad,<\/p>\n\n\n\n<p>Pasadena se incorpor\u00f3 el 19 de junio de 1886 y muchos abolicionistas llegaron al \u00e1rea de Pasadena\/Altadena, incluidos Ellen Garrison Clark y el hijo de John Brown, Owen.<\/p>\n\n\n\n<p>Despu\u00e9s de que se cancel\u00f3 el desfile, los residentes locales r\u00e1pidamente se\u00f1alaron que el Desfile de las Rosas se llev\u00f3 a cabo incluso cuando el n\u00famero de casos de coronavirus y hospitalizaciones aumentaba.<\/p>\n\n\n\n<p>Antes del Desfile de las Rosas, los eventos festivos y los juegos de bolos se cancelaron en todo el pa\u00eds cuando la naci\u00f3n comenz\u00f3 a luchar contra una nueva ola del virus. Algunos residentes en ese momento cuestionaron por qu\u00e9 se estaba llevando a cabo el desfile y el juego.<\/p>\n\n\n\n<p>Pero la ciudad ten\u00eda protocolos estrictos para el Desfile de las Rosas. El 91 % de los m\u00e1s de 6500 participantes en el desfile de este a\u00f1o fueron vacunados y el otro 9 % debi\u00f3 presentar prueba de una prueba negativa dentro de las 72 horas posteriores al evento. A los clientes en el \u00e1rea donde la audiencia era m\u00e1s grande se les pidi\u00f3 que proporcionaran un comprobante de vacunaci\u00f3n o una prueba negativa.<\/p>\n\n\n\n<p>\u201cEl Desfile de la Historia Negra y el Mes de la Historia Negra son parte integral de la estructura de Pasadena y s\u00ed, parece que hemos perdido algo ya que no vamos a tener el desfile\u201d, dijo el concejal John Kennedy. \u201cPero la realidad es que todos queremos estar seguros y la gente tiene sus miedos y sus preocupaciones. Cuando bajas de m\u00e1s de 100 entradas a menos de 10 no porque la gente no sea emp\u00e1tica y no quiera disfrutar de la multiplicidad de culturas que existen en Pasadena, es otra cosa y eso es salud y seguridad\u201d.<\/p>\n\n\n\n<p>El Comit\u00e9 de Planificaci\u00f3n de la Ciudad y la Historia Afroamericana seguir\u00e1 adelante con la organizaci\u00f3n de una amplia variedad de eventos gratuitos para familias este a\u00f1o en celebraci\u00f3n del Mes de la Historia Afroamericana. Todos los eventos cumplen con los protocolos COVID-19 del Departamento de Salud P\u00fablica de Pasadena.<\/p>\n","protected":false},"excerpt":{"rendered":"<p>La administradora de la ciudad, Cynthia Kurtz, dijo el lunes que la ciudad estar\u00eda dispuesta a volver a convocar al comit\u00e9 responsable de planificar el Desfile de la Historia Negra dependiendo del estado de la pandemia. Kurtz dijo que la ciudad estar\u00eda feliz de volver a reunir al comit\u00e9 en unas pocas semanas para tener una discusi\u00f3n sobre la celebraci\u00f3n del desfile a finales de este a\u00f1o. \u201cSi estamos saliendo de COVID como esperamos, tal vez considerar\u00edan reprogramar en alg\u00fan [&hellip;]<\/p>\n","protected":false},"author":4,"featured_media":14028,"comment_status":"open","ping_status":"closed","sticky":false,"template":"","format":"standard","meta":[],"categories":[4],"tags":[],"acf":[],"_links":{"self":[{"href":"http:\/\/www.pasadenahoy.com\/primero\/wp-json\/wp\/v2\/posts\/14027"}],"collection":[{"href":"http:\/\/www.pasadenahoy.com\/primero\/wp-json\/wp\/v2\/posts"}],"about":[{"href":"http:\/\/www.pasadenahoy.com\/primero\/wp-json\/wp\/v2\/types\/post"}],"author":[{"embeddable":true,"href":"http:\/\/www.pasadenahoy.com\/primero\/wp-json\/wp\/v2\/users\/4"}],"replies":[{"embeddable":true,"href":"http:\/\/www.pasadenahoy.com\/primero\/wp-json\/wp\/v2\/comments?post=14027"}],"version-history":[{"count":2,"href":"http:\/\/www.pasadenahoy.com\/primero\/wp-json\/wp\/v2\/posts\/14027\/revisions"}],"predecessor-version":[{"id":14030,"href":"http:\/\/www.pasadenahoy.com\/primero\/wp-json\/wp\/v2\/posts\/14027\/revisions\/14030"}],"wp:featuredmedia":[{"embeddable":true,"href":"http:\/\/www.pasadenahoy.com\/primero\/wp-json\/wp\/v2\/media\/14028"}],"wp:attachment":[{"href":"http:\/\/www.pasadenahoy.com\/primero\/wp-json\/wp\/v2\/media?parent=14027"}],"wp:term":[{"taxonomy":"category","embeddable":true,"href":"http:\/\/www.pasadenahoy.com\/primero\/wp-json\/wp\/v2\/categories?post=14027"},{"taxonomy":"post_tag","embeddable":true,"href":"http:\/\/www.pasadenahoy.com\/primero\/wp-json\/wp\/v2\/tags?post=14027"}],"curies":[{"name":"wp","href":"https:\/\/api.w.org\/{rel}","templated":true}]}}