{"id":14031,"date":"2022-01-26T15:10:24","date_gmt":"2022-01-26T15:10:24","guid":{"rendered":"http:\/\/www.pasadenahoy.com\/primero\/?p=14031"},"modified":"2022-01-26T15:10:25","modified_gmt":"2022-01-26T15:10:25","slug":"director-de-salud-del-condado-omicron-surge-over-peak-pero-la-transmision-sigue-siendo-alta","status":"publish","type":"post","link":"http:\/\/www.pasadenahoy.com\/primero\/el-gobierno-local\/director-de-salud-del-condado-omicron-surge-over-peak-pero-la-transmision-sigue-siendo-alta\/","title":{"rendered":"Director de salud del condado: Omicron Surge Over Peak, pero la transmisi\u00f3n sigue siendo alta"},"content":{"rendered":"\n<figure class=\"wp-block-image alignnone size-large\"><figure class=\"alignnone\"><img loading=\"lazy\" width=\"700\" height=\"378\" src=\"http:\/\/www.pasadenahoy.com\/primero\/wp-content\/uploads\/2022\/01\/pic-3-10.jpg\" alt=\"\" class=\"wp-image-14032\" srcset=\"http:\/\/www.pasadenahoy.com\/primero\/wp-content\/uploads\/2022\/01\/pic-3-10.jpg 700w, http:\/\/www.pasadenahoy.com\/primero\/wp-content\/uploads\/2022\/01\/pic-3-10-300x162.jpg 300w, http:\/\/www.pasadenahoy.com\/primero\/wp-content\/uploads\/2022\/01\/pic-3-10-241x130.jpg 241w, http:\/\/www.pasadenahoy.com\/primero\/wp-content\/uploads\/2022\/01\/pic-3-10-333x180.jpg 333w, http:\/\/www.pasadenahoy.com\/primero\/wp-content\/uploads\/2022\/01\/pic-3-10-360x194.jpg 360w\" sizes=\"100vw\" \/><figcaption><span class=\"caption-text\">Barbara Ferrer, directora de salud p\u00fablica del condado de Los \u00c1ngeles<\/span><\/figcaption><\/figure><\/figure>\n\n\n\n<p>Los n\u00fameros locales de casos diarios de COVID-19 y la tasa de positividad de las pruebas tienen una tendencia a la baja, lo que indica que el condado de Los \u00c1ngeles parece haber &#8220;pasado el pico&#8221; del aumento de la variante Omicron, pero la transmisi\u00f3n del virus permanece en uno de los puntos m\u00e1s altos de la pandemia, el dijo el director de salud p\u00fablica el martes.<\/p>\n\n\n\n<p>\u201cDurante las \u00faltimas dos semanas, afortunadamente, hemos visto una tendencia a la baja en los casos y la tasa de positividad de las pruebas\u201d, dijo la directora de salud p\u00fablica, Barbara Ferrer, a la Junta de Supervisores.<\/p>\n\n\n\n<p>Ella dijo que la tasa promedio de siete d\u00edas de casos nuevos en el condado era de aproximadamente 310 por cada 100,000 residentes a partir del lunes, por debajo de los 380 por cada 100,000 residentes hace una semana. La tasa de positividad de las pruebas ha ca\u00eddo de aproximadamente el 17% hace una semana a aproximadamente el 14% esta semana.<\/p>\n\n\n\n<p>\u201cEsta tendencia a la baja es alentadora e indica que es probable que hayamos superado el pico de transmisi\u00f3n de Omicron y estamos comenzando a ver una disminuci\u00f3n real en las personas reci\u00e9n infectadas\u201d, dijo Ferrer. \u201cSin embargo\u2026 el n\u00famero de casos sigue siendo extraordinariamente alto\u201d.<\/p>\n\n\n\n<p>En Pasadena, que opera su propio departamento de salud y no est\u00e1 bajo la jurisdicci\u00f3n de Ferrer, el tablero COVID operado por la ciudad muestra que el n\u00famero promedio de 7 d\u00edas de nuevos casos de COVID ha disminuido diariamente durante los \u00faltimos nueve d\u00edas.<\/p>\n\n\n\n<p>Pasadena experiment\u00f3 su mayor n\u00famero de nuevos casos confirmados de COVID el 31 de diciembre: 664 en un d\u00eda. El recuento diario del martes fue de 276. Antes de que el aumento reciente se acelerara a mediados de diciembre, Pasadena informaba menos de 15 casos nuevos por d\u00eda en promedio.<\/p>\n\n\n\n<p>Ferrer dijo que el condado todav\u00eda tiene un promedio de 32,000 casos nuevos por d\u00eda, y aproximadamente una de cada siete personas que se hacen la prueba del virus da positivo.<\/p>\n\n\n\n<p>\u201cDesafortunadamente, debido a las hospitalizaciones y casos de muertes, sigue habiendo un n\u00famero significativo de personas en el condado de Los \u00c1ngeles con enfermedades graves\u201d, dijo. \u201c\u2026 Tristemente, dada la gran cantidad de hospitalizaciones, las muertes aumentaron la semana pasada, con un promedio de 61 personas muriendo cada d\u00eda\u201d.<\/p>\n\n\n\n<p>El condado report\u00f3 36 nuevas muertes por COVID-19 el martes, elevando el n\u00famero total de muertes por el virus a 28,540. El condado tambi\u00e9n report\u00f3 otros 18,822 casos nuevos, elevando el total acumulativo de la pandemia a 2,540,075.<\/p>\n\n\n\n<p>La tasa diaria promedio m\u00f3vil de personas que dieron positivo por el virus fue del 13,8% hasta el martes.<\/p>\n\n\n\n<p>Seg\u00fan cifras estatales, hab\u00eda 4554 pacientes con COVID positivo en los hospitales del condado hasta el martes, frente a los 4573 del lunes. El n\u00famero de esos pacientes tratados en cuidados intensivos fue de 785, una ligera ca\u00edda con respecto a los 794 del d\u00eda anterior.<\/p>\n\n\n\n<p>Ferrer enfatiz\u00f3 que a pesar de las tendencias a la baja en las m\u00e9tricas clave de la pandemia, la transmisi\u00f3n de COVID-19 permanece en uno de sus puntos m\u00e1s altos de la pandemia, y las personas deben continuar tomando precauciones para limitar la propagaci\u00f3n del virus.<\/p>\n\n\n\n<p>\u201cSi bien finalmente estamos dando la vuelta a la oleada, debemos seguir siendo cautelosos para reducir la transmisi\u00f3n a un nivel lo suficientemente bajo como para que represente menos riesgo para los m\u00e1s vulnerables y menos riesgo para nuestro viaje de recuperaci\u00f3n\u201d, dijo Ferrer. \u201cCon una alta transmisi\u00f3n, hemos visto dispararse los brotes en todos los sectores y la correspondiente escasez de personal que afecta las operaciones en escuelas, hospitales, empresas y lugares de entretenimiento\u201d.<\/p>\n\n\n\n<p>Seg\u00fan el condado, el 81 % de los residentes elegibles del condado de 5 a\u00f1os o m\u00e1s han recibido al menos una dosis de la vacuna y el 72 % est\u00e1n completamente vacunados. Solo el 32% est\u00e1 completamente vacunado con una vacuna de refuerzo. De la poblaci\u00f3n general del condado de 10,3 millones, el 77 % ha recibido una dosis, el 69 % est\u00e1 completamente vacunado y el 30 % est\u00e1 vacunado y reforzado.<\/p>\n\n\n\n<p>La tasa de vacunaci\u00f3n entre los ni\u00f1os de 5 a 11 a\u00f1os sigue siendo baja, solo el 30 % ha recibido al menos una dosis y solo el 20 % est\u00e1 completamente vacunado. Ferrer dijo que la baja tasa de vacunaci\u00f3n entre los ni\u00f1os \u201ccrea una vulnerabilidad significativa para la propagaci\u00f3n\u201d del virus.<\/p>\n\n\n\n<p>Ferrer dijo que aproximadamente la mitad de los pacientes con COVID positivo en los hospitales del condado fueron admitidos por razones distintas a COVID, y solo descubrieron que estaban infectados cuando fueron hospitalizados. Pero Ferrer dijo que incluso si un paciente fue admitido por un motivo que no sea COVID, un paciente positivo para el virus a\u00fan requiere m\u00e1s &#8220;precauciones intensivas en recursos&#8221; que generan tensi\u00f3n en los hospitales con poco personal.<\/p>\n","protected":false},"excerpt":{"rendered":"<p>Los n\u00fameros locales de casos diarios de COVID-19 y la tasa de positividad de las pruebas tienen una tendencia a la baja, lo que indica que el condado de Los \u00c1ngeles parece haber &#8220;pasado el pico&#8221; del aumento de la variante Omicron, pero la transmisi\u00f3n del virus permanece en uno de los puntos m\u00e1s altos de la pandemia, el dijo el director de salud p\u00fablica el martes. \u201cDurante las \u00faltimas dos semanas, afortunadamente, hemos visto una tendencia a la baja [&hellip;]<\/p>\n","protected":false},"author":4,"featured_media":14032,"comment_status":"open","ping_status":"closed","sticky":false,"template":"","format":"standard","meta":[],"categories":[6],"tags":[],"acf":[],"_links":{"self":[{"href":"http:\/\/www.pasadenahoy.com\/primero\/wp-json\/wp\/v2\/posts\/14031"}],"collection":[{"href":"http:\/\/www.pasadenahoy.com\/primero\/wp-json\/wp\/v2\/posts"}],"about":[{"href":"http:\/\/www.pasadenahoy.com\/primero\/wp-json\/wp\/v2\/types\/post"}],"author":[{"embeddable":true,"href":"http:\/\/www.pasadenahoy.com\/primero\/wp-json\/wp\/v2\/users\/4"}],"replies":[{"embeddable":true,"href":"http:\/\/www.pasadenahoy.com\/primero\/wp-json\/wp\/v2\/comments?post=14031"}],"version-history":[{"count":2,"href":"http:\/\/www.pasadenahoy.com\/primero\/wp-json\/wp\/v2\/posts\/14031\/revisions"}],"predecessor-version":[{"id":14034,"href":"http:\/\/www.pasadenahoy.com\/primero\/wp-json\/wp\/v2\/posts\/14031\/revisions\/14034"}],"wp:featuredmedia":[{"embeddable":true,"href":"http:\/\/www.pasadenahoy.com\/primero\/wp-json\/wp\/v2\/media\/14032"}],"wp:attachment":[{"href":"http:\/\/www.pasadenahoy.com\/primero\/wp-json\/wp\/v2\/media?parent=14031"}],"wp:term":[{"taxonomy":"category","embeddable":true,"href":"http:\/\/www.pasadenahoy.com\/primero\/wp-json\/wp\/v2\/categories?post=14031"},{"taxonomy":"post_tag","embeddable":true,"href":"http:\/\/www.pasadenahoy.com\/primero\/wp-json\/wp\/v2\/tags?post=14031"}],"curies":[{"name":"wp","href":"https:\/\/api.w.org\/{rel}","templated":true}]}}