{"id":14036,"date":"2022-01-26T15:14:20","date_gmt":"2022-01-26T15:14:20","guid":{"rendered":"http:\/\/www.pasadenahoy.com\/primero\/?p=14036"},"modified":"2022-01-26T15:14:21","modified_gmt":"2022-01-26T15:14:21","slug":"el-candidato-al-concejo-municipal-jason-lyon-anuncia-apoyos-locales-clave-en-las-elecciones-del-distrito-7","status":"publish","type":"post","link":"http:\/\/www.pasadenahoy.com\/primero\/la-comunidad\/el-candidato-al-concejo-municipal-jason-lyon-anuncia-apoyos-locales-clave-en-las-elecciones-del-distrito-7\/","title":{"rendered":"El candidato al concejo municipal Jason Lyon anuncia apoyos locales clave en las elecciones del Distrito 7"},"content":{"rendered":"\n<figure class=\"wp-block-image alignnone size-large\"><figure class=\"alignnone\"><img loading=\"lazy\" width=\"700\" height=\"378\" src=\"http:\/\/www.pasadenahoy.com\/primero\/wp-content\/uploads\/2022\/01\/pic-4-14.jpg\" alt=\"\" class=\"wp-image-14037\" srcset=\"http:\/\/www.pasadenahoy.com\/primero\/wp-content\/uploads\/2022\/01\/pic-4-14.jpg 700w, http:\/\/www.pasadenahoy.com\/primero\/wp-content\/uploads\/2022\/01\/pic-4-14-300x162.jpg 300w, http:\/\/www.pasadenahoy.com\/primero\/wp-content\/uploads\/2022\/01\/pic-4-14-241x130.jpg 241w, http:\/\/www.pasadenahoy.com\/primero\/wp-content\/uploads\/2022\/01\/pic-4-14-333x180.jpg 333w, http:\/\/www.pasadenahoy.com\/primero\/wp-content\/uploads\/2022\/01\/pic-4-14-360x194.jpg 360w\" sizes=\"100vw\" \/><figcaption><span class=\"caption-text\">Jason Lyon a trav\u00e9s de Facebook<\/span><\/figcaption><\/figure><\/figure>\n\n\n\n<p>El candidato del Distrito 7, Jason Lyon, anunci\u00f3 el respaldo clave de su campa\u00f1a para el Concejo Municipal de Pasadena el martes.<\/p>\n\n\n\n<p>Los respaldos provienen de una amplia coalici\u00f3n de l\u00edderes locales: el excanciller de los colegios comunitarios de California y senador estatal Jack Scott; el asesor del condado de Los \u00c1ngeles, Jeff Prang; Sandra Chen Lau y Tammy Silver, s\u00edndicos de Pasadena City College; el presidente de la Comisi\u00f3n de Planificaci\u00f3n de Pasadena, Steven Olivas, y los miembros de la Comisi\u00f3n de Planificaci\u00f3n, David Coher, la Dra. Julianna Delgado, Carol Hunt Hernandez y Tm Wendler; l\u00edderes de la comunidad religiosa Rev. Ed Bacon, Rev. Mike Kinman y Sharon Crandall (Capell\u00e1n principal, C\u00e1rcel del condado de Los \u00c1ngeles); la directora ejecutiva sin fines de lucro, Mary Donnelly-Crocker; el defensor de la preservaci\u00f3n hist\u00f3rica Glenn Camhi; y Megan Foker, miembro del Grupo de Trabajo de Vivienda, seg\u00fan Lyon. Cada una de estas personas apoy\u00f3 a Lyon en su capacidad privada, y los t\u00edtulos de sus organizaciones se enumeran solo con fines de identificaci\u00f3n.<\/p>\n\n\n\n<p>\u201cMe siento profundamente honrado de contar con el apoyo de estos incre\u00edbles l\u00edderes comunitarios\u201d, dijo Lyon. \u201cEstoy realmente agradecido por su confianza y confianza en m\u00ed. Estamos comprometidos a aprovechar estos respaldos para establecer una asociaci\u00f3n diversa de voces y perspectivas en Pasadena\u201d.<\/p>\n\n\n\n<p>Desde que se mud\u00f3 a Pasadena desde Silver Lake en 2010, Lyon ha estado activa en la comunidad sin fines de lucro. Se ha desempe\u00f1ado en capacidades de liderazgo para Young &amp; Healthy, San Gabriel Valley Economic Partnership, Planned Parenthood Pasadena San Gabriel Valley y All Saints Church.<\/p>\n\n\n\n<p>En 2017, el alcalde Terry Tornek nombr\u00f3 a Lyon para la Comisi\u00f3n de Preservaci\u00f3n Hist\u00f3rica de Pasadena. El concejal Wilson nombr\u00f3 a Lyon para unirse a la Comisi\u00f3n de Planificaci\u00f3n en 2019. Actualmente, Lyon se desempe\u00f1a como vicepresidente tanto de la Comisi\u00f3n de Planificaci\u00f3n como de la Junta de Apelaciones de Zonificaci\u00f3n de la ciudad.<\/p>\n\n\n\n<p>Lyon es socio de Hahn &amp; Hahn LLP, la hist\u00f3rica firma de abogados de Pasadena fundada en 1899. Practica litigios comerciales complejos con \u00e9nfasis en disputas de sociedades y asuntos de fraude.<\/p>\n\n\n\n<p>Lyon vive en el vecindario de Madison Heights con su esposo, Tim, un agente de bienes ra\u00edces y sus dos hijos.<\/p>\n\n\n\n<p>Est\u00e1 buscando reemplazar al vicealcalde Andy Wilson en el puesto del Distrito 7 en el Concejo Municipal de Pasadena. El vicealcalde Wilson no busca la reelecci\u00f3n.<\/p>\n\n\n\n<p>Los residentes locales que tengan la intenci\u00f3n de postularse para un cargo pueden retirar los documentos el 14 de febrero.<\/p>\n\n\n\n<p>Seg\u00fan el sitio web de la ciudad, el Distrito 7 alberga muchas de las instituciones ic\u00f3nicas de Pasadena, como Pasadena Playhouse, Caltech, Pasadena Community College, Planetary Society, Langham Huntington Hotel y Constance Hotel. El Distrito 7 est\u00e1 delimitado por Los Robles, Del Mar, Madison, California, Marengo, Arroyo, la Autopista de Pasadena, Orlando, Homet, Roosevelt y Colorado.<\/p>\n\n\n\n<p>Los esca\u00f1os en los distritos 3, 5 y 7 aumentaron en las elecciones de este a\u00f1o. La elecci\u00f3n se llevar\u00e1 a cabo el 7 de junio. Si ning\u00fan candidato recibe m\u00e1s del 50 por ciento de los votos, los dos primeros se enfrentar\u00e1n en una segunda vuelta electoral el 8 de noviembre.<\/p>\n","protected":false},"excerpt":{"rendered":"<p>El candidato del Distrito 7, Jason Lyon, anunci\u00f3 el respaldo clave de su campa\u00f1a para el Concejo Municipal de Pasadena el martes. Los respaldos provienen de una amplia coalici\u00f3n de l\u00edderes locales: el excanciller de los colegios comunitarios de California y senador estatal Jack Scott; el asesor del condado de Los \u00c1ngeles, Jeff Prang; Sandra Chen Lau y Tammy Silver, s\u00edndicos de Pasadena City College; el presidente de la Comisi\u00f3n de Planificaci\u00f3n de Pasadena, Steven Olivas, y los miembros de [&hellip;]<\/p>\n","protected":false},"author":4,"featured_media":0,"comment_status":"open","ping_status":"closed","sticky":false,"template":"","format":"standard","meta":[],"categories":[4],"tags":[],"acf":[],"_links":{"self":[{"href":"http:\/\/www.pasadenahoy.com\/primero\/wp-json\/wp\/v2\/posts\/14036"}],"collection":[{"href":"http:\/\/www.pasadenahoy.com\/primero\/wp-json\/wp\/v2\/posts"}],"about":[{"href":"http:\/\/www.pasadenahoy.com\/primero\/wp-json\/wp\/v2\/types\/post"}],"author":[{"embeddable":true,"href":"http:\/\/www.pasadenahoy.com\/primero\/wp-json\/wp\/v2\/users\/4"}],"replies":[{"embeddable":true,"href":"http:\/\/www.pasadenahoy.com\/primero\/wp-json\/wp\/v2\/comments?post=14036"}],"version-history":[{"count":2,"href":"http:\/\/www.pasadenahoy.com\/primero\/wp-json\/wp\/v2\/posts\/14036\/revisions"}],"predecessor-version":[{"id":14039,"href":"http:\/\/www.pasadenahoy.com\/primero\/wp-json\/wp\/v2\/posts\/14036\/revisions\/14039"}],"wp:attachment":[{"href":"http:\/\/www.pasadenahoy.com\/primero\/wp-json\/wp\/v2\/media?parent=14036"}],"wp:term":[{"taxonomy":"category","embeddable":true,"href":"http:\/\/www.pasadenahoy.com\/primero\/wp-json\/wp\/v2\/categories?post=14036"},{"taxonomy":"post_tag","embeddable":true,"href":"http:\/\/www.pasadenahoy.com\/primero\/wp-json\/wp\/v2\/tags?post=14036"}],"curies":[{"name":"wp","href":"https:\/\/api.w.org\/{rel}","templated":true}]}}