{"id":14052,"date":"2022-01-27T15:07:47","date_gmt":"2022-01-27T15:07:47","guid":{"rendered":"http:\/\/www.pasadenahoy.com\/primero\/?p=14052"},"modified":"2022-01-27T15:16:17","modified_gmt":"2022-01-27T15:16:17","slug":"el-director-de-las-bibliotecas-publicas-de-pasadena-dejara-la-ciudad","status":"publish","type":"post","link":"http:\/\/www.pasadenahoy.com\/primero\/el-gobierno-local\/el-director-de-las-bibliotecas-publicas-de-pasadena-dejara-la-ciudad\/","title":{"rendered":"El director de las bibliotecas p\u00fablicas de Pasadena dejar\u00e1 la ciudad"},"content":{"rendered":"\n<div class=\"wp-block-image alignright\"><figure class=\"alignright size-large\"><img loading=\"lazy\" width=\"360\" height=\"371\" src=\"http:\/\/www.pasadenahoy.com\/primero\/wp-content\/uploads\/2022\/01\/pic1-2.png\" alt=\"\" class=\"wp-image-14054\" srcset=\"http:\/\/www.pasadenahoy.com\/primero\/wp-content\/uploads\/2022\/01\/pic1-2.png 360w, http:\/\/www.pasadenahoy.com\/primero\/wp-content\/uploads\/2022\/01\/pic1-2-291x300.png 291w, http:\/\/www.pasadenahoy.com\/primero\/wp-content\/uploads\/2022\/01\/pic1-2-126x130.png 126w, http:\/\/www.pasadenahoy.com\/primero\/wp-content\/uploads\/2022\/01\/pic1-2-175x180.png 175w\" sizes=\"100vw\" \/><\/figure><\/div>\n\n\n\n<p>Michelle Perera, directora de bibliotecas e informaci\u00f3n, renunci\u00f3 a partir del 16 de febrero, seg\u00fan una carta de la administradora de la ciudad, Cyntha Kurtz, enviada a los concejales de la ciudad el martes.<\/p>\n\n\n\n<p>Perera ha tomado una posici\u00f3n con la ciudad de Sunnyvale.<\/p>\n\n\n\n<p>\u201cMichelle fue una l\u00edder fuerte a trav\u00e9s de todas estas pruebas y ha ayudado a construir una base s\u00f3lida para el futuro, lo que conducir\u00e1 a un compromiso renovado con los servicios bibliotecarios, as\u00ed como a la reconstrucci\u00f3n de la Biblioteca Central para servir a Pasadena durante el pr\u00f3ximo siglo\u201d, escribi\u00f3 Kurtz. \u201cLe agradecemos por esto, la extra\u00f1aremos y le deseamos lo mejor en su nueva designaci\u00f3n\u201d.<\/p>\n\n\n\n<p>Perera es el \u00faltimo empleado de alto nivel en dejar la ciudad en los \u00faltimos meses. Durante ese tiempo, el administrador de la ciudad, Steve Mermell. El jefe de polic\u00eda John P\u00e9rez y al menos otros 11 empleados de alto nivel, incluida la subdirectora de la ciudad, Julie Guti\u00e9rrez, y el director de desarrollo econ\u00f3mico, Eric Duyshart, abandonaron la ciudad.<\/p>\n\n\n\n<p>Kurtz ha rotado a los empleados a los puestos de jefe de departamento, lo que permite que los empleados con m\u00e1s antig\u00fcedad adquieran experiencia al frente del departamento durante un per\u00edodo breve.<\/p>\n\n\n\n<p>Hasta el momento no se ha nombrado ning\u00fan reemplazo para Perera.<\/p>\n\n\n\n<p>Perera comenz\u00f3 a trabajar como Director de la Biblioteca P\u00fablica de Pasadena en diciembre de 2016. Desde que lleg\u00f3 a la Ciudad, ha supervisado el desarrollo continuo de la programaci\u00f3n en la Biblioteca Central y las sucursales.<\/p>\n\n\n\n<p>El 3 de mayo, los funcionarios de la ciudad se vieron obligados a cerrar la Biblioteca Central para realizar una remodelaci\u00f3n y restauraci\u00f3n s\u00edsmica requerida para cumplir con los requisitos de seguridad de la vida. Una evaluaci\u00f3n estructural revel\u00f3 que la mayor parte del edificio consiste en mamposter\u00eda no reforzada. En un informe sobre las reparaciones a la Biblioteca Central de Pasadena, se le dijo al Ayuntamiento que el trabajo s\u00edsmico en la Biblioteca Central tardar\u00e1 varios a\u00f1os en completarse.<\/p>\n\n\n\n<p>\u201cLos \u00faltimos a\u00f1os no han sido f\u00e1ciles para ninguno de los directores de departamento, pero la biblioteca se vio especialmente afectada por el COVID porque tuvo que cerrar la mayor\u00eda de las operaciones p\u00fablicas, ya que los residentes han llegado a depender de ellas. Luego, justo cuando las bibliotecas comenzaban a reabrir, recibimos el impactante anuncio de que la Biblioteca Central necesitaba una reparaci\u00f3n s\u00edsmica importante y ten\u00eda que cerrarse\u201d.<\/p>\n","protected":false},"excerpt":{"rendered":"<p>Michelle Perera, directora de bibliotecas e informaci\u00f3n, renunci\u00f3 a partir del 16 de febrero, seg\u00fan una carta de la administradora de la ciudad, Cyntha Kurtz, enviada a los concejales de la ciudad el martes. Perera ha tomado una posici\u00f3n con la ciudad de Sunnyvale. \u201cMichelle fue una l\u00edder fuerte a trav\u00e9s de todas estas pruebas y ha ayudado a construir una base s\u00f3lida para el futuro, lo que conducir\u00e1 a un compromiso renovado con los servicios bibliotecarios, as\u00ed como a [&hellip;]<\/p>\n","protected":false},"author":4,"featured_media":14053,"comment_status":"open","ping_status":"closed","sticky":false,"template":"","format":"standard","meta":[],"categories":[6],"tags":[],"acf":[],"_links":{"self":[{"href":"http:\/\/www.pasadenahoy.com\/primero\/wp-json\/wp\/v2\/posts\/14052"}],"collection":[{"href":"http:\/\/www.pasadenahoy.com\/primero\/wp-json\/wp\/v2\/posts"}],"about":[{"href":"http:\/\/www.pasadenahoy.com\/primero\/wp-json\/wp\/v2\/types\/post"}],"author":[{"embeddable":true,"href":"http:\/\/www.pasadenahoy.com\/primero\/wp-json\/wp\/v2\/users\/4"}],"replies":[{"embeddable":true,"href":"http:\/\/www.pasadenahoy.com\/primero\/wp-json\/wp\/v2\/comments?post=14052"}],"version-history":[{"count":3,"href":"http:\/\/www.pasadenahoy.com\/primero\/wp-json\/wp\/v2\/posts\/14052\/revisions"}],"predecessor-version":[{"id":14066,"href":"http:\/\/www.pasadenahoy.com\/primero\/wp-json\/wp\/v2\/posts\/14052\/revisions\/14066"}],"wp:featuredmedia":[{"embeddable":true,"href":"http:\/\/www.pasadenahoy.com\/primero\/wp-json\/wp\/v2\/media\/14053"}],"wp:attachment":[{"href":"http:\/\/www.pasadenahoy.com\/primero\/wp-json\/wp\/v2\/media?parent=14052"}],"wp:term":[{"taxonomy":"category","embeddable":true,"href":"http:\/\/www.pasadenahoy.com\/primero\/wp-json\/wp\/v2\/categories?post=14052"},{"taxonomy":"post_tag","embeddable":true,"href":"http:\/\/www.pasadenahoy.com\/primero\/wp-json\/wp\/v2\/tags?post=14052"}],"curies":[{"name":"wp","href":"https:\/\/api.w.org\/{rel}","templated":true}]}}