{"id":14057,"date":"2022-01-27T15:11:20","date_gmt":"2022-01-27T15:11:20","guid":{"rendered":"http:\/\/www.pasadenahoy.com\/primero\/?p=14057"},"modified":"2022-01-27T15:11:37","modified_gmt":"2022-01-27T15:11:37","slug":"funcionario-de-agua-y-energia-de-pasadena-explica-la-necesidad-de-aumentos-de-tarifas-a-pesar-de-la-reduccion-del-uso-de-agua","status":"publish","type":"post","link":"http:\/\/www.pasadenahoy.com\/primero\/la-comunidad\/funcionario-de-agua-y-energia-de-pasadena-explica-la-necesidad-de-aumentos-de-tarifas-a-pesar-de-la-reduccion-del-uso-de-agua\/","title":{"rendered":"Funcionario de agua y energ\u00eda de Pasadena explica la necesidad de aumentos de tarifas a pesar de la reducci\u00f3n del uso de agua"},"content":{"rendered":"\n<figure class=\"wp-block-image alignnone size-large\"><figure class=\"alignnone\"><img loading=\"lazy\" width=\"741\" height=\"400\" src=\"http:\/\/www.pasadenahoy.com\/primero\/wp-content\/uploads\/2022\/01\/pic2-1.png\" alt=\"\" class=\"wp-image-14058\" srcset=\"http:\/\/www.pasadenahoy.com\/primero\/wp-content\/uploads\/2022\/01\/pic2-1.png 741w, http:\/\/www.pasadenahoy.com\/primero\/wp-content\/uploads\/2022\/01\/pic2-1-300x162.png 300w, http:\/\/www.pasadenahoy.com\/primero\/wp-content\/uploads\/2022\/01\/pic2-1-241x130.png 241w, http:\/\/www.pasadenahoy.com\/primero\/wp-content\/uploads\/2022\/01\/pic2-1-333x180.png 333w, http:\/\/www.pasadenahoy.com\/primero\/wp-content\/uploads\/2022\/01\/pic2-1-700x378.png 700w, http:\/\/www.pasadenahoy.com\/primero\/wp-content\/uploads\/2022\/01\/pic2-1-360x194.png 360w, http:\/\/www.pasadenahoy.com\/primero\/wp-content\/uploads\/2022\/01\/pic2-1-720x389.png 720w\" sizes=\"100vw\" \/><\/figure><\/figure>\n\n\n\n<p>El gerente general interino de Pasadena Water and Power, Jeffrey Kightlinger, enfatiz\u00f3 el martes la necesidad de aumentar las tarifas de agua en la ciudad a pesar de la reducci\u00f3n del uso de agua por parte de los residentes locales y las empresas que cumplen con los esfuerzos de conservaci\u00f3n a la luz de las condiciones actuales de sequ\u00eda en California.<\/p>\n\n\n\n<p>PWP recomienda un aumento en las tarifas de agua en un promedio de 7.1 % el 1 de abril de 2022. Un segundo aumento de 7.2 % entrar\u00eda en vigencia el 1 de enero de 2023.<\/p>\n\n\n\n<p>Los ajustes de las tarifas del agua ayudar\u00edan a pagar los crecientes costos de compra y tratamiento del agua, y proporcionar\u00edan fondos para mejoras cr\u00edticas en los embalses, las instalaciones de tratamiento y otras infraestructuras de agua.<\/p>\n\n\n\n<p>\u201cGran parte de esto es, por supuesto, infraestructura obsoleta. Tienes un sistema de agua que se construy\u00f3 en Pasadena hace 80 a\u00f1os, a veces m\u00e1s, y que tiene que ser reemplazado con el tiempo. Eso es costoso y es realmente el principal impulsor del costo\u201d.<\/p>\n\n\n\n<p>&#8220;Es algo que comprensiblemente preocupa al p\u00fablico, &#8216;\u00bfpor qu\u00e9 pagamos m\u00e1s y usamos menos?&#8217;. Es el legado de arreglar el sistema a medida que envejece&#8221;, dijo Kightlinger durante la discusi\u00f3n del Comit\u00e9 de Servicios Municipales sobre el suministro de agua de Pasadena y el agua proyectada. usar.<\/p>\n\n\n\n<p>Hizo la declaraci\u00f3n despu\u00e9s de que la concejal Felicia Williams preguntara por qu\u00e9 el p\u00fablico obtendr\u00e1 aumentos en su factura a pesar de reducir el uso.<\/p>\n\n\n\n<p>En agosto pasado, la Ciudad de Pasadena adopt\u00f3 un plan de escasez de agua de Nivel 2, que requiere restricciones de agua obligatorias adicionales para los residentes y las empresas para ayudar a abordar la grave situaci\u00f3n de sequ\u00eda en California. El plan proh\u00edbe regar en exceso, lavar con manguera el pavimento y regar durante y dentro de las 48 horas posteriores a la lluvia.<\/p>\n\n\n\n<p>Actualmente, alrededor de un tercio del suministro de agua de Pasadena proviene del suministro de agua subterr\u00e1nea local, mientras que dos tercios se importan del Distrito Metropolitano de Agua (MWD). El MWD ya concluy\u00f3 que, a pesar de las condiciones de sequ\u00eda, tiene suministro suficiente para satisfacer las demandas proyectadas de 2020 a 2040.<\/p>\n\n\n\n<p>Kightlinger inform\u00f3 al Comit\u00e9 de Servicios Municipales que una de las preocupaciones en Pasadena es la ca\u00edda del suministro de agua subterr\u00e1nea local y que esto debe abordarse en el futuro.<\/p>\n\n\n\n<p>\u201cEse va a ser el desaf\u00edo. El personal de Pasadena Water Power est\u00e1 buscando formas de recargar m\u00e1s la lluvia local y lo que obtenemos de Arroyo Seco\u201d, dijo Kightlinger. \u201cEstas son cosas que deben abordarse en los pr\u00f3ximos cinco a\u00f1os\u201d.<\/p>\n\n\n\n<p>En octubre pasado, para abordar a\u00fan m\u00e1s el impacto de la sequ\u00eda y los problemas de suministro de agua, el Concejo Municipal adopt\u00f3 el Plan de Recursos y Sistema de Agua, que es una gu\u00eda de planificaci\u00f3n de capital y recursos de agua de 25 a\u00f1os que abordar\u00eda la infraestructura obsoleta y las oportunidades para nuevos suministros de agua.<\/p>\n","protected":false},"excerpt":{"rendered":"<p>El gerente general interino de Pasadena Water and Power, Jeffrey Kightlinger, enfatiz\u00f3 el martes la necesidad de aumentar las tarifas de agua en la ciudad a pesar de la reducci\u00f3n del uso de agua por parte de los residentes locales y las empresas que cumplen con los esfuerzos de conservaci\u00f3n a la luz de las condiciones actuales de sequ\u00eda en California. PWP recomienda un aumento en las tarifas de agua en un promedio de 7.1 % el 1 de abril [&hellip;]<\/p>\n","protected":false},"author":4,"featured_media":14058,"comment_status":"open","ping_status":"closed","sticky":false,"template":"","format":"standard","meta":[],"categories":[4],"tags":[],"acf":[],"_links":{"self":[{"href":"http:\/\/www.pasadenahoy.com\/primero\/wp-json\/wp\/v2\/posts\/14057"}],"collection":[{"href":"http:\/\/www.pasadenahoy.com\/primero\/wp-json\/wp\/v2\/posts"}],"about":[{"href":"http:\/\/www.pasadenahoy.com\/primero\/wp-json\/wp\/v2\/types\/post"}],"author":[{"embeddable":true,"href":"http:\/\/www.pasadenahoy.com\/primero\/wp-json\/wp\/v2\/users\/4"}],"replies":[{"embeddable":true,"href":"http:\/\/www.pasadenahoy.com\/primero\/wp-json\/wp\/v2\/comments?post=14057"}],"version-history":[{"count":3,"href":"http:\/\/www.pasadenahoy.com\/primero\/wp-json\/wp\/v2\/posts\/14057\/revisions"}],"predecessor-version":[{"id":14061,"href":"http:\/\/www.pasadenahoy.com\/primero\/wp-json\/wp\/v2\/posts\/14057\/revisions\/14061"}],"wp:featuredmedia":[{"embeddable":true,"href":"http:\/\/www.pasadenahoy.com\/primero\/wp-json\/wp\/v2\/media\/14058"}],"wp:attachment":[{"href":"http:\/\/www.pasadenahoy.com\/primero\/wp-json\/wp\/v2\/media?parent=14057"}],"wp:term":[{"taxonomy":"category","embeddable":true,"href":"http:\/\/www.pasadenahoy.com\/primero\/wp-json\/wp\/v2\/categories?post=14057"},{"taxonomy":"post_tag","embeddable":true,"href":"http:\/\/www.pasadenahoy.com\/primero\/wp-json\/wp\/v2\/tags?post=14057"}],"curies":[{"name":"wp","href":"https:\/\/api.w.org\/{rel}","templated":true}]}}