{"id":14062,"date":"2022-01-27T15:15:07","date_gmt":"2022-01-27T15:15:07","guid":{"rendered":"http:\/\/www.pasadenahoy.com\/primero\/?p=14062"},"modified":"2022-01-27T15:31:03","modified_gmt":"2022-01-27T15:31:03","slug":"pasadena-poly-grad-es-un-posible-candidato-a-la-corte-suprema","status":"publish","type":"post","link":"http:\/\/www.pasadenahoy.com\/primero\/la-comunidad\/pasadena-poly-grad-es-un-posible-candidato-a-la-corte-suprema\/","title":{"rendered":"Pasadena Poly Grad es un posible candidato a la Corte Suprema"},"content":{"rendered":"\n<figure class=\"wp-block-image alignnone size-large\"><figure class=\"alignnone\"><img loading=\"lazy\" width=\"700\" height=\"378\" src=\"http:\/\/www.pasadenahoy.com\/primero\/wp-content\/uploads\/2022\/01\/pic-3-11.jpg\" alt=\"\" class=\"wp-image-14063\" srcset=\"http:\/\/www.pasadenahoy.com\/primero\/wp-content\/uploads\/2022\/01\/pic-3-11.jpg 700w, http:\/\/www.pasadenahoy.com\/primero\/wp-content\/uploads\/2022\/01\/pic-3-11-300x162.jpg 300w, http:\/\/www.pasadenahoy.com\/primero\/wp-content\/uploads\/2022\/01\/pic-3-11-241x130.jpg 241w, http:\/\/www.pasadenahoy.com\/primero\/wp-content\/uploads\/2022\/01\/pic-3-11-333x180.jpg 333w, http:\/\/www.pasadenahoy.com\/primero\/wp-content\/uploads\/2022\/01\/pic-3-11-360x194.jpg 360w\" sizes=\"100vw\" \/><\/figure><\/figure>\n\n\n\n<p>Un graduado de la Escuela Polit\u00e9cnica de Pasadena se encuentra entre los tres jueces que, seg\u00fan los observadores, podr\u00edan ser el candidato a la corte suprema del presidente Joe Biden para reemplazar al juez Stephen Breyer, quien planea jubilarse.<\/p>\n\n\n\n<p>La jueza Leondra R. Kruger actualmente forma parte de la Corte Suprema de California.<\/p>\n\n\n\n<p>Kruger se gradu\u00f3 de Poly en 1993. En 2020 recibi\u00f3 el premio Alumna Distinguida del A\u00f1o 2020, pero no pudo visitar el campus debido a la pandemia.<\/p>\n\n\n\n<p>Se desempe\u00f1\u00f3 en el Departamento de Justicia de los Estados Unidos como fiscal general adjunta adjunta para el consentimiento legal del oficial.<\/p>\n\n\n\n<p>De 2007 a 2013, se desempe\u00f1\u00f3 en el Departamento como Asistente del Procurador General y como Procurador General Adjunto Interino. Durante su mandato en la Oficina del Procurador General, argument\u00f3 12 casos en la Corte Suprema de los Estados Unidos en nombre del gobierno federal. En 2013 y 2014, recibi\u00f3 el Premio del Fiscal General por Servicio Excepcional, el premio m\u00e1s alto del Departamento por el desempe\u00f1o de los empleados.<\/p>\n\n\n\n<p>A los 45 a\u00f1os, Kruger no solo ser\u00eda la primera mujer negra en la corte, sino tambi\u00e9n la jueza m\u00e1s joven y la jueza m\u00e1s joven confirmada desde que Clarence Thomas se uni\u00f3 a la corte a los 43 a\u00f1os en 1991.<\/p>\n\n\n\n<p>Kruger tambi\u00e9n aportar\u00eda una experiencia sustancial a la corte superior, con 12 argumentos de la Corte Suprema en su haber, as\u00ed como un registro de siete a\u00f1os en la Corte Suprema de California que se asemeja al registro del juez que ella reemplazar\u00eda.<\/p>\n\n\n\n<p>Seg\u00fan varios informes, las primeras discusiones tambi\u00e9n incluyen al juez de circuito de EE. UU. Ketanji Brown Jackson y al juez de distrito de EE. UU. J. Michelle Childs.<\/p>\n\n\n\n<p>Biden nombrar\u00e1 a un candidato para reemplazar al juez Breyer, quien el mi\u00e9rcoles anunci\u00f3 sus planes de retirarse.<\/p>\n\n\n\n<p>Durante la campa\u00f1a, Biden se comprometi\u00f3 a nominar a la primera mujer negra al tribunal superior. Kruger es negro.<\/p>\n\n\n\n<p>\u201cEspero asegurarme de que haya una mujer negra en la Corte Suprema, para asegurarnos de que, de hecho, obtengamos todas las representaciones\u201d, dijo d\u00edas antes de las primarias de Carolina del Sur.<\/p>\n\n\n\n<p>La primaria le dio a Biden una victoria dominante que revivi\u00f3 su campa\u00f1a.<\/p>\n\n\n\n<p>Desde que asumi\u00f3 el cargo, Biden ha nominado a un grupo diverso de jueces para el tribunal, incluidas cinco mujeres negras.<\/p>\n\n\n\n<p>Breyer es un dem\u00f3crata de centro. Nueve jueces sirven en la corte, que actualmente tiene una mayor\u00eda conservadora de 6-3.<\/p>\n\n\n\n<p>En su \u00fanico mandato, el presidente republicano Donald Trump nombr\u00f3 a tres jueces.<\/p>\n\n\n\n<p>Las mujeres negras votaron abrumadoramente a favor de la candidatura Biden-Harris y se les ha atribuido el m\u00e9rito de poner la candidatura por encima de todo.<\/p>\n\n\n\n<p>Las encuestas a boca de urna a nivel nacional muestran que m\u00e1s del 90 % de las mujeres negras votaron por la f\u00f3rmula Biden-Harris.<\/p>\n","protected":false},"excerpt":{"rendered":"<p>Un graduado de la Escuela Polit\u00e9cnica de Pasadena se encuentra entre los tres jueces que, seg\u00fan los observadores, podr\u00edan ser el candidato a la corte suprema del presidente Joe Biden para reemplazar al juez Stephen Breyer, quien planea jubilarse. La jueza Leondra R. Kruger actualmente forma parte de la Corte Suprema de California. Kruger se gradu\u00f3 de Poly en 1993. En 2020 recibi\u00f3 el premio Alumna Distinguida del A\u00f1o 2020, pero no pudo visitar el campus debido a la pandemia. [&hellip;]<\/p>\n","protected":false},"author":4,"featured_media":14063,"comment_status":"open","ping_status":"closed","sticky":false,"template":"","format":"standard","meta":[],"categories":[4],"tags":[],"acf":[],"_links":{"self":[{"href":"http:\/\/www.pasadenahoy.com\/primero\/wp-json\/wp\/v2\/posts\/14062"}],"collection":[{"href":"http:\/\/www.pasadenahoy.com\/primero\/wp-json\/wp\/v2\/posts"}],"about":[{"href":"http:\/\/www.pasadenahoy.com\/primero\/wp-json\/wp\/v2\/types\/post"}],"author":[{"embeddable":true,"href":"http:\/\/www.pasadenahoy.com\/primero\/wp-json\/wp\/v2\/users\/4"}],"replies":[{"embeddable":true,"href":"http:\/\/www.pasadenahoy.com\/primero\/wp-json\/wp\/v2\/comments?post=14062"}],"version-history":[{"count":2,"href":"http:\/\/www.pasadenahoy.com\/primero\/wp-json\/wp\/v2\/posts\/14062\/revisions"}],"predecessor-version":[{"id":14065,"href":"http:\/\/www.pasadenahoy.com\/primero\/wp-json\/wp\/v2\/posts\/14062\/revisions\/14065"}],"wp:featuredmedia":[{"embeddable":true,"href":"http:\/\/www.pasadenahoy.com\/primero\/wp-json\/wp\/v2\/media\/14063"}],"wp:attachment":[{"href":"http:\/\/www.pasadenahoy.com\/primero\/wp-json\/wp\/v2\/media?parent=14062"}],"wp:term":[{"taxonomy":"category","embeddable":true,"href":"http:\/\/www.pasadenahoy.com\/primero\/wp-json\/wp\/v2\/categories?post=14062"},{"taxonomy":"post_tag","embeddable":true,"href":"http:\/\/www.pasadenahoy.com\/primero\/wp-json\/wp\/v2\/tags?post=14062"}],"curies":[{"name":"wp","href":"https:\/\/api.w.org\/{rel}","templated":true}]}}