{"id":14071,"date":"2022-01-27T15:23:19","date_gmt":"2022-01-27T15:23:19","guid":{"rendered":"http:\/\/www.pasadenahoy.com\/primero\/?p=14071"},"modified":"2022-01-27T15:23:20","modified_gmt":"2022-01-27T15:23:20","slug":"proyecto-de-apartamentos-de-central-park-dirigido-a-la-comision-de-diseno","status":"publish","type":"post","link":"http:\/\/www.pasadenahoy.com\/primero\/la-comunidad\/proyecto-de-apartamentos-de-central-park-dirigido-a-la-comision-de-diseno\/","title":{"rendered":"Proyecto de apartamentos de Central Park dirigido a la Comisi\u00f3n de Dise\u00f1o"},"content":{"rendered":"\n<figure class=\"wp-block-image alignnone size-large\"><figure class=\"alignnone\"><img loading=\"lazy\" width=\"700\" height=\"378\" src=\"http:\/\/www.pasadenahoy.com\/primero\/wp-content\/uploads\/2022\/01\/pic-5-15.jpg\" alt=\"\" class=\"wp-image-14072\" srcset=\"http:\/\/www.pasadenahoy.com\/primero\/wp-content\/uploads\/2022\/01\/pic-5-15.jpg 700w, http:\/\/www.pasadenahoy.com\/primero\/wp-content\/uploads\/2022\/01\/pic-5-15-300x162.jpg 300w, http:\/\/www.pasadenahoy.com\/primero\/wp-content\/uploads\/2022\/01\/pic-5-15-241x130.jpg 241w, http:\/\/www.pasadenahoy.com\/primero\/wp-content\/uploads\/2022\/01\/pic-5-15-333x180.jpg 333w, http:\/\/www.pasadenahoy.com\/primero\/wp-content\/uploads\/2022\/01\/pic-5-15-360x194.jpg 360w\" sizes=\"100vw\" \/><\/figure><\/figure>\n\n\n\n<p>Un proyecto de vivienda propuesto que podr\u00eda construirse cerca del hist\u00f3rico Castle Green y Green Hotel Apartments ir\u00e1 a la Comisi\u00f3n de Dise\u00f1o, decidi\u00f3 el Ayuntamiento el lunes.<\/p>\n\n\n\n<p>La Comisi\u00f3n de Dise\u00f1o llevar\u00e1 a cabo una revisi\u00f3n consultiva de la Evaluaci\u00f3n Ambiental de Comunidades Sostenibles. Despu\u00e9s de eso, el Ayuntamiento tomar\u00e1 medidas formales sobre el documento. Si se aprueba, la Comisi\u00f3n de Dise\u00f1o revisar\u00e1 el proyecto propuesto en una fecha posterior, similar a nuestro proceso de concesi\u00f3n de derechos existente.<\/p>\n\n\n\n<p>El desarrollador con sede en Culver City, Goldrich Kest, quiere construir un proyecto de uso mixto que incluya 84 unidades, 16 de ellas asequibles, en la esquina de South Fair Oaks Avenue y East Dayton Street, directamente al otro lado de la calle de Central Park y justo al lado de tanto el hist\u00f3rico Castle Green como el Green Hotel Apartments.<\/p>\n\n\n\n<p>Los residentes locales enviaron correspondencia al Ayuntamiento en apoyo del proyecto el lunes.<\/p>\n\n\n\n<p>\u201cLos Apartamentos Central Park traer\u00e1n 84 unidades de vivienda a Pasadena, el 20% de las cuales ser\u00e1n asequibles como la ciudad quiere. La vivienda est\u00e1 cerca de Old Pasadena, el transporte p\u00fablico y Central Park, lo que la convierte en una ubicaci\u00f3n ideal en Pasadena\u201d.<\/p>\n\n\n\n<p>Pasadena Heritage y varios residentes locales se opusieron a una versi\u00f3n anterior del proyecto que dijeron que el proyecto no era compatible con los edificios hist\u00f3ricos y los alrededores. Los desarrolladores volvieron al punto de partida y reelaboraron el proyecto.<\/p>\n\n\n\n<p>Los comisionados de la ciudad y los residentes locales expresaron su preocupaci\u00f3n por la altura y la orientaci\u00f3n de los planos originales para un edificio de uso mixto de seis pisos con 64 unidades residenciales y 5000 pies cuadrados de espacio comercial en un estacionamiento de superficie existente.<\/p>\n\n\n\n<p>Los problemas incluyeron espacios abiertos, eliminaci\u00f3n de \u00e1rboles protegidos y congesti\u00f3n del tr\u00e1fico.<\/p>\n\n\n\n<p>En correspondencia con el Concejo Municipal, Pasadena Heritage dijo que hab\u00eda revisado la (SCEA). El grupo dijo que los desarrolladores hab\u00edan respondido positivamente, pero la organizaci\u00f3n segu\u00eda teniendo algunas preocupaciones con respecto a los recursos culturales, el ruido y el tr\u00e1fico.<\/p>\n\n\n\n<p>\u201cUn elemento del dise\u00f1o que es absolutamente cr\u00edtico es el patio\u201d, escribi\u00f3 Pasadena Heritage en una carta firmada por Sue Mossman, directora ejecutiva y Andrew Saliman, director de preservaci\u00f3n. \u201cEste espacio abierto en el medio del sitio es un cambio profundo con respecto a las propuestas anteriores y proporciona un \u00e1rea abierta para todos los residentes al mismo tiempo que crea un amortiguador visual entre el nuevo edificio y sus dos vecinos hist\u00f3ricos\u201d.<\/p>\n\n\n\n<p>El proyecto, ubicado a media milla de las estaciones Metro Goldline de Del Mar y Memorial Park, est\u00e1 dise\u00f1ado para conectarse con otro transporte p\u00fablico cercano con Central Park y Old Pasadena.<\/p>\n\n\n\n<p>El proyecto transforma un estacionamiento de superficie cercado en un desarrollo de uso mixto orientado al tr\u00e1nsito con negocios minoristas a pie de calle.<\/p>\n","protected":false},"excerpt":{"rendered":"<p>Un proyecto de vivienda propuesto que podr\u00eda construirse cerca del hist\u00f3rico Castle Green y Green Hotel Apartments ir\u00e1 a la Comisi\u00f3n de Dise\u00f1o, decidi\u00f3 el Ayuntamiento el lunes. La Comisi\u00f3n de Dise\u00f1o llevar\u00e1 a cabo una revisi\u00f3n consultiva de la Evaluaci\u00f3n Ambiental de Comunidades Sostenibles. Despu\u00e9s de eso, el Ayuntamiento tomar\u00e1 medidas formales sobre el documento. Si se aprueba, la Comisi\u00f3n de Dise\u00f1o revisar\u00e1 el proyecto propuesto en una fecha posterior, similar a nuestro proceso de concesi\u00f3n de derechos existente. [&hellip;]<\/p>\n","protected":false},"author":4,"featured_media":0,"comment_status":"open","ping_status":"closed","sticky":false,"template":"","format":"standard","meta":[],"categories":[4],"tags":[],"acf":[],"_links":{"self":[{"href":"http:\/\/www.pasadenahoy.com\/primero\/wp-json\/wp\/v2\/posts\/14071"}],"collection":[{"href":"http:\/\/www.pasadenahoy.com\/primero\/wp-json\/wp\/v2\/posts"}],"about":[{"href":"http:\/\/www.pasadenahoy.com\/primero\/wp-json\/wp\/v2\/types\/post"}],"author":[{"embeddable":true,"href":"http:\/\/www.pasadenahoy.com\/primero\/wp-json\/wp\/v2\/users\/4"}],"replies":[{"embeddable":true,"href":"http:\/\/www.pasadenahoy.com\/primero\/wp-json\/wp\/v2\/comments?post=14071"}],"version-history":[{"count":2,"href":"http:\/\/www.pasadenahoy.com\/primero\/wp-json\/wp\/v2\/posts\/14071\/revisions"}],"predecessor-version":[{"id":14074,"href":"http:\/\/www.pasadenahoy.com\/primero\/wp-json\/wp\/v2\/posts\/14071\/revisions\/14074"}],"wp:attachment":[{"href":"http:\/\/www.pasadenahoy.com\/primero\/wp-json\/wp\/v2\/media?parent=14071"}],"wp:term":[{"taxonomy":"category","embeddable":true,"href":"http:\/\/www.pasadenahoy.com\/primero\/wp-json\/wp\/v2\/categories?post=14071"},{"taxonomy":"post_tag","embeddable":true,"href":"http:\/\/www.pasadenahoy.com\/primero\/wp-json\/wp\/v2\/tags?post=14071"}],"curies":[{"name":"wp","href":"https:\/\/api.w.org\/{rel}","templated":true}]}}