{"id":14075,"date":"2022-01-27T15:26:53","date_gmt":"2022-01-27T15:26:53","guid":{"rendered":"http:\/\/www.pasadenahoy.com\/primero\/?p=14075"},"modified":"2022-01-27T15:26:55","modified_gmt":"2022-01-27T15:26:55","slug":"audiencia-preliminar-programada-en-caso-de-apunalamiento-de-cvs","status":"publish","type":"post","link":"http:\/\/www.pasadenahoy.com\/primero\/la-comunidad\/audiencia-preliminar-programada-en-caso-de-apunalamiento-de-cvs\/","title":{"rendered":"Audiencia preliminar programada en caso de apu\u00f1alamiento de CVS"},"content":{"rendered":"\n<figure class=\"wp-block-image alignnone size-large\"><figure class=\"alignnone\"><img loading=\"lazy\" width=\"700\" height=\"378\" src=\"http:\/\/www.pasadenahoy.com\/primero\/wp-content\/uploads\/2022\/01\/pic-6-9.jpg\" alt=\"\" class=\"wp-image-14076\" srcset=\"http:\/\/www.pasadenahoy.com\/primero\/wp-content\/uploads\/2022\/01\/pic-6-9.jpg 700w, http:\/\/www.pasadenahoy.com\/primero\/wp-content\/uploads\/2022\/01\/pic-6-9-300x162.jpg 300w, http:\/\/www.pasadenahoy.com\/primero\/wp-content\/uploads\/2022\/01\/pic-6-9-241x130.jpg 241w, http:\/\/www.pasadenahoy.com\/primero\/wp-content\/uploads\/2022\/01\/pic-6-9-333x180.jpg 333w, http:\/\/www.pasadenahoy.com\/primero\/wp-content\/uploads\/2022\/01\/pic-6-9-360x194.jpg 360w\" sizes=\"100vw\" \/><figcaption><span class=\"caption-text\">Estacionamiento de CVS Pharmacy 20 E Orange Grove Blvd en Pasadena Credit Google Maps<\/span><\/figcaption><\/figure><\/figure>\n\n\n\n<p>El martes est\u00e1 programada una audiencia preliminar para un hombre acusado de apu\u00f1alar y matar a otro hombre en el estacionamiento de una farmacia local.<\/p>\n\n\n\n<p>Enrique Real, de Baldwin Park, est\u00e1 acusado de apu\u00f1alar fatalmente a un hombre en un estacionamiento de CVS en Pasadena.<\/p>\n\n\n\n<p>Se enfrenta a un cargo de asesinato y recibe ayuda con una fianza de 2 millones de d\u00f3lares.<\/p>\n\n\n\n<p>Real, de 19 a\u00f1os, de Baldwin Park, fue arrestado poco despu\u00e9s del apu\u00f1alamiento fatal del residente de Altadena, Christopher Flores, de 30 a\u00f1os, de 30 a\u00f1os.<\/p>\n\n\n\n<p>El incidente tuvo lugar alrededor de las 8:15 p. m. del 20 de septiembre de 2020 en Orange Grove Boulevard y Fair Oaks Avenue.<\/p>\n\n\n\n<p>Los socorristas respondieron a las llamadas que informaban sobre el incidente y llevaron a Flores al Hospital Huntington. Los testigos pudieron proporcionar a la polic\u00eda una descripci\u00f3n de Real, quien fue encontrado tratando de salir del \u00e1rea y detenido, seg\u00fan las autoridades.<\/p>\n\n\n\n<p>El teniente de polic\u00eda Jesse Carrillo le dijo a Pasadena Now en junio de 2020 que los dos hombres se conoc\u00edan, pero no proporcionaron informaci\u00f3n sobre el motivo del ataque.<\/p>\n","protected":false},"excerpt":{"rendered":"<p>El martes est\u00e1 programada una audiencia preliminar para un hombre acusado de apu\u00f1alar y matar a otro hombre en el estacionamiento de una farmacia local. Enrique Real, de Baldwin Park, est\u00e1 acusado de apu\u00f1alar fatalmente a un hombre en un estacionamiento de CVS en Pasadena. Se enfrenta a un cargo de asesinato y recibe ayuda con una fianza de 2 millones de d\u00f3lares. Real, de 19 a\u00f1os, de Baldwin Park, fue arrestado poco despu\u00e9s del apu\u00f1alamiento fatal del residente de [&hellip;]<\/p>\n","protected":false},"author":4,"featured_media":0,"comment_status":"open","ping_status":"closed","sticky":false,"template":"","format":"standard","meta":[],"categories":[4],"tags":[],"acf":[],"_links":{"self":[{"href":"http:\/\/www.pasadenahoy.com\/primero\/wp-json\/wp\/v2\/posts\/14075"}],"collection":[{"href":"http:\/\/www.pasadenahoy.com\/primero\/wp-json\/wp\/v2\/posts"}],"about":[{"href":"http:\/\/www.pasadenahoy.com\/primero\/wp-json\/wp\/v2\/types\/post"}],"author":[{"embeddable":true,"href":"http:\/\/www.pasadenahoy.com\/primero\/wp-json\/wp\/v2\/users\/4"}],"replies":[{"embeddable":true,"href":"http:\/\/www.pasadenahoy.com\/primero\/wp-json\/wp\/v2\/comments?post=14075"}],"version-history":[{"count":2,"href":"http:\/\/www.pasadenahoy.com\/primero\/wp-json\/wp\/v2\/posts\/14075\/revisions"}],"predecessor-version":[{"id":14078,"href":"http:\/\/www.pasadenahoy.com\/primero\/wp-json\/wp\/v2\/posts\/14075\/revisions\/14078"}],"wp:attachment":[{"href":"http:\/\/www.pasadenahoy.com\/primero\/wp-json\/wp\/v2\/media?parent=14075"}],"wp:term":[{"taxonomy":"category","embeddable":true,"href":"http:\/\/www.pasadenahoy.com\/primero\/wp-json\/wp\/v2\/categories?post=14075"},{"taxonomy":"post_tag","embeddable":true,"href":"http:\/\/www.pasadenahoy.com\/primero\/wp-json\/wp\/v2\/tags?post=14075"}],"curies":[{"name":"wp","href":"https:\/\/api.w.org\/{rel}","templated":true}]}}