{"id":14096,"date":"2022-01-28T15:16:55","date_gmt":"2022-01-28T15:16:55","guid":{"rendered":"http:\/\/www.pasadenahoy.com\/primero\/?p=14096"},"modified":"2022-01-28T15:16:57","modified_gmt":"2022-01-28T15:16:57","slug":"4-casos-de-subvariante-de-omicron-detectados-en-el-condado-de-los-angeles-pero-aun-no-hay-alarmas","status":"publish","type":"post","link":"http:\/\/www.pasadenahoy.com\/primero\/la-comunidad\/4-casos-de-subvariante-de-omicron-detectados-en-el-condado-de-los-angeles-pero-aun-no-hay-alarmas\/","title":{"rendered":"4 casos de subvariante de Omicron detectados en el condado de Los \u00c1ngeles, pero a\u00fan no hay alarmas"},"content":{"rendered":"\n<figure class=\"wp-block-image alignnone size-large\"><figure class=\"alignnone\"><img loading=\"lazy\" width=\"700\" height=\"378\" src=\"http:\/\/www.pasadenahoy.com\/primero\/wp-content\/uploads\/2022\/01\/pic-2-10.jpg\" alt=\"\" class=\"wp-image-14097\" srcset=\"http:\/\/www.pasadenahoy.com\/primero\/wp-content\/uploads\/2022\/01\/pic-2-10.jpg 700w, http:\/\/www.pasadenahoy.com\/primero\/wp-content\/uploads\/2022\/01\/pic-2-10-300x162.jpg 300w, http:\/\/www.pasadenahoy.com\/primero\/wp-content\/uploads\/2022\/01\/pic-2-10-241x130.jpg 241w, http:\/\/www.pasadenahoy.com\/primero\/wp-content\/uploads\/2022\/01\/pic-2-10-333x180.jpg 333w, http:\/\/www.pasadenahoy.com\/primero\/wp-content\/uploads\/2022\/01\/pic-2-10-360x194.jpg 360w\" sizes=\"100vw\" \/><\/figure><\/figure>\n\n\n\n<p>Si bien el aumento invernal de infecciones de COVID-19 impulsadas por la variante Omicron parece estar disminuyendo, las autoridades est\u00e1n observando el surgimiento de un &#8220;sublinaje&#8221; de Omicron que se ha propagado r\u00e1pidamente en algunos pa\u00edses, y el director de salud del condado de Los \u00c1ngeles dijo el jueves cuatro casos. se han encontrado localmente.<\/p>\n\n\n\n<p>B\u00e1rbara Ferrer dijo a los periodistas en una sesi\u00f3n informativa en l\u00ednea que la variante original de Omicron, conocida t\u00e9cnicamente como BA.1, sigue siendo la variante dominante que circula en el condado de Los \u00c1ngeles y representa m\u00e1s del 98 % de los casos secuenciados a principios de enero. Pero con cuatro casos del &#8220;sublinaje&#8221; Omicron conocido como BA.2 ahora identificados, dijo que los funcionarios estar\u00e1n esperando respuestas de los investigadores sobre si podr\u00eda conducir a otro aumento.<\/p>\n\n\n\n<p>&#8220;Todav\u00eda no sabemos c\u00f3mo BA.2 podr\u00eda ser diferente de otros linajes de Omicron, y los cient\u00edficos trabajar\u00e1n r\u00e1pidamente en las pr\u00f3ximas semanas para aprender m\u00e1s sobre la evasi\u00f3n, la gravedad y la transmisibilidad inmunes&#8221;, dijo Ferrer. \u201cEn lugares que ya han superado su pico de casos de Omicron, parece que BA.2 est\u00e1 provocando un nuevo aumento. En lugares en su pico de la oleada de Omicron que tienen una prevalencia significativa de BA.2, no parece que BA.2 se est\u00e9 comportando de manera dram\u00e1ticamente diferente a otros linajes de Omicron. Y en comparaci\u00f3n con otros linajes de Omicron, BA.2 en realidad no tiene muchas mutaciones \u00fanicas que afectar\u00edan la parte del virus a la que se dirige nuestro sistema inmunitario\u201d.<\/p>\n\n\n\n<p>Ferrer dijo que es demasiado pronto para hacer sonar las alarmas sobre la variante BA.2, ya que a\u00fan quedan muchas preguntas por responder sobre su impacto, pero deber\u00eda servir como un recordatorio para las personas de que podr\u00edan desarrollarse m\u00e1s variantes de COVID-19 mientras el el virus contin\u00faa propag\u00e1ndose. Y eso significa el cumplimiento continuo de las medidas de control de infecciones y las vacunas.<\/p>\n\n\n\n<p>\u201cEs muy posible que haya otra variante de preocupaci\u00f3n en el futuro que pueda propagarse f\u00e1cilmente y contribuir a otro aumento\u201d, dijo Ferrer. \u201cDada la eficacia de las vacunas autorizadas por la FDA contra al menos cuatro cepas diferentes conocidas del virus (tenemos Alpha, Epsilon, Delta y Omicron), las vacunas siguen siendo nuestra mejor herramienta para prevenir el COVID-19. Vacunar a la mayor cantidad de personas lo antes posible puede ayudarnos a mantener las disminuciones que estamos viendo y limitar las oportunidades en el futuro para que surjan nuevas variantes\u201d.<\/p>\n\n\n\n<p>Ferrer se\u00f1al\u00f3 nuevamente que el condado est\u00e1 viendo disminuciones en las tasas de casos y hospitalizaciones, lo que indica que el pico del aumento de casos de Omicron ha pasado.<\/p>\n\n\n\n<p>\u201cSi bien la disminuci\u00f3n de casos y hospitalizaciones nos da motivo de esperanza muy bienvenida, no debemos tomarlos como una se\u00f1al para renunciar a las medidas de protecci\u00f3n de sentido com\u00fan que ayudan a reducir la transmisi\u00f3n de COVID-19 en nuestro condado\u201d, dijo. \u201cEs necesario continuar con estas medidas de seguridad para reducir los casos a un n\u00famero mucho menor, lo que finalmente terminar\u00e1 con la escasez de personal, reducir\u00e1 los brotes en el lugar de trabajo y en la escuela y, lo que es m\u00e1s importante, evitar\u00e1 que los residentes se enfermen gravemente y mueran\u201d.<\/p>\n\n\n\n<p>Ferrer se\u00f1al\u00f3 que las muertes por COVID-19 siguen siendo relativamente altas, con un promedio de 59 por d\u00eda en el condado. El jueves, el condado report\u00f3 85 nuevas muertes relacionadas con el virus, elevando el n\u00famero total de muertes por pandemia a 28,715.<\/p>\n\n\n\n<p>El jueves se informaron otros 26,010 nuevos casos de COVID, lo que le da al condado un total pand\u00e9mico de 2,586,739. La tasa promedio diaria m\u00f3vil de personas que dieron positivo por el virus cay\u00f3 al 12,7%, frente al 20% a principios de este mes.<\/p>\n\n\n\n<p>Seg\u00fan cifras estatales, hab\u00eda 4323 pacientes con COVID-positivo en los hospitales del condado hasta el jueves, frente a los 4534 del mi\u00e9rcoles. El n\u00famero de esos pacientes tratados en cuidados intensivos fue de 746, una ca\u00edda con respecto a los 780 del d\u00eda anterior.<\/p>\n\n\n\n<p>Seg\u00fan el condado, el 81 % de los residentes elegibles del condado de 5 a\u00f1os o m\u00e1s han recibido al menos una dosis de la vacuna y el 72 % est\u00e1n completamente vacunados. Solo el 32% est\u00e1 completamente vacunado con una vacuna de refuerzo. De la poblaci\u00f3n total del condado de 10,3 millones, el 77 % ha recibido una dosis, el 69 % est\u00e1 completamente vacunado y el 31 % est\u00e1 vacunado y reforzado.<\/p>\n\n\n\n<p>La tasa de vacunaci\u00f3n entre los ni\u00f1os de 5 a 11 a\u00f1os sigue siendo baja: solo el 31 % ha recibido al menos una dosis y solo el 21 % est\u00e1 completamente vacunado. Ferrer dijo que la baja tasa de vacunaci\u00f3n entre los ni\u00f1os \u201ccrea una vulnerabilidad significativa para la propagaci\u00f3n\u201d del virus.<\/p>\n\n\n\n<p>De los m\u00e1s de 6,5 millones de residentes completamente vacunados en el condado, 580 942 se infectaron posteriormente con COVID, para una tasa del 8,9 %. Esa es una tasa notablemente m\u00e1s alta que la de diciembre, cuando fue del 2%, un aumento que Ferrer atribuy\u00f3 a la variante Omicron altamente transmisible. Pero el n\u00famero de residentes con todas las vacunas que han sido hospitalizados era de 6.998 a partir de este mes, para una tasa del 0,1 %. El n\u00famero de fallecidos es de 886, para una tasa del 0,01%.<\/p>\n","protected":false},"excerpt":{"rendered":"<p>Si bien el aumento invernal de infecciones de COVID-19 impulsadas por la variante Omicron parece estar disminuyendo, las autoridades est\u00e1n observando el surgimiento de un &#8220;sublinaje&#8221; de Omicron que se ha propagado r\u00e1pidamente en algunos pa\u00edses, y el director de salud del condado de Los \u00c1ngeles dijo el jueves cuatro casos. se han encontrado localmente. B\u00e1rbara Ferrer dijo a los periodistas en una sesi\u00f3n informativa en l\u00ednea que la variante original de Omicron, conocida t\u00e9cnicamente como BA.1, sigue siendo la [&hellip;]<\/p>\n","protected":false},"author":4,"featured_media":14097,"comment_status":"open","ping_status":"closed","sticky":false,"template":"","format":"standard","meta":[],"categories":[4],"tags":[],"acf":[],"_links":{"self":[{"href":"http:\/\/www.pasadenahoy.com\/primero\/wp-json\/wp\/v2\/posts\/14096"}],"collection":[{"href":"http:\/\/www.pasadenahoy.com\/primero\/wp-json\/wp\/v2\/posts"}],"about":[{"href":"http:\/\/www.pasadenahoy.com\/primero\/wp-json\/wp\/v2\/types\/post"}],"author":[{"embeddable":true,"href":"http:\/\/www.pasadenahoy.com\/primero\/wp-json\/wp\/v2\/users\/4"}],"replies":[{"embeddable":true,"href":"http:\/\/www.pasadenahoy.com\/primero\/wp-json\/wp\/v2\/comments?post=14096"}],"version-history":[{"count":2,"href":"http:\/\/www.pasadenahoy.com\/primero\/wp-json\/wp\/v2\/posts\/14096\/revisions"}],"predecessor-version":[{"id":14099,"href":"http:\/\/www.pasadenahoy.com\/primero\/wp-json\/wp\/v2\/posts\/14096\/revisions\/14099"}],"wp:featuredmedia":[{"embeddable":true,"href":"http:\/\/www.pasadenahoy.com\/primero\/wp-json\/wp\/v2\/media\/14097"}],"wp:attachment":[{"href":"http:\/\/www.pasadenahoy.com\/primero\/wp-json\/wp\/v2\/media?parent=14096"}],"wp:term":[{"taxonomy":"category","embeddable":true,"href":"http:\/\/www.pasadenahoy.com\/primero\/wp-json\/wp\/v2\/categories?post=14096"},{"taxonomy":"post_tag","embeddable":true,"href":"http:\/\/www.pasadenahoy.com\/primero\/wp-json\/wp\/v2\/tags?post=14096"}],"curies":[{"name":"wp","href":"https:\/\/api.w.org\/{rel}","templated":true}]}}