{"id":14104,"date":"2022-01-28T15:27:49","date_gmt":"2022-01-28T15:27:49","guid":{"rendered":"http:\/\/www.pasadenahoy.com\/primero\/?p=14104"},"modified":"2022-01-28T15:27:51","modified_gmt":"2022-01-28T15:27:51","slug":"el-juez-presidente-de-los-angeles-autoriza-el-tercer-retraso-de-emergencia-en-los-juicios-penales-debido-al-covid-19","status":"publish","type":"post","link":"http:\/\/www.pasadenahoy.com\/primero\/la-comunidad\/el-juez-presidente-de-los-angeles-autoriza-el-tercer-retraso-de-emergencia-en-los-juicios-penales-debido-al-covid-19\/","title":{"rendered":"El juez presidente de Los \u00c1ngeles autoriza el tercer retraso de emergencia en los juicios penales debido al COVID-19"},"content":{"rendered":"\n<figure class=\"wp-block-image alignnone size-large\"><figure class=\"alignnone\"><img loading=\"lazy\" width=\"700\" height=\"378\" src=\"http:\/\/www.pasadenahoy.com\/primero\/wp-content\/uploads\/2022\/01\/pic-4-16.jpg\" alt=\"\" class=\"wp-image-14105\" srcset=\"http:\/\/www.pasadenahoy.com\/primero\/wp-content\/uploads\/2022\/01\/pic-4-16.jpg 700w, http:\/\/www.pasadenahoy.com\/primero\/wp-content\/uploads\/2022\/01\/pic-4-16-300x162.jpg 300w, http:\/\/www.pasadenahoy.com\/primero\/wp-content\/uploads\/2022\/01\/pic-4-16-241x130.jpg 241w, http:\/\/www.pasadenahoy.com\/primero\/wp-content\/uploads\/2022\/01\/pic-4-16-333x180.jpg 333w, http:\/\/www.pasadenahoy.com\/primero\/wp-content\/uploads\/2022\/01\/pic-4-16-360x194.jpg 360w\" sizes=\"100vw\" \/><\/figure><\/figure>\n\n\n\n<p>Citando una alta tasa de casos de COVID-19, el juez presidente del condado de Los \u00c1ngeles emiti\u00f3 la tercera orden de emergencia este mes autorizando demoras temporales en los juicios penales con jurado y las audiencias preliminares.<\/p>\n\n\n\n<p>\u201cSi bien la cantidad de nuevos casos positivos de COVID-19 en el condado de Los \u00c1ngeles ha disminuido en los \u00faltimos d\u00edas, las tasas de casos siguen siendo altas junto con la cantidad de hospitalizaciones\u201d, dijo el juez presidente Eric C. Taylor en un comunicado emitido por la corte. \u201cLa corte contin\u00faa trabajando con nuestros socios judiciales para superar juntos este aumento y priorizar el acceso seguro a la justicia. Continuar\u00e9 consultando de cerca con el Departamento de Salud P\u00fablica del Condado de Los \u00c1ngeles sobre las tendencias cambiantes de casos y hospitalizaciones mientras esperamos superar este aumento de Omicron\u201d.<\/p>\n\n\n\n<p>La orden de emergencia se aplica a juicios penales con jurado y audiencias preliminares en los que el plazo legal original o extendido anteriormente vencer\u00eda el 11 de febrero, y extiende el per\u00edodo de tiempo para celebrar juicios penales y audiencias preliminares por &#8220;no m\u00e1s de 30 d\u00edas&#8221;.<\/p>\n\n\n\n<p>La orden tambi\u00e9n autoriza un retraso de 90 d\u00edas calendario en las audiencias previas al juicio para casos de delitos menores fijados hasta el 11 de febrero, a menos que la ley exija que se celebren antes y el acusado no consienta en que se prolonguen, as\u00ed como un aplazamiento de 90 d\u00edas calendario. retraso en los informes de progreso posteriores a la condena fijados durante el mismo per\u00edodo.<\/p>\n\n\n\n<p>La orden tambi\u00e9n extiende ciertos plazos de casos de dependencia juvenil a &#8220;no m\u00e1s de siete d\u00edas&#8221; para menores para quienes el plazo legal vencer\u00eda antes del 22 de febrero.<\/p>\n\n\n\n<p>La orden se\u00f1ala que todos, independientemente de su estado de vacunaci\u00f3n, deben usar cobertores faciales sobre la nariz y la boca mientras se encuentran en un juzgado del condado, y que las personas cuyas discapacidades les impiden usar cobertores faciales deben buscar una adaptaci\u00f3n antes de su comparecencia ante el tribunal. o cita.<\/p>\n","protected":false},"excerpt":{"rendered":"<p>Citando una alta tasa de casos de COVID-19, el juez presidente del condado de Los \u00c1ngeles emiti\u00f3 la tercera orden de emergencia este mes autorizando demoras temporales en los juicios penales con jurado y las audiencias preliminares. \u201cSi bien la cantidad de nuevos casos positivos de COVID-19 en el condado de Los \u00c1ngeles ha disminuido en los \u00faltimos d\u00edas, las tasas de casos siguen siendo altas junto con la cantidad de hospitalizaciones\u201d, dijo el juez presidente Eric C. Taylor en [&hellip;]<\/p>\n","protected":false},"author":4,"featured_media":0,"comment_status":"open","ping_status":"closed","sticky":false,"template":"","format":"standard","meta":[],"categories":[4],"tags":[],"acf":[],"_links":{"self":[{"href":"http:\/\/www.pasadenahoy.com\/primero\/wp-json\/wp\/v2\/posts\/14104"}],"collection":[{"href":"http:\/\/www.pasadenahoy.com\/primero\/wp-json\/wp\/v2\/posts"}],"about":[{"href":"http:\/\/www.pasadenahoy.com\/primero\/wp-json\/wp\/v2\/types\/post"}],"author":[{"embeddable":true,"href":"http:\/\/www.pasadenahoy.com\/primero\/wp-json\/wp\/v2\/users\/4"}],"replies":[{"embeddable":true,"href":"http:\/\/www.pasadenahoy.com\/primero\/wp-json\/wp\/v2\/comments?post=14104"}],"version-history":[{"count":2,"href":"http:\/\/www.pasadenahoy.com\/primero\/wp-json\/wp\/v2\/posts\/14104\/revisions"}],"predecessor-version":[{"id":14107,"href":"http:\/\/www.pasadenahoy.com\/primero\/wp-json\/wp\/v2\/posts\/14104\/revisions\/14107"}],"wp:attachment":[{"href":"http:\/\/www.pasadenahoy.com\/primero\/wp-json\/wp\/v2\/media?parent=14104"}],"wp:term":[{"taxonomy":"category","embeddable":true,"href":"http:\/\/www.pasadenahoy.com\/primero\/wp-json\/wp\/v2\/categories?post=14104"},{"taxonomy":"post_tag","embeddable":true,"href":"http:\/\/www.pasadenahoy.com\/primero\/wp-json\/wp\/v2\/tags?post=14104"}],"curies":[{"name":"wp","href":"https:\/\/api.w.org\/{rel}","templated":true}]}}