{"id":14112,"date":"2022-01-28T15:37:32","date_gmt":"2022-01-28T15:37:32","guid":{"rendered":"http:\/\/www.pasadenahoy.com\/primero\/?p=14112"},"modified":"2022-01-28T15:37:33","modified_gmt":"2022-01-28T15:37:33","slug":"pasadena-fire-abrira-proceso-de-reclutamiento","status":"publish","type":"post","link":"http:\/\/www.pasadenahoy.com\/primero\/la-comunidad\/pasadena-fire-abrira-proceso-de-reclutamiento\/","title":{"rendered":"Pasadena Fire abrir\u00e1 proceso de reclutamiento"},"content":{"rendered":"\n<figure class=\"wp-block-image alignnone size-large\"><figure class=\"alignnone\"><img loading=\"lazy\" width=\"700\" height=\"378\" src=\"http:\/\/www.pasadenahoy.com\/primero\/wp-content\/uploads\/2022\/01\/pic-6-10.jpg\" alt=\"\" class=\"wp-image-14113\" srcset=\"http:\/\/www.pasadenahoy.com\/primero\/wp-content\/uploads\/2022\/01\/pic-6-10.jpg 700w, http:\/\/www.pasadenahoy.com\/primero\/wp-content\/uploads\/2022\/01\/pic-6-10-300x162.jpg 300w, http:\/\/www.pasadenahoy.com\/primero\/wp-content\/uploads\/2022\/01\/pic-6-10-241x130.jpg 241w, http:\/\/www.pasadenahoy.com\/primero\/wp-content\/uploads\/2022\/01\/pic-6-10-333x180.jpg 333w, http:\/\/www.pasadenahoy.com\/primero\/wp-content\/uploads\/2022\/01\/pic-6-10-360x194.jpg 360w\" sizes=\"100vw\" \/><\/figure><\/figure>\n\n\n\n<p>El Departamento de Bomberos de Pasadena abrir\u00e1 su proceso de reclutamiento pronto para cubrir varias vacantes.<\/p>\n\n\n\n<p>Seg\u00fan la oficial de informaci\u00f3n p\u00fablica de Pasadena, Lisa Derderian, el departamento est\u00e1 buscando cubrir puestos.<\/p>\n\n\n\n<p>El jefe de bomberos de Pasadena, Chad Augustin, dijo que PFD recientemente logr\u00f3 el n\u00famero m\u00e1s bajo de vacantes en casi 15 a\u00f1os, pero a\u00fan tiene espacios abiertos.<\/p>\n\n\n\n<p>\u201cNuestro n\u00famero actual de vacantes es ocho\u201d, dijo Augustin. \u201cCon las jubilaciones esperadas y otras separaciones durante el pr\u00f3ximo a\u00f1o, esperamos que ese n\u00famero sea de alrededor de 20. Nuestro objetivo es mantener una tasa de vacantes de un solo d\u00edgito. Espero que necesitemos tener 1-2 academias por a\u00f1o en el futuro previsible para mantener esta meta. Actualmente estamos trabajando para lograr un objetivo de fines de abril para nuestra pr\u00f3xima academia de 15 a 20 reclutas, y el reclutamiento comenzar\u00e1 en las pr\u00f3ximas 1 a 2 semanas\u201d.<\/p>\n\n\n\n<p>En un informe al Comit\u00e9 de Seguridad P\u00fablica en octubre, el departamento dijo que sus rangos cada vez m\u00e1s reducidos son el resultado de la jubilaci\u00f3n de los empleados, el atractivo de las oportunidades competitivas en el sur de California debido a las temporadas de incendios forestales m\u00e1s largas, el agotamiento de los empleados y la falta de actividades de contrataci\u00f3n constantes en los \u00faltimos a\u00f1os.<\/p>\n\n\n\n<p>Seg\u00fan el departamento, de 2017 a 2021, un promedio de 10 empleados renunciaron, mientras que 4.4 adicionales se jubilaron cada a\u00f1o.<\/p>\n\n\n\n<p>Seg\u00fan un volante, que anuncia que el reclutamiento se realizar\u00e1 pr\u00f3ximamente, el departamento cuenta con un cronograma 28\/96, capacitaci\u00f3n progresiva, entrega ejemplar de EMS, oportunidades de tiempo extra, extinci\u00f3n de incendios agresiva, liderazgo s\u00f3lido, eventos especiales y una ciudad de clase mundial.<\/p>\n\n\n\n<p>Los solicitantes deben tener al menos 18 a\u00f1os de edad, estado de CA State FF1, EMT o param\u00e9dico, se requiere un examen del centro de pruebas para candidatos a bomberos.<\/p>\n\n\n\n<p>El plazo de presentaci\u00f3n de solicitudes se abre el 3 de febrero y cierra a la medianoche del 17 de febrero.<\/p>\n","protected":false},"excerpt":{"rendered":"<p>El Departamento de Bomberos de Pasadena abrir\u00e1 su proceso de reclutamiento pronto para cubrir varias vacantes. Seg\u00fan la oficial de informaci\u00f3n p\u00fablica de Pasadena, Lisa Derderian, el departamento est\u00e1 buscando cubrir puestos. El jefe de bomberos de Pasadena, Chad Augustin, dijo que PFD recientemente logr\u00f3 el n\u00famero m\u00e1s bajo de vacantes en casi 15 a\u00f1os, pero a\u00fan tiene espacios abiertos. \u201cNuestro n\u00famero actual de vacantes es ocho\u201d, dijo Augustin. \u201cCon las jubilaciones esperadas y otras separaciones durante el pr\u00f3ximo a\u00f1o, [&hellip;]<\/p>\n","protected":false},"author":4,"featured_media":0,"comment_status":"open","ping_status":"closed","sticky":false,"template":"","format":"standard","meta":[],"categories":[4],"tags":[],"acf":[],"_links":{"self":[{"href":"http:\/\/www.pasadenahoy.com\/primero\/wp-json\/wp\/v2\/posts\/14112"}],"collection":[{"href":"http:\/\/www.pasadenahoy.com\/primero\/wp-json\/wp\/v2\/posts"}],"about":[{"href":"http:\/\/www.pasadenahoy.com\/primero\/wp-json\/wp\/v2\/types\/post"}],"author":[{"embeddable":true,"href":"http:\/\/www.pasadenahoy.com\/primero\/wp-json\/wp\/v2\/users\/4"}],"replies":[{"embeddable":true,"href":"http:\/\/www.pasadenahoy.com\/primero\/wp-json\/wp\/v2\/comments?post=14112"}],"version-history":[{"count":2,"href":"http:\/\/www.pasadenahoy.com\/primero\/wp-json\/wp\/v2\/posts\/14112\/revisions"}],"predecessor-version":[{"id":14115,"href":"http:\/\/www.pasadenahoy.com\/primero\/wp-json\/wp\/v2\/posts\/14112\/revisions\/14115"}],"wp:attachment":[{"href":"http:\/\/www.pasadenahoy.com\/primero\/wp-json\/wp\/v2\/media?parent=14112"}],"wp:term":[{"taxonomy":"category","embeddable":true,"href":"http:\/\/www.pasadenahoy.com\/primero\/wp-json\/wp\/v2\/categories?post=14112"},{"taxonomy":"post_tag","embeddable":true,"href":"http:\/\/www.pasadenahoy.com\/primero\/wp-json\/wp\/v2\/tags?post=14112"}],"curies":[{"name":"wp","href":"https:\/\/api.w.org\/{rel}","templated":true}]}}