{"id":14127,"date":"2022-01-31T15:28:06","date_gmt":"2022-01-31T15:28:06","guid":{"rendered":"http:\/\/www.pasadenahoy.com\/primero\/?p=14127"},"modified":"2022-01-31T15:28:08","modified_gmt":"2022-01-31T15:28:08","slug":"la-reunion-del-consejo-del-lunes-comienza-a-las-5-p-m","status":"publish","type":"post","link":"http:\/\/www.pasadenahoy.com\/primero\/el-gobierno-local\/la-reunion-del-consejo-del-lunes-comienza-a-las-5-p-m\/","title":{"rendered":"La reuni\u00f3n del consejo del lunes comienza a las 5 p.m."},"content":{"rendered":"\n<figure class=\"wp-block-image alignnone size-large\"><figure class=\"alignnone\"><img loading=\"lazy\" width=\"700\" height=\"378\" src=\"http:\/\/www.pasadenahoy.com\/primero\/wp-content\/uploads\/2022\/01\/pic-3-13.jpg\" alt=\"\" class=\"wp-image-14128\" srcset=\"http:\/\/www.pasadenahoy.com\/primero\/wp-content\/uploads\/2022\/01\/pic-3-13.jpg 700w, http:\/\/www.pasadenahoy.com\/primero\/wp-content\/uploads\/2022\/01\/pic-3-13-300x162.jpg 300w, http:\/\/www.pasadenahoy.com\/primero\/wp-content\/uploads\/2022\/01\/pic-3-13-241x130.jpg 241w, http:\/\/www.pasadenahoy.com\/primero\/wp-content\/uploads\/2022\/01\/pic-3-13-333x180.jpg 333w, http:\/\/www.pasadenahoy.com\/primero\/wp-content\/uploads\/2022\/01\/pic-3-13-360x194.jpg 360w\" sizes=\"100vw\" \/><\/figure><\/figure>\n\n\n\n<p>La reuni\u00f3n del Concejo Municipal del lunes comenzar\u00e1 a las 5 p.m. de acuerdo con la agenda del lunes debido a dos temas de sesi\u00f3n cerrada que deben ser escuchados m\u00e1s temprano en el d\u00eda.<\/p>\n\n\n\n<p>Durante la sesi\u00f3n cerrada, que comienza a las 4 p. m., se llevar\u00e1 a cabo una conferencia con negociadores de la Pasadena Management Association (PMA).<\/p>\n\n\n\n<p>(PMA) es la unidad de negociaci\u00f3n para 500 empleados administrativos de la Ciudad de Pasadena, que representa a los gerentes superiores, intermedios y profesionales. Los gerentes en el nivel ejecutivo, los gerentes confidenciales y los miembros jurados de los departamentos de Polic\u00eda y Bomberos no est\u00e1n representados.<\/p>\n\n\n\n<p>Tambi\u00e9n est\u00e1 programada una conferencia del consejo de la ciudad con asesores legales sobre la batalla legal continua de la ciudad con el Torneo de las Rosas.<\/p>\n\n\n\n<p>El Torneo de las Rosas solicit\u00f3 a la Corte de Apelaciones del Noveno Circuito que reviviera sus reclamos contra la ciudad en una demanda.<\/p>\n\n\n\n<p>Eso ha causado un da\u00f1o significativo a la relaci\u00f3n entre la ciudad y el Torneo, pero tambi\u00e9n podr\u00eda allanar el camino para que el Torneo se convierta en parte de los Playoffs de f\u00fatbol universitario ampliados y controle d\u00f3nde y cu\u00e1ndo se lleva a cabo el juego.<\/p>\n\n\n\n<p>En julio, el juez Andre Birotte se puso del lado de la ciudad al desestimar todos menos uno de los cargos presentados por el Torneo en su demanda de febrero por infracci\u00f3n de marca registrada, competencia desleal, asociaci\u00f3n falsa, calumnias y publicidad enga\u00f1osa.<\/p>\n\n\n\n<p>El Torneo ha interpuesto recurso de apelaci\u00f3n en el Noveno Circuito.<\/p>\n\n\n\n<p>Los problemas comenzaron cuando las restricciones de COVID-19 derivadas de la pandemia de COVID-19 provocaron la cancelaci\u00f3n del Desfile de las Rosas anual y prohibieron a los fan\u00e1ticos asistir al Juego del Rose Bowl en Pasadena. El juego finalmente se traslad\u00f3 a Arlington, Texas, lo que marca la primera vez desde 1942 que el juego del Rose Bowl se juega fuera de Pasadena.<\/p>\n\n\n\n<p>Una demanda judicial federal afirm\u00f3 que el Torneo invoc\u00f3 la cl\u00e1usula de \u201cfuerza mayor\u201d de su contrato, sosteniendo que la pandemia estaba fuera de su control, por lo que la asociaci\u00f3n ten\u00eda derecho a trasladar el juego de Pasadena al estadio AT&amp;T en Arlington.<\/p>\n\n\n\n<p>Los Playoffs de f\u00fatbol universitario buscan expandir su torneo y quieren que el nuevo formato se centre m\u00e1s en los enfrentamientos en lugar de las tradiciones pasadas.<\/p>\n\n\n\n<p>Bajo ese formato, el Rose Bowl podr\u00eda verse obligado a abandonar el juego tradicional Pac-12 vs. Big 12 el 1 de enero y celebrar el juego a principios de diciembre.<\/p>\n\n\n\n<p>Los derechos de televisi\u00f3n para un desempate propuesto de 12 equipos podr\u00edan valer alrededor de $ 1.9 mil millones anuales.<\/p>\n","protected":false},"excerpt":{"rendered":"<p>La reuni\u00f3n del Concejo Municipal del lunes comenzar\u00e1 a las 5 p.m. de acuerdo con la agenda del lunes debido a dos temas de sesi\u00f3n cerrada que deben ser escuchados m\u00e1s temprano en el d\u00eda. Durante la sesi\u00f3n cerrada, que comienza a las 4 p. m., se llevar\u00e1 a cabo una conferencia con negociadores de la Pasadena Management Association (PMA). (PMA) es la unidad de negociaci\u00f3n para 500 empleados administrativos de la Ciudad de Pasadena, que representa a los gerentes [&hellip;]<\/p>\n","protected":false},"author":4,"featured_media":14128,"comment_status":"open","ping_status":"closed","sticky":false,"template":"","format":"standard","meta":[],"categories":[6],"tags":[],"acf":[],"_links":{"self":[{"href":"http:\/\/www.pasadenahoy.com\/primero\/wp-json\/wp\/v2\/posts\/14127"}],"collection":[{"href":"http:\/\/www.pasadenahoy.com\/primero\/wp-json\/wp\/v2\/posts"}],"about":[{"href":"http:\/\/www.pasadenahoy.com\/primero\/wp-json\/wp\/v2\/types\/post"}],"author":[{"embeddable":true,"href":"http:\/\/www.pasadenahoy.com\/primero\/wp-json\/wp\/v2\/users\/4"}],"replies":[{"embeddable":true,"href":"http:\/\/www.pasadenahoy.com\/primero\/wp-json\/wp\/v2\/comments?post=14127"}],"version-history":[{"count":2,"href":"http:\/\/www.pasadenahoy.com\/primero\/wp-json\/wp\/v2\/posts\/14127\/revisions"}],"predecessor-version":[{"id":14130,"href":"http:\/\/www.pasadenahoy.com\/primero\/wp-json\/wp\/v2\/posts\/14127\/revisions\/14130"}],"wp:featuredmedia":[{"embeddable":true,"href":"http:\/\/www.pasadenahoy.com\/primero\/wp-json\/wp\/v2\/media\/14128"}],"wp:attachment":[{"href":"http:\/\/www.pasadenahoy.com\/primero\/wp-json\/wp\/v2\/media?parent=14127"}],"wp:term":[{"taxonomy":"category","embeddable":true,"href":"http:\/\/www.pasadenahoy.com\/primero\/wp-json\/wp\/v2\/categories?post=14127"},{"taxonomy":"post_tag","embeddable":true,"href":"http:\/\/www.pasadenahoy.com\/primero\/wp-json\/wp\/v2\/tags?post=14127"}],"curies":[{"name":"wp","href":"https:\/\/api.w.org\/{rel}","templated":true}]}}