{"id":14131,"date":"2022-01-31T15:31:26","date_gmt":"2022-01-31T15:31:26","guid":{"rendered":"http:\/\/www.pasadenahoy.com\/primero\/?p=14131"},"modified":"2022-01-31T15:31:27","modified_gmt":"2022-01-31T15:31:27","slug":"el-consejo-considerara-ratificar-la-resolucion-para-el-nombramiento-de-calpers-el-lunes","status":"publish","type":"post","link":"http:\/\/www.pasadenahoy.com\/primero\/el-gobierno-local\/el-consejo-considerara-ratificar-la-resolucion-para-el-nombramiento-de-calpers-el-lunes\/","title":{"rendered":"El Consejo considerar\u00e1 ratificar la resoluci\u00f3n para el nombramiento de CalPERS el lunes"},"content":{"rendered":"\n<figure class=\"wp-block-image alignnone size-large\"><figure class=\"alignnone\"><img loading=\"lazy\" width=\"700\" height=\"378\" src=\"http:\/\/www.pasadenahoy.com\/primero\/wp-content\/uploads\/2022\/01\/pic-4-17.jpg\" alt=\"\" class=\"wp-image-14132\" srcset=\"http:\/\/www.pasadenahoy.com\/primero\/wp-content\/uploads\/2022\/01\/pic-4-17.jpg 700w, http:\/\/www.pasadenahoy.com\/primero\/wp-content\/uploads\/2022\/01\/pic-4-17-300x162.jpg 300w, http:\/\/www.pasadenahoy.com\/primero\/wp-content\/uploads\/2022\/01\/pic-4-17-241x130.jpg 241w, http:\/\/www.pasadenahoy.com\/primero\/wp-content\/uploads\/2022\/01\/pic-4-17-333x180.jpg 333w, http:\/\/www.pasadenahoy.com\/primero\/wp-content\/uploads\/2022\/01\/pic-4-17-360x194.jpg 360w\" sizes=\"100vw\" \/><\/figure><\/figure>\n\n\n\n<p>Como parte del calendario de consentimiento del lunes, el Concejo Municipal podr\u00eda ratificar una resoluci\u00f3n ya adoptada para permitir que un jubilado de CalPERS se desempe\u00f1e como gerente general interino de Pasadena Water and Power.<\/p>\n\n\n\n<p>El a\u00f1o pasado, el Concejo Municipal adopt\u00f3 una resoluci\u00f3n autorizando, pero no exigiendo, que la Administradora Municipal Cynthia Kurtz nombre a los jubilados de CalPERS para ocupar varios puestos vacantes.<\/p>\n\n\n\n<p>Tras la jubilaci\u00f3n del entonces actual Gerente General de PWP, Gurcharan Bawa. Kurtz seleccion\u00f3 a Jeff Kightlinger, un jubilado de CalPERS, para servir como Gerente General interino de PWP.<\/p>\n\n\n\n<p>Kightlinger comenz\u00f3 su mandato el 3 de enero despu\u00e9s de que comenzara el reclutamiento activo para un nombramiento regular. Kightlinger continuar\u00e1 en este cargo hasta que se llene el puesto.<\/p>\n\n\n\n<p>Este enfoque se realiz\u00f3 en coordinaci\u00f3n con CalPERS para garantizar el cumplimiento de las normas aplicables al nombramiento de un jubilado de CalPERS para un puesto vacante.<\/p>\n\n\n\n<p>Otra condici\u00f3n para la aprobaci\u00f3n de Cal PERS fue la ratificaci\u00f3n de la selecci\u00f3n del administrador de la ciudad en una reuni\u00f3n posterior del Concejo Municipal si se seleccionaba a un jubilado de CalPERS para ocupar el puesto de Gerente General de PWP de manera interina.<\/p>\n\n\n\n<p>Aqu\u00ed est\u00e1n los otros elementos en el calendario de consentimiento del lunes:<\/p>\n\n\n\n<p>Una resoluci\u00f3n que ordena la cancelaci\u00f3n sumaria de tres servidumbres de servicio p\u00fablico ubicadas en 951 S. Fair Oaks Ave., seg\u00fan lo recomendado por el Departamento de Agua y Energ\u00eda de Pasadena. Las servidumbres no han sido utilizadas por la ciudad por m\u00e1s de cinco a\u00f1os. Estas servidumbres son para fines de \u201cutilidad p\u00fablica\u201d. PWP no tiene l\u00edneas el\u00e9ctricas en este lugar y no prev\u00e9 la necesidad de estas servidumbres en el futuro. PWP ha confirmado con todos los departamentos de la ciudad aplicables que no tienen un uso para estas servidumbres ni prev\u00e9n una necesidad de estas servidumbres en el futuro.<\/p>\n\n\n\n<p>Autorizar al administrador interino de la ciudad a ejecutar un acuerdo con W. Brown Creative Partners (WBCP) por un monto que no supere los $32,800 para llevar a cabo el proceso de contrataci\u00f3n del pr\u00f3ximo administrador de la ciudad. Se public\u00f3 una solicitud de propuestas (RFP) para los servicios de b\u00fasqueda de ejecutivos para un proceso de contrataci\u00f3n de administradores municipales. Seis empresas de b\u00fasqueda de ejecutivos presentaron propuestas durante el per\u00edodo de presentaci\u00f3n. Posteriormente, el personal de Recursos Humanos revis\u00f3 las propuestas para evaluar la descripci\u00f3n de los servicios, la experiencia, las calificaciones y el costo de los proponentes, as\u00ed como si los proponentes eran negocios locales de Pasadena y\/o certificados por el estado como peque\u00f1os negocios. El vicealcalde Andy Wilson y los concejales John Kennedy, Gene Masuda y Jessica Rivas entrevistaron a las firmas m\u00e1s calificadas y recomendaron a W. Brown Creative Partners.<\/p>\n\n\n\n<p>Autorizar al alcalde a transmitir una carta de apoyo y al personal a trabajar con la oficina del senador estatal Anthony J. Portantino en la legislaci\u00f3n propuesta que, entre otras cosas, crear\u00eda la autoridad de poderes conjuntos del Fondo Fiduciario de Vivienda Regional Burbank-Glendale-Pasadena para generar nuevos fondos para abordar la necesidad de viviendas asequibles. Si bien existe una crisis de viviendas asequibles en todo el estado, la escasez de viviendas asequibles es especialmente aguda en la regi\u00f3n de Arroyo Verdugo de Burbank, Glendale y Pasadena debido al alto costo de la vivienda en esas \u00e1reas. Cada una de las ciudades de Burbank, Glendale y Pasadena opera sus propios programas de vivienda respectivos que abarcan un espectro completo de actividades de vivienda asequible, incluida la provisi\u00f3n de subsidios de alquiler para hogares de ingresos muy bajos y extremadamente bajos, oportunidades de propiedad de vivienda y el desarrollo de grandes viviendas asequibles. proyectos de vivienda Un factor clave que limita significativamente la capacidad de la ciudad para abordar adecuadamente su crisis de vivienda asequible es la falta de nuevos fondos. Sin embargo, una soluci\u00f3n que potencialmente puede generar cantidades significativas de fondos se propone en un proyecto de ley que el Senador estatal Anthony J. Portantino est\u00e1 considerando presentar a la legislatura estatal. El proyecto de ley crear\u00eda un fondo fiduciario de vivienda regional que ser\u00eda administrado por una autoridad de poderes conjuntos (JPA) compuesta por las ciudades de Burbank, Glendale y Pasadena.<\/p>\n\n\n\n<p>Aprobar y adoptar la actualizaci\u00f3n del Plan de Recursos Integrados de Energ\u00eda 2021. Pasadena Water and Power ha preparado un Power IRP o un documento similar para guiar las estrategias de adquisici\u00f3n de recursos de energ\u00eda a largo plazo cada tres a cinco a\u00f1os desde principios de la d\u00e9cada de 1990. M\u00e1s recientemente, los IRP de energ\u00eda se desarrollaron en 2009, 2012, 2015 y 2018. La actualizaci\u00f3n del IRP de energ\u00eda 2021 de PWP es una revisi\u00f3n del plan de recursos de energ\u00eda a largo plazo de Pasadena adoptado en 2018 por el Concejo Municipal, con el objetivo de identificar una cartera de fuentes de energ\u00eda. recursos para proporcionar un equilibrio sostenible de confiabilidad del sistema, administraci\u00f3n ambiental y tarifas competitivas y estables.<\/p>\n","protected":false},"excerpt":{"rendered":"<p>Como parte del calendario de consentimiento del lunes, el Concejo Municipal podr\u00eda ratificar una resoluci\u00f3n ya adoptada para permitir que un jubilado de CalPERS se desempe\u00f1e como gerente general interino de Pasadena Water and Power. El a\u00f1o pasado, el Concejo Municipal adopt\u00f3 una resoluci\u00f3n autorizando, pero no exigiendo, que la Administradora Municipal Cynthia Kurtz nombre a los jubilados de CalPERS para ocupar varios puestos vacantes. Tras la jubilaci\u00f3n del entonces actual Gerente General de PWP, Gurcharan Bawa. Kurtz seleccion\u00f3 a [&hellip;]<\/p>\n","protected":false},"author":4,"featured_media":14132,"comment_status":"open","ping_status":"closed","sticky":false,"template":"","format":"standard","meta":[],"categories":[6],"tags":[],"acf":[],"_links":{"self":[{"href":"http:\/\/www.pasadenahoy.com\/primero\/wp-json\/wp\/v2\/posts\/14131"}],"collection":[{"href":"http:\/\/www.pasadenahoy.com\/primero\/wp-json\/wp\/v2\/posts"}],"about":[{"href":"http:\/\/www.pasadenahoy.com\/primero\/wp-json\/wp\/v2\/types\/post"}],"author":[{"embeddable":true,"href":"http:\/\/www.pasadenahoy.com\/primero\/wp-json\/wp\/v2\/users\/4"}],"replies":[{"embeddable":true,"href":"http:\/\/www.pasadenahoy.com\/primero\/wp-json\/wp\/v2\/comments?post=14131"}],"version-history":[{"count":2,"href":"http:\/\/www.pasadenahoy.com\/primero\/wp-json\/wp\/v2\/posts\/14131\/revisions"}],"predecessor-version":[{"id":14134,"href":"http:\/\/www.pasadenahoy.com\/primero\/wp-json\/wp\/v2\/posts\/14131\/revisions\/14134"}],"wp:featuredmedia":[{"embeddable":true,"href":"http:\/\/www.pasadenahoy.com\/primero\/wp-json\/wp\/v2\/media\/14132"}],"wp:attachment":[{"href":"http:\/\/www.pasadenahoy.com\/primero\/wp-json\/wp\/v2\/media?parent=14131"}],"wp:term":[{"taxonomy":"category","embeddable":true,"href":"http:\/\/www.pasadenahoy.com\/primero\/wp-json\/wp\/v2\/categories?post=14131"},{"taxonomy":"post_tag","embeddable":true,"href":"http:\/\/www.pasadenahoy.com\/primero\/wp-json\/wp\/v2\/tags?post=14131"}],"curies":[{"name":"wp","href":"https:\/\/api.w.org\/{rel}","templated":true}]}}