{"id":14139,"date":"2022-01-31T15:38:42","date_gmt":"2022-01-31T15:38:42","guid":{"rendered":"http:\/\/www.pasadenahoy.com\/primero\/?p=14139"},"modified":"2022-01-31T15:38:44","modified_gmt":"2022-01-31T15:38:44","slug":"monday-morning-bullpen-investigaciones-policiales-y-vivienda","status":"publish","type":"post","link":"http:\/\/www.pasadenahoy.com\/primero\/la-comunidad\/monday-morning-bullpen-investigaciones-policiales-y-vivienda\/","title":{"rendered":"Monday Morning Bullpen: investigaciones policiales y vivienda"},"content":{"rendered":"\n<figure class=\"wp-block-image alignnone size-large\"><figure class=\"alignnone\"><img loading=\"lazy\" width=\"700\" height=\"378\" src=\"http:\/\/www.pasadenahoy.com\/primero\/wp-content\/uploads\/2022\/01\/pic-6-11.jpg\" alt=\"\" class=\"wp-image-14140\" srcset=\"http:\/\/www.pasadenahoy.com\/primero\/wp-content\/uploads\/2022\/01\/pic-6-11.jpg 700w, http:\/\/www.pasadenahoy.com\/primero\/wp-content\/uploads\/2022\/01\/pic-6-11-300x162.jpg 300w, http:\/\/www.pasadenahoy.com\/primero\/wp-content\/uploads\/2022\/01\/pic-6-11-241x130.jpg 241w, http:\/\/www.pasadenahoy.com\/primero\/wp-content\/uploads\/2022\/01\/pic-6-11-333x180.jpg 333w, http:\/\/www.pasadenahoy.com\/primero\/wp-content\/uploads\/2022\/01\/pic-6-11-360x194.jpg 360w\" sizes=\"100vw\" \/><\/figure><\/figure>\n\n\n\n<p>Dos temas para discutir esta semana, uno de esta semana y otro es un vestigio de la semana pasada.<\/p>\n\n\n\n<p>Primero hagamos las cosas actuales.<\/p>\n\n\n\n<p>El Concejo Municipal escuchar\u00e1 un informe sobre la pol\u00edtica de tiroteos del departamento de polic\u00eda que involucra a un oficial el lunes.<\/p>\n\n\n\n<p>Una y otra vez, ha habido llamados para que el consejo tome medidas en el caso de Anthony McClain. En pocas palabras, el concejo no puede contratar ni despedir polic\u00edas ni establecer pol\u00edticas en el departamento de polic\u00eda.<\/p>\n\n\n\n<p>Eso es m\u00e1s o menos el final del elemento de informaci\u00f3n.<\/p>\n\n\n\n<p>S\u00ed, el consejo de la ciudad puede decirle al administrador de la ciudad que realice todas las revisiones administrativas de manera oportuna, pero eso es todo.<\/p>\n\n\n\n<p>Esa es la forma como es. La \u00fanica forma de cambiarlo es cambiar los estatutos de la ciudad.<\/p>\n\n\n\n<p>As\u00ed es como funciona, luego de un tiroteo en el que particip\u00f3 un oficial (conocido como OIS), una muerte bajo custodia y otros incidentes cr\u00edticos, los detectives de Pasadena y la Oficina del Fiscal de Distrito del Condado de Los \u00c1ngeles llevan a cabo investigaciones criminales por separado.<\/p>\n\n\n\n<p>El equipo de respuesta del fiscal del distrito se presenta al mismo tiempo que los detectives locales despu\u00e9s de que ocurre el tiroteo.<\/p>\n\n\n\n<p>El da. produce una conclusi\u00f3n basada tanto en la investigaci\u00f3n policial como en su investigaci\u00f3n para determinar si los agentes actuaron dentro del marco de la ley.<\/p>\n\n\n\n<p>Si se concluye que los oficiales actuaron fuera de ese marco, los fiscales deciden si se deben presentar cargos penales contra los oficiales involucrados.<\/p>\n\n\n\n<p>Este art\u00edculo fue al Comit\u00e9 de Seguridad P\u00fablica del Concejo Municipal en octubre. En esa reuni\u00f3n, Javan Rad, fiscal jefe asistente de la ciudad, fue bastante claro.<\/p>\n\n\n\n<p>Seg\u00fan Rad, los estatutos de la ciudad impiden que el ayuntamiento imponga plazos a la revisi\u00f3n administrativa por parte del Departamento de Polic\u00eda de los oficiales involucrados en tiroteos fatales.<\/p>\n\n\n\n<p>\u201cBajo el servicio administrativo del administrador de la ciudad, el administrador contrata al jefe, el jefe contrata a los empleados dentro del departamento de polic\u00eda y, por lo tanto, para que el consejo dirija el momento en que el jefe podr\u00eda realizar una revisi\u00f3n administrativa, creemos que eso interferir\u00eda con el carta.&#8221;<\/p>\n\n\n\n<p>\u201cHabiendo dicho eso, creo que particularmente con el tiroteo en el que est\u00e1 involucrado un oficial, creo que hay algunos factores de convocatoria y tambi\u00e9n algunas consideraciones que realmente sugerir\u00edan que ser\u00eda mejor dejar las cosas en manos del jefe\u201d, dijo Rad.<\/p>\n\n\n\n<p>Para eso contratamos a un jefe de polic\u00eda (esa parte es m\u00eda, no de Rad).<\/p>\n\n\n\n<p>Al final, las llamadas telef\u00f3nicas continuar\u00e1n incluso despu\u00e9s de que se presente este art\u00edculo, pero los hechos son los hechos.<\/p>\n\n\n\n<p>La semana pasada, la Comisi\u00f3n de Planificaci\u00f3n discuti\u00f3 una enmienda al c\u00f3digo de zonificaci\u00f3n que permitir\u00eda viviendas asequibles en propiedades de iglesias, hospitales y escuelas.<\/p>\n\n\n\n<p>Como ha sido bien documentado, el estado se encuentra en medio de una crisis de vivienda.<\/p>\n\n\n\n<p>Gran debate y buenas ideas por todas partes. Hay muchos sitios donde se pueden construir localmente viviendas inteligentes y responsables.<\/p>\n\n\n\n<p>Pero ese es el punto. Los residentes locales deber\u00edan poder asistir a las audiencias para apoyar y oponerse a los permisos de uso condicional para proyectos.<\/p>\n\n\n\n<p>No puedo aceptar ninguna pol\u00edtica que disminuya o elimine la voz de la gente.<\/p>\n\n\n\n<p>Creo que el Comisionado de Planificaci\u00f3n Jason Lyon tuvo el mejor punto aqu\u00ed.<\/p>\n\n\n\n<p>Necesitamos hacer viviendas &#8220;cercanas a&#8221; por derecho. Tiene que haber reglas para los desarrolladores que permitan viviendas asequibles inteligentes en estas propiedades.<\/p>\n\n\n\n<p>S\u00ed, creo que la vivienda es un derecho, pero \u201cconstruir vivienda\u201d no lo es.<\/p>\n","protected":false},"excerpt":{"rendered":"<p>Dos temas para discutir esta semana, uno de esta semana y otro es un vestigio de la semana pasada. Primero hagamos las cosas actuales. El Concejo Municipal escuchar\u00e1 un informe sobre la pol\u00edtica de tiroteos del departamento de polic\u00eda que involucra a un oficial el lunes. Una y otra vez, ha habido llamados para que el consejo tome medidas en el caso de Anthony McClain. En pocas palabras, el concejo no puede contratar ni despedir polic\u00edas ni establecer pol\u00edticas en [&hellip;]<\/p>\n","protected":false},"author":4,"featured_media":0,"comment_status":"open","ping_status":"closed","sticky":false,"template":"","format":"standard","meta":[],"categories":[4],"tags":[],"acf":[],"_links":{"self":[{"href":"http:\/\/www.pasadenahoy.com\/primero\/wp-json\/wp\/v2\/posts\/14139"}],"collection":[{"href":"http:\/\/www.pasadenahoy.com\/primero\/wp-json\/wp\/v2\/posts"}],"about":[{"href":"http:\/\/www.pasadenahoy.com\/primero\/wp-json\/wp\/v2\/types\/post"}],"author":[{"embeddable":true,"href":"http:\/\/www.pasadenahoy.com\/primero\/wp-json\/wp\/v2\/users\/4"}],"replies":[{"embeddable":true,"href":"http:\/\/www.pasadenahoy.com\/primero\/wp-json\/wp\/v2\/comments?post=14139"}],"version-history":[{"count":2,"href":"http:\/\/www.pasadenahoy.com\/primero\/wp-json\/wp\/v2\/posts\/14139\/revisions"}],"predecessor-version":[{"id":14142,"href":"http:\/\/www.pasadenahoy.com\/primero\/wp-json\/wp\/v2\/posts\/14139\/revisions\/14142"}],"wp:attachment":[{"href":"http:\/\/www.pasadenahoy.com\/primero\/wp-json\/wp\/v2\/media?parent=14139"}],"wp:term":[{"taxonomy":"category","embeddable":true,"href":"http:\/\/www.pasadenahoy.com\/primero\/wp-json\/wp\/v2\/categories?post=14139"},{"taxonomy":"post_tag","embeddable":true,"href":"http:\/\/www.pasadenahoy.com\/primero\/wp-json\/wp\/v2\/tags?post=14139"}],"curies":[{"name":"wp","href":"https:\/\/api.w.org\/{rel}","templated":true}]}}