{"id":14143,"date":"2022-01-31T15:42:33","date_gmt":"2022-01-31T15:42:33","guid":{"rendered":"http:\/\/www.pasadenahoy.com\/primero\/?p=14143"},"modified":"2022-01-31T15:42:34","modified_gmt":"2022-01-31T15:42:34","slug":"semana-ocupada-en-el-juzgado-de-pasadena-mientras-avanzan-5-casos-importantes","status":"publish","type":"post","link":"http:\/\/www.pasadenahoy.com\/primero\/la-comunidad\/semana-ocupada-en-el-juzgado-de-pasadena-mientras-avanzan-5-casos-importantes\/","title":{"rendered":"Semana ocupada en el juzgado de Pasadena mientras avanzan 5 casos importantes"},"content":{"rendered":"\n<figure class=\"wp-block-image alignnone size-large\"><figure class=\"alignnone\"><img loading=\"lazy\" width=\"700\" height=\"378\" src=\"http:\/\/www.pasadenahoy.com\/primero\/wp-content\/uploads\/2022\/01\/pic-7-3.jpg\" alt=\"\" class=\"wp-image-14144\" srcset=\"http:\/\/www.pasadenahoy.com\/primero\/wp-content\/uploads\/2022\/01\/pic-7-3.jpg 700w, http:\/\/www.pasadenahoy.com\/primero\/wp-content\/uploads\/2022\/01\/pic-7-3-300x162.jpg 300w, http:\/\/www.pasadenahoy.com\/primero\/wp-content\/uploads\/2022\/01\/pic-7-3-241x130.jpg 241w, http:\/\/www.pasadenahoy.com\/primero\/wp-content\/uploads\/2022\/01\/pic-7-3-333x180.jpg 333w, http:\/\/www.pasadenahoy.com\/primero\/wp-content\/uploads\/2022\/01\/pic-7-3-360x194.jpg 360w\" sizes=\"100vw\" \/><\/figure><\/figure>\n\n\n\n<p>Esta semana, cinco casos judiciales de alto perfil de Pasadena avanzar\u00e1n en el Palacio de Justicia de Pasadena del Tribunal Superior de Los \u00c1ngeles. Aqu\u00ed hay un perfil de cada uno de estos casos.<\/p>\n\n\n\n<p>Lunes, 31 de enero, 8:30 a. m. Audiencia previa al juicio de Lamarr Marquise McDaniels II y Trevor Dorman<\/p>\n\n\n\n<p>Lamarr Marquise McDaniels II, de 26 a\u00f1os, y Trevor Dorman, de 21, ambos de Monrovia, est\u00e1n acusados \u200b\u200bde matar a un hombre en Pasadena el 9 de agosto de 2019, en lo que las autoridades creen que fue un negocio de drogas que sali\u00f3 mal.<\/p>\n\n\n\n<p>Ese d\u00eda, los oficiales de polic\u00eda de Pasadena respondieron a los informes de un tiroteo en la cuadra 100 de Painter Street y encontraron a la v\u00edctima, Anthony Michael Tafoya Ortiz, de 24 a\u00f1os, con una herida de bala. Ortiz fue transportado a un hospital local en estado grave y muri\u00f3 dos d\u00edas despu\u00e9s.<\/p>\n\n\n\n<p>McDaniels fue arrestado en Monrovia un d\u00eda despu\u00e9s del incidente por la Fuerza de Tarea Regional contra Fugitivos del Pac\u00edfico Sudoeste de los Alguaciles de EE. UU. y detectives de la polic\u00eda de Pasadena. Dorman fue arrestado en Covina menos de una semana despu\u00e9s.<\/p>\n\n\n\n<p>La audiencia ser\u00e1 en el Departamento E del Palacio de Justicia de Pasadena.<\/p>\n\n\n\n<p>Lunes, 31 de enero, 8:30 a. m. Audiencia previa al juicio de Telly R. Johnson<\/p>\n\n\n\n<p>Telly R. Johnson, de 44 a\u00f1os, de Los \u00c1ngeles, est\u00e1 acusado de asesinato por apu\u00f1alar a un hombre en Pasadena el 1 de marzo de 2019.<\/p>\n\n\n\n<p>La v\u00edctima, luego identificada como Byron Nettles, de Pasadena, de 52 a\u00f1os, fue apu\u00f1alada alrededor de las 9 a.m. en la cuadra 100 de South Euclid Ave. donde viv\u00eda. Fue llevado a un hospital donde fue declarado muerto. Esa noche, Johnson fue visto en la cuadra 1900 de Cordova Street en Los \u00c1ngeles, donde fue arrestado.<\/p>\n\n\n\n<p>Johnson permanece bajo custodia, con una fianza fijada en $ 2 millones.<\/p>\n\n\n\n<p>La audiencia ser\u00e1 en el Departamento F del Palacio de Justicia de Pasadena.<\/p>\n\n\n\n<p>Martes 1 de febrero, 8:30 a. m. Audiencia Preliminar de Alberto Fern\u00e1ndez<\/p>\n\n\n\n<p>Alberto Fern\u00e1ndez, de 21 a\u00f1os, de Victorville, est\u00e1 acusado de un presunto accidente de atropello y fuga en Pasadena el 13 de noviembre que mat\u00f3 a un hombre de 64 a\u00f1os. Las autoridades dijeron que Fern\u00e1ndez conduc\u00eda el veh\u00edculo que golpe\u00f3 a la v\u00edctima alrededor de las 9 p.m. en la intersecci\u00f3n de Orange Grove Boulevard y Marengo Avenue en Pasadena.<\/p>\n\n\n\n<p>Seg\u00fan los informes, Fern\u00e1ndez huy\u00f3 de la escena, pero luego fue arrestado por oficiales de CHP en Monrovia. Permanece bajo custodia.<\/p>\n\n\n\n<p>Esta audiencia ser\u00e1 en el Departamento C del Palacio de Justicia de Pasadena.<\/p>\n\n\n\n<p>Jueves 3 de febrero, 8:30 a.m. Lectura de cargos para Alexis Ibarra<\/p>\n\n\n\n<p>Alexis Ibarra, de 24 a\u00f1os, de Pasadena, est\u00e1 acusado de asesinato e intento de asesinato en relaci\u00f3n con la muerte a tiros de un ni\u00f1o de 14 a\u00f1os y la herida de un hombre de 20 a\u00f1os el 18 de enero. El tiroteo ocurri\u00f3 poco antes. 15:00 cerca de la intersecci\u00f3n de Los Robles Ave. y Eldora Rd.<\/p>\n\n\n\n<p>Los oficiales de polic\u00eda de Pasadena arrestaron a Ibarra horas despu\u00e9s del incidente y ubicaron un arma de fuego en posesi\u00f3n del sospechoso, seg\u00fan el Departamento de Polic\u00eda de Pasadena.<\/p>\n\n\n\n<p>Ibarra est\u00e1 bajo custodia, con una fianza fijada en $4 millones.<\/p>\n\n\n\n<p>La audiencia se llevar\u00e1 a cabo en el Departamento D del Palacio de Justicia de Pasadena.<\/p>\n\n\n\n<p>Jueves 3 de febrero, 8:30 a. m. Fijaci\u00f3n de fecha de audiencia preliminar para Valentino Guti\u00e9rrez<\/p>\n\n\n\n<p>Valentino Guti\u00e9rrez, de 60 a\u00f1os, sin hogar, enfrenta cargos de asesinato e incendio premeditado en relaci\u00f3n con el asesinato de su esposa en enero de 2018 en Pasadena.<\/p>\n\n\n\n<p>Despu\u00e9s del asesinato, la polic\u00eda dijo que el acusado tom\u00f3 un tren a Los \u00c1ngeles, donde los restos de la mujer fueron incendiados en una maleta en el estacionamiento de una tienda de comestibles.<\/p>\n\n\n\n<p>Guti\u00e9rrez est\u00e1 detenido con una fianza de $2 millones.<\/p>\n\n\n\n<p>La audiencia ser\u00e1 en el Departamento H del Palacio de Justicia de Pasadena.<\/p>\n","protected":false},"excerpt":{"rendered":"<p>Esta semana, cinco casos judiciales de alto perfil de Pasadena avanzar\u00e1n en el Palacio de Justicia de Pasadena del Tribunal Superior de Los \u00c1ngeles. Aqu\u00ed hay un perfil de cada uno de estos casos. Lunes, 31 de enero, 8:30 a. m. Audiencia previa al juicio de Lamarr Marquise McDaniels II y Trevor Dorman Lamarr Marquise McDaniels II, de 26 a\u00f1os, y Trevor Dorman, de 21, ambos de Monrovia, est\u00e1n acusados \u200b\u200bde matar a un hombre en Pasadena el 9 de [&hellip;]<\/p>\n","protected":false},"author":4,"featured_media":0,"comment_status":"open","ping_status":"closed","sticky":false,"template":"","format":"standard","meta":[],"categories":[4],"tags":[],"acf":[],"_links":{"self":[{"href":"http:\/\/www.pasadenahoy.com\/primero\/wp-json\/wp\/v2\/posts\/14143"}],"collection":[{"href":"http:\/\/www.pasadenahoy.com\/primero\/wp-json\/wp\/v2\/posts"}],"about":[{"href":"http:\/\/www.pasadenahoy.com\/primero\/wp-json\/wp\/v2\/types\/post"}],"author":[{"embeddable":true,"href":"http:\/\/www.pasadenahoy.com\/primero\/wp-json\/wp\/v2\/users\/4"}],"replies":[{"embeddable":true,"href":"http:\/\/www.pasadenahoy.com\/primero\/wp-json\/wp\/v2\/comments?post=14143"}],"version-history":[{"count":2,"href":"http:\/\/www.pasadenahoy.com\/primero\/wp-json\/wp\/v2\/posts\/14143\/revisions"}],"predecessor-version":[{"id":14146,"href":"http:\/\/www.pasadenahoy.com\/primero\/wp-json\/wp\/v2\/posts\/14143\/revisions\/14146"}],"wp:attachment":[{"href":"http:\/\/www.pasadenahoy.com\/primero\/wp-json\/wp\/v2\/media?parent=14143"}],"wp:term":[{"taxonomy":"category","embeddable":true,"href":"http:\/\/www.pasadenahoy.com\/primero\/wp-json\/wp\/v2\/categories?post=14143"},{"taxonomy":"post_tag","embeddable":true,"href":"http:\/\/www.pasadenahoy.com\/primero\/wp-json\/wp\/v2\/tags?post=14143"}],"curies":[{"name":"wp","href":"https:\/\/api.w.org\/{rel}","templated":true}]}}