{"id":14147,"date":"2022-01-31T15:45:46","date_gmt":"2022-01-31T15:45:46","guid":{"rendered":"http:\/\/www.pasadenahoy.com\/primero\/?p=14147"},"modified":"2022-01-31T15:45:48","modified_gmt":"2022-01-31T15:45:48","slug":"pasadena-community-partners-organizara-la-celebracion-de-inicio-del-mes-de-la-historia-negra-el-martes-en-perrys-joint","status":"publish","type":"post","link":"http:\/\/www.pasadenahoy.com\/primero\/la-comunidad\/pasadena-community-partners-organizara-la-celebracion-de-inicio-del-mes-de-la-historia-negra-el-martes-en-perrys-joint\/","title":{"rendered":"Pasadena Community Partners organizar\u00e1 la celebraci\u00f3n de inicio del Mes de la Historia Negra el martes en Perry&#8217;s Joint"},"content":{"rendered":"\n<figure class=\"wp-block-image alignnone size-large\"><figure class=\"alignnone\"><img loading=\"lazy\" width=\"700\" height=\"378\" src=\"http:\/\/www.pasadenahoy.com\/primero\/wp-content\/uploads\/2022\/01\/pic-8-1.png\" alt=\"\" class=\"wp-image-14148\" srcset=\"http:\/\/www.pasadenahoy.com\/primero\/wp-content\/uploads\/2022\/01\/pic-8-1.png 700w, http:\/\/www.pasadenahoy.com\/primero\/wp-content\/uploads\/2022\/01\/pic-8-1-300x162.png 300w, http:\/\/www.pasadenahoy.com\/primero\/wp-content\/uploads\/2022\/01\/pic-8-1-241x130.png 241w, http:\/\/www.pasadenahoy.com\/primero\/wp-content\/uploads\/2022\/01\/pic-8-1-333x180.png 333w, http:\/\/www.pasadenahoy.com\/primero\/wp-content\/uploads\/2022\/01\/pic-8-1-360x194.png 360w\" sizes=\"100vw\" \/><\/figure><\/figure>\n\n\n\n<p>Pasadena Community Partners organizar\u00e1 la celebraci\u00f3n de inicio del Mes de la Historia Negra a las 9 a. m. el martes 1 de febrero en Perry&#8217;s Joint.<\/p>\n\n\n\n<p>El caf\u00e9 social reunir\u00e1 a l\u00edderes comunitarios, defensores y lugare\u00f1os para una celebraci\u00f3n de inicio \u00edntima y significativa del Mes de la Historia Negra. En todo el pa\u00eds, febrero es reconocido como el Mes de la Historia Negra. Una celebraci\u00f3n anual de los logros de los afroamericanos y un momento para reconocer su papel central en la historia de los Estados Unidos.<\/p>\n\n\n\n<p>Desde el anuncio de la cancelaci\u00f3n del Desfile Anual de la Historia Afroamericana de la ciudad, \u201cha habido una sensaci\u00f3n tan profunda de desesperanza que se apodera de nuestra juventud y nuestra comunidad\u201d, dijo Christy Zamani, coorganizadora del evento y directora ejecutiva de DayOne. Agregando: \u201cA todos nos vendr\u00eda bien un poco de inspiraci\u00f3n y conexi\u00f3n\u201d.<\/p>\n\n\n\n<p>Reflexionando sobre lo que habr\u00eda sido el 40\u00ba Desfile Anual, la conversaci\u00f3n de la ma\u00f1ana honrar\u00e1 al dos veces Gran Mariscal Michael Zinzun. Zinzun era un miembro querido y venerado de la comunidad. Conocido por su b\u00fasqueda de la justicia social y los movimientos de derechos civiles en Pasadena e internacionalmente.<\/p>\n\n\n\n<p>Una pel\u00edcula documental \u201cZinzun A Revolutionary Activist\u201d basada en su vida y defensa producida por Pasadena African American Film Foundation (paaffoundation.org) se estrenar\u00e1 en l\u00ednea el 14 de febrero. Seguido de una proyecci\u00f3n de 4p en persona el domingo 20 de febrero en Boston Court Pasadena.<\/p>\n\n\n\n<p>La conversaci\u00f3n ser\u00e1 moderada por James Farr, presentador del premiado programa nacional The Conversation Live. Los oradores destacados compartir\u00e1n por qu\u00e9 hacen lo que hacen, c\u00f3mo planean celebrar, cu\u00e1l es su esperanza para nuestra comunidad y qu\u00e9 creen que se necesitar\u00e1 para llegar all\u00ed.<\/p>\n\n\n\n<p>Perry&#8217;s Joint est\u00e1 ubicado en 2051 Lincoln Ave en Pasadena y los invitados deben llegar a las 8:45 para disfrutar de una taza de caf\u00e9 y refrigerios por la ma\u00f1ana. La reuni\u00f3n se llevar\u00e1 a cabo al aire libre en el patio de ChapCare. Se requieren m\u00e1scaras.<\/p>\n\n\n\n<p>Para m\u00e1s informaci\u00f3n llame a: Christy Zamani 626-529-4470<\/p>\n","protected":false},"excerpt":{"rendered":"<p>Pasadena Community Partners organizar\u00e1 la celebraci\u00f3n de inicio del Mes de la Historia Negra a las 9 a. m. el martes 1 de febrero en Perry&#8217;s Joint. El caf\u00e9 social reunir\u00e1 a l\u00edderes comunitarios, defensores y lugare\u00f1os para una celebraci\u00f3n de inicio \u00edntima y significativa del Mes de la Historia Negra. En todo el pa\u00eds, febrero es reconocido como el Mes de la Historia Negra. Una celebraci\u00f3n anual de los logros de los afroamericanos y un momento para reconocer su [&hellip;]<\/p>\n","protected":false},"author":4,"featured_media":0,"comment_status":"open","ping_status":"closed","sticky":false,"template":"","format":"standard","meta":[],"categories":[4],"tags":[],"acf":[],"_links":{"self":[{"href":"http:\/\/www.pasadenahoy.com\/primero\/wp-json\/wp\/v2\/posts\/14147"}],"collection":[{"href":"http:\/\/www.pasadenahoy.com\/primero\/wp-json\/wp\/v2\/posts"}],"about":[{"href":"http:\/\/www.pasadenahoy.com\/primero\/wp-json\/wp\/v2\/types\/post"}],"author":[{"embeddable":true,"href":"http:\/\/www.pasadenahoy.com\/primero\/wp-json\/wp\/v2\/users\/4"}],"replies":[{"embeddable":true,"href":"http:\/\/www.pasadenahoy.com\/primero\/wp-json\/wp\/v2\/comments?post=14147"}],"version-history":[{"count":2,"href":"http:\/\/www.pasadenahoy.com\/primero\/wp-json\/wp\/v2\/posts\/14147\/revisions"}],"predecessor-version":[{"id":14150,"href":"http:\/\/www.pasadenahoy.com\/primero\/wp-json\/wp\/v2\/posts\/14147\/revisions\/14150"}],"wp:attachment":[{"href":"http:\/\/www.pasadenahoy.com\/primero\/wp-json\/wp\/v2\/media?parent=14147"}],"wp:term":[{"taxonomy":"category","embeddable":true,"href":"http:\/\/www.pasadenahoy.com\/primero\/wp-json\/wp\/v2\/categories?post=14147"},{"taxonomy":"post_tag","embeddable":true,"href":"http:\/\/www.pasadenahoy.com\/primero\/wp-json\/wp\/v2\/tags?post=14147"}],"curies":[{"name":"wp","href":"https:\/\/api.w.org\/{rel}","templated":true}]}}