{"id":14151,"date":"2022-01-31T15:50:38","date_gmt":"2022-01-31T15:50:38","guid":{"rendered":"http:\/\/www.pasadenahoy.com\/primero\/?p=14151"},"modified":"2022-01-31T15:50:39","modified_gmt":"2022-01-31T15:50:39","slug":"celebracion-de-una-semana-de-las-escuelas-catolicas-en-curso","status":"publish","type":"post","link":"http:\/\/www.pasadenahoy.com\/primero\/la-comunidad\/celebracion-de-una-semana-de-las-escuelas-catolicas-en-curso\/","title":{"rendered":"Celebraci\u00f3n de una semana de las escuelas cat\u00f3licas en curso"},"content":{"rendered":"\n<figure class=\"wp-block-image alignnone size-large\"><figure class=\"alignnone\"><img loading=\"lazy\" width=\"700\" height=\"378\" src=\"http:\/\/www.pasadenahoy.com\/primero\/wp-content\/uploads\/2022\/01\/pic-9-4.jpg\" alt=\"\" class=\"wp-image-14152\" srcset=\"http:\/\/www.pasadenahoy.com\/primero\/wp-content\/uploads\/2022\/01\/pic-9-4.jpg 700w, http:\/\/www.pasadenahoy.com\/primero\/wp-content\/uploads\/2022\/01\/pic-9-4-300x162.jpg 300w, http:\/\/www.pasadenahoy.com\/primero\/wp-content\/uploads\/2022\/01\/pic-9-4-241x130.jpg 241w, http:\/\/www.pasadenahoy.com\/primero\/wp-content\/uploads\/2022\/01\/pic-9-4-333x180.jpg 333w, http:\/\/www.pasadenahoy.com\/primero\/wp-content\/uploads\/2022\/01\/pic-9-4-360x194.jpg 360w\" sizes=\"100vw\" \/><\/figure><\/figure>\n\n\n\n<p>La Semana de las Escuelas Cat\u00f3licas comenz\u00f3 el domingo y contin\u00faa hasta el s\u00e1bado con celebraciones presenciales y virtuales para los estudiantes y sus familias, los miembros de la iglesia y el p\u00fablico en general.<\/p>\n\n\n\n<p>El tema de este a\u00f1o es \u201cEscuelas Cat\u00f3licas: Fe. Excelencia. Servicio.&#8221; Las actividades incluir\u00e1n misas especiales, jornadas de puertas abiertas y una variedad de actividades especiales para los estudiantes.<\/p>\n\n\n\n<p>Los eventos est\u00e1n planeados en las escuelas cat\u00f3licas locales en Pasadena.<\/p>\n\n\n\n<p>Hay seis dentro de los l\u00edmites de la ciudad: la escuela cat\u00f3lica Saint Andrew, la escuela Asunci\u00f3n de la Sant\u00edsima Virgen Mar\u00eda, la escuela Mayfield Senior del Santo Ni\u00f1o Jes\u00fas, la escuela Mayfield Junior, la escuela secundaria La Salle y la escuela St. Philip The Apostle.<\/p>\n\n\n\n<p>Para la Arquidi\u00f3cesis de Los \u00c1ngeles, que abarca escuelas en los condados de Los \u00c1ngeles, Ventura y Santa B\u00e1rbara, la celebraci\u00f3n de una semana tambi\u00e9n reconocer\u00e1 su \u00e9xito en el crecimiento de la poblaci\u00f3n estudiantil, la respuesta a la pandemia de coronavirus y la planificaci\u00f3n de mejoras en el campus.<\/p>\n\n\n\n<p>\u201cHemos experimentado un aumento del 2,6% en todo el sistema en la inscripci\u00f3n, el crecimiento del rendimiento acad\u00e9mico y muchas de nuestras escuelas han recibido subvenciones para realizar mejoras en las instalaciones y agregar nuevos programas acad\u00e9micos para nuestros estudiantes\u201d, dijo Paul Escala, director s\u00e9nior y superintendente de Escuelas Cat\u00f3licas.<\/p>\n\n\n\n<p>\u201cSi bien estos han sido tiempos dif\u00edciles debido a la pandemia, nuestras escuelas aceptaron el desaf\u00edo al hacer una transici\u00f3n efectiva al aprendizaje a distancia y luego regresar a las clases presenciales de manera segura. El \u00e9xito de nuestras escuelas cat\u00f3licas es un testimonio del arduo trabajo y la dedicaci\u00f3n de nuestros estudiantes, maestros, personal y familias\u201d.<\/p>\n\n\n\n<p>Escala dijo que durante la pandemia, la Arquidi\u00f3cesis trabaj\u00f3 con los departamentos locales de salud p\u00fablica para suministrar a las escuelas m\u00e1s de 300,000 N95 y m\u00e1scaras quir\u00fargicas, m\u00e1s de 40,000 pruebas r\u00e1pidas y brindar acceso a pruebas en el campus.<\/p>\n\n\n\n<p>Durante la celebraci\u00f3n de una semana, los miembros de la Arquidi\u00f3cesis planean recitar oraciones especiales por el bienestar de la naci\u00f3n y honrar a los maestros, padres y trabajadores esenciales. Los estudiantes participar\u00e1n en deportes y actividades de trabajo en equipo en el campus y actividades de servicio en la comunidad.<\/p>\n\n\n\n<p>Hay m\u00e1s informaci\u00f3n disponible en<a href=\"http:\/\/lacatholicschools.org\/\"> lacatholicschools.org,<\/a> en Instagram en <a href=\"http:\/\/instagram.com\/catholicedla\">instagram.com\/catholicedla<\/a> o en Facebook en <a href=\"http:\/\/facebook.com\/catholicedla\">facebook.com\/catholicedla.<\/a><\/p>\n","protected":false},"excerpt":{"rendered":"<p>La Semana de las Escuelas Cat\u00f3licas comenz\u00f3 el domingo y contin\u00faa hasta el s\u00e1bado con celebraciones presenciales y virtuales para los estudiantes y sus familias, los miembros de la iglesia y el p\u00fablico en general. El tema de este a\u00f1o es \u201cEscuelas Cat\u00f3licas: Fe. Excelencia. Servicio.&#8221; Las actividades incluir\u00e1n misas especiales, jornadas de puertas abiertas y una variedad de actividades especiales para los estudiantes. Los eventos est\u00e1n planeados en las escuelas cat\u00f3licas locales en Pasadena. Hay seis dentro de los [&hellip;]<\/p>\n","protected":false},"author":4,"featured_media":0,"comment_status":"open","ping_status":"closed","sticky":false,"template":"","format":"standard","meta":[],"categories":[4],"tags":[],"acf":[],"_links":{"self":[{"href":"http:\/\/www.pasadenahoy.com\/primero\/wp-json\/wp\/v2\/posts\/14151"}],"collection":[{"href":"http:\/\/www.pasadenahoy.com\/primero\/wp-json\/wp\/v2\/posts"}],"about":[{"href":"http:\/\/www.pasadenahoy.com\/primero\/wp-json\/wp\/v2\/types\/post"}],"author":[{"embeddable":true,"href":"http:\/\/www.pasadenahoy.com\/primero\/wp-json\/wp\/v2\/users\/4"}],"replies":[{"embeddable":true,"href":"http:\/\/www.pasadenahoy.com\/primero\/wp-json\/wp\/v2\/comments?post=14151"}],"version-history":[{"count":2,"href":"http:\/\/www.pasadenahoy.com\/primero\/wp-json\/wp\/v2\/posts\/14151\/revisions"}],"predecessor-version":[{"id":14154,"href":"http:\/\/www.pasadenahoy.com\/primero\/wp-json\/wp\/v2\/posts\/14151\/revisions\/14154"}],"wp:attachment":[{"href":"http:\/\/www.pasadenahoy.com\/primero\/wp-json\/wp\/v2\/media?parent=14151"}],"wp:term":[{"taxonomy":"category","embeddable":true,"href":"http:\/\/www.pasadenahoy.com\/primero\/wp-json\/wp\/v2\/categories?post=14151"},{"taxonomy":"post_tag","embeddable":true,"href":"http:\/\/www.pasadenahoy.com\/primero\/wp-json\/wp\/v2\/tags?post=14151"}],"curies":[{"name":"wp","href":"https:\/\/api.w.org\/{rel}","templated":true}]}}